{"id":11913,"date":"2023-09-28T23:43:00","date_gmt":"2023-09-28T23:43:00","guid":{"rendered":"https:\/\/nuestrostories.com\/?p=11913"},"modified":"2023-11-07T18:03:02","modified_gmt":"2023-11-07T18:03:02","slug":"estas-leyendas-latinas-nos-dejaron-demasiado-pronto-la-ai-los-trajo-de-vuelta-para-una-foto-mas","status":"publish","type":"post","link":"https:\/\/nuestrostories.com\/es\/2023\/09\/estas-leyendas-latinas-nos-dejaron-demasiado-pronto-la-ai-los-trajo-de-vuelta-para-una-foto-mas\/","title":{"rendered":"Estas leyendas latinas nos dejaron demasiado pronto. La AI los trajo de vuelta para una foto m\u00e1s"},"content":{"rendered":"\n<p><em>Ilustraciones de Nuestro Stories<\/em><\/p>\n\n\n\n<p>Muchas celebridades han sido unificadores globales, resonando entre individuos y culturas enteras en todo el mundo&#8230; y dejando impactos duraderos que abarcan generaciones.<\/p>\n\n\n\n<p>De este mundo de celebridades VIP procede un selecto grupo de visionarios latinos de talento excepcional que han creado legados perdurables llenos de significado y recuerdos entra\u00f1ables.<\/p>\n\n\n\n<p>Pensemos en la brillantez art\u00edstica de Frida Kahlo, en el legado musical de Selena o en el genio c\u00f3mico de Freddie Prinze.<\/p>\n\n\n\n<p>Desgraciadamente, algunas de estas estrellas latinas \u2013que introdujeron a tantos en sus perspectivas revolucionarias y han dejado una huella indeleble en la escena mundial\u2013 nos dejaron demasiado pronto. Debido a tragedias imprevistas en sus cortas vidas, estos personajes latinos VIP, a lo largo de los a\u00f1os, partieron de entre nosotros demasiado pronto.<\/p>\n\n\n\n<p>Mediante el empleo de la tecnolog\u00eda moderna y la aplicaci\u00f3n de un nuevo software de inteligencia artificial, imaginamos y recreamos a algunos de los personajes latinos m\u00e1s renombrados como versiones de s\u00ed mismos con m\u00e1s edad.<\/p>\n\n\n\n<p>S\u00e9 testigo de la transformaci\u00f3n en la apariencia de nuestras queridas celebridades latinas, imaginando c\u00f3mo ser\u00edan si hubieran seguido formando parte de nuestro mundo un poco m\u00e1s.<\/p>\n\n\n\n<p><strong>Ritchie Valens, a los 82 a\u00f1os<\/strong><\/p>\n\n\n\n<figure class=\"wp-block-image\"><img decoding=\"async\" src=\"https:\/\/nuestrostories.com\/wp-content\/uploads\/2023\/09\/Valens-at-82.jpg\" alt=\"\" class=\"wp-image-9283\"\/><\/figure>\n\n\n\n<p>Richie Valens, cuyo nombre real era Richard Steven Valenzuela, surgi\u00f3 como una figura clave en los primeros d\u00edas del rock and roll estadounidense a la tierna edad de 17 a\u00f1os. Originario de Pacoima, California, el cantante, compositor y guitarrista mexicano-estadounidense es famoso por convertir una canci\u00f3n folcl\u00f3rica mexicana en espa\u00f1ol, \u00abLa Bamba\u00bb, en una sensaci\u00f3n del rock and roll (incluida en el lado B de su \u00e9xito \u00abDonna\u00bb). Desgraciadamente, pereci\u00f3 en un accidente de aviaci\u00f3n a los 18 a\u00f1os, en 1959. Imagin\u00e1ndolo hoy, Richie Valens tendr\u00eda 82 a\u00f1os.<\/p>\n\n\n\n<p><strong>Freddie Prinze, a los 69 a\u00f1os<\/strong><\/p>\n\n\n\n<figure class=\"wp-block-image\"><img decoding=\"async\" src=\"https:\/\/nuestrostories.com\/wp-content\/uploads\/2023\/09\/Prinze-at-69.jpg\" alt=\"\" class=\"wp-image-9281\"\/><\/figure>\n\n\n\n<p>Freddie Prinze, cuyo nombre completo era Frederick Karl Pruetzel, vive en la mente de muchos como Chico Rodr\u00edguez, de la comedia de televisi\u00f3n <em>Chico and the Man<\/em>. Este comediante y actor de ascendencia puertorrique\u00f1a naci\u00f3 en la Ciudad de Nueva York en 1954. Tr\u00e1gicamente, la vida de Prinze estuvo marcada por luchas personales y, el 29 de enero de 1977, a los 22 a\u00f1os, Prinze muri\u00f3 de una herida de bala autoinfligida. Esta imagen de AI lo muestra a los 69 a\u00f1os, como si estuviera vivo hoy.<\/p>\n\n\n\n<p><strong>Roberto Clemente, a los 89 a\u00f1os<\/strong><\/p>\n\n\n\n<figure class=\"wp-block-image size-full\"><img loading=\"lazy\" decoding=\"async\" width=\"700\" height=\"629\" src=\"https:\/\/nuestrostories.com\/wp-content\/uploads\/2023\/10\/Clemente-at-89-e1695940965137.jpeg\" alt=\"\" class=\"wp-image-11313\" srcset=\"https:\/\/nuestrostories.com\/wp-content\/uploads\/2023\/10\/Clemente-at-89-e1695940965137.jpeg 700w, https:\/\/nuestrostories.com\/wp-content\/uploads\/2023\/10\/Clemente-at-89-e1695940965137-278x250.jpeg 278w\" sizes=\"auto, (max-width: 700px) 100vw, 700px\" \/><\/figure>\n\n\n\n<p>Roberto Clemente fue un jugador profesional de beisbol puertorrique\u00f1o considerado uno de los mejores jardineros de la historia de la Major League Baseball (MLB). La leyenda del beisbol naci\u00f3 en 1934 en Carolina, Puerto Rico, y jug\u00f3 como jardinero derecho para los Pittsburgh Pirates durante la mayor parte de su carrera. Fuera del terreno de juego, tambi\u00e9n fue un activista muy activo en materia de derechos civiles, discriminaci\u00f3n y ayuda a los menos afortunados, no solo en su pa\u00eds natal, sino en toda Latinoam\u00e9rica. El humanitario muri\u00f3 en un accidente de avi\u00f3n en 1972, cuando se dirig\u00eda a entregar suministros a las v\u00edctimas de un terremoto en Nicaragua. Aqu\u00ed aparece en una imagen si hoy tuviera 82 a\u00f1os.<\/p>\n\n\n\n<p><strong>Selena Quintanilla-P\u00e9rez, a los 52 a\u00f1os<\/strong><\/p>\n\n\n\n<figure class=\"wp-block-image size-full\"><img loading=\"lazy\" decoding=\"async\" width=\"1024\" height=\"1024\" src=\"https:\/\/nuestrostories.com\/wp-content\/uploads\/2023\/10\/Selena-1024x1024-1.png\" alt=\"\" class=\"wp-image-11315\" srcset=\"https:\/\/nuestrostories.com\/wp-content\/uploads\/2023\/10\/Selena-1024x1024-1.png 1024w, https:\/\/nuestrostories.com\/wp-content\/uploads\/2023\/10\/Selena-1024x1024-1-250x250.png 250w, https:\/\/nuestrostories.com\/wp-content\/uploads\/2023\/10\/Selena-1024x1024-1-150x150.png 150w, https:\/\/nuestrostories.com\/wp-content\/uploads\/2023\/10\/Selena-1024x1024-1-768x768.png 768w, https:\/\/nuestrostories.com\/wp-content\/uploads\/2023\/10\/Selena-1024x1024-1-24x24.png 24w, https:\/\/nuestrostories.com\/wp-content\/uploads\/2023\/10\/Selena-1024x1024-1-48x48.png 48w, https:\/\/nuestrostories.com\/wp-content\/uploads\/2023\/10\/Selena-1024x1024-1-96x96.png 96w, https:\/\/nuestrostories.com\/wp-content\/uploads\/2023\/10\/Selena-1024x1024-1-300x300.png 300w\" sizes=\"auto, (max-width: 1024px) 100vw, 1024px\" \/><\/figure>\n\n\n\n<p>Selena Quintanilla-P\u00e9rez, m\u00e1s conocida como Selena, fue una figura mexicano-estadounidense transformadora en la industria musical. Nacida en 1971 en Lake Jackson, Texas, se gan\u00f3 el t\u00edtulo de \u00abReina de la M\u00fasica Texana\u00bb y fue aclamada por Billboard como una de las \u00abMejores artistas latinas de todos los tiempos\u00bb. Tr\u00e1gicamente, su vida se trunc\u00f3 en 1995 a los 23 a\u00f1os. Imag\u00ednate a Selena hoy, habr\u00eda tenido 52 a\u00f1os.<\/p>\n\n\n\n<p><strong>Pedro Infante, a los 76 a\u00f1os<\/strong><\/p>\n\n\n\n<figure class=\"wp-block-image size-full\"><img loading=\"lazy\" decoding=\"async\" width=\"1024\" height=\"1024\" src=\"https:\/\/nuestrostories.com\/wp-content\/uploads\/2023\/10\/Infante-at-76.jpeg\" alt=\"Infante-at-76\" class=\"wp-image-11317\" srcset=\"https:\/\/nuestrostories.com\/wp-content\/uploads\/2023\/10\/Infante-at-76.jpeg 1024w, https:\/\/nuestrostories.com\/wp-content\/uploads\/2023\/10\/Infante-at-76-250x250.jpeg 250w, https:\/\/nuestrostories.com\/wp-content\/uploads\/2023\/10\/Infante-at-76-150x150.jpeg 150w, https:\/\/nuestrostories.com\/wp-content\/uploads\/2023\/10\/Infante-at-76-768x768.jpeg 768w, https:\/\/nuestrostories.com\/wp-content\/uploads\/2023\/10\/Infante-at-76-24x24.jpeg 24w, https:\/\/nuestrostories.com\/wp-content\/uploads\/2023\/10\/Infante-at-76-48x48.jpeg 48w, https:\/\/nuestrostories.com\/wp-content\/uploads\/2023\/10\/Infante-at-76-96x96.jpeg 96w, https:\/\/nuestrostories.com\/wp-content\/uploads\/2023\/10\/Infante-at-76-300x300.jpeg 300w\" sizes=\"auto, (max-width: 1024px) 100vw, 1024px\" \/><\/figure>\n\n\n\n<p>Jos\u00e9 Pedro Infante Cruz, conocido simplemente como Pedro Infante, fue un cantante y actor mexicano icono de la \u00c9poca de Oro del cine mexicano. Su carrera cinematogr\u00e1fica comenz\u00f3 en 1939, con apariciones en m\u00e1s de 60 pel\u00edculas, y grab\u00f3 unas 350 canciones, logros que le valieron una estrella en el Paseo de la Fama de Hollywood en 1993. Nacido en 1917, en M\u00e9xico, Infante muri\u00f3 tr\u00e1gicamente en 1957, en un accidente a\u00e9reo durante un vuelo que \u00e9l mismo pilotaba rumbo a Ciudad de M\u00e9xico. Este retrato es de Infante imaginado a los&nbsp;76 a\u00f1os, o c\u00f3mo habr\u00eda sido su aspecto en 1983.<\/p>\n\n\n\n<p><strong>Frida Kahlo, a los 76 a\u00f1os<\/strong><\/p>\n\n\n\n<figure class=\"wp-block-image size-full\"><img loading=\"lazy\" decoding=\"async\" width=\"630\" height=\"630\" src=\"https:\/\/nuestrostories.com\/wp-content\/uploads\/2023\/10\/Kahlo-at-76.jpeg\" alt=\"Kahlo-at-76\" class=\"wp-image-11319\" srcset=\"https:\/\/nuestrostories.com\/wp-content\/uploads\/2023\/10\/Kahlo-at-76.jpeg 630w, https:\/\/nuestrostories.com\/wp-content\/uploads\/2023\/10\/Kahlo-at-76-250x250.jpeg 250w, https:\/\/nuestrostories.com\/wp-content\/uploads\/2023\/10\/Kahlo-at-76-150x150.jpeg 150w, https:\/\/nuestrostories.com\/wp-content\/uploads\/2023\/10\/Kahlo-at-76-24x24.jpeg 24w, https:\/\/nuestrostories.com\/wp-content\/uploads\/2023\/10\/Kahlo-at-76-48x48.jpeg 48w, https:\/\/nuestrostories.com\/wp-content\/uploads\/2023\/10\/Kahlo-at-76-96x96.jpeg 96w, https:\/\/nuestrostories.com\/wp-content\/uploads\/2023\/10\/Kahlo-at-76-300x300.jpeg 300w\" sizes=\"auto, (max-width: 630px) 100vw, 630px\" \/><\/figure>\n\n\n\n<p>Frida Kahlo es posiblemente la artista mexicana m\u00e1s famosa de la historia y es conocida por su caracter\u00edstico y simb\u00f3lico estilo surrealista. Naci\u00f3 el 6 de julio de 1907 en Coyoac\u00e1n, un barrio de Ciudad de M\u00e9xico. Kahlo es c\u00e9lebre por sus autorretratos cargados de fuerza y emoci\u00f3n, que a menudo mostraban su dolor f\u00edsico y emocional. Frida Kahlo muri\u00f3 el 13 de julio de 1954, a los 47 a\u00f1os, de una embolia pulmonar, una obstrucci\u00f3n de una o m\u00e1s arterias en los pulmones. Al igual que Pedro Infante, Frida probablemente no estar\u00eda viva hoy porque tendr\u00eda 113 a\u00f1os, as\u00ed que pedimos a AI que nos mostrara a Frida a los 76 a\u00f1os, lo que significa que habr\u00eda fallecido a la edad promedio de su \u00e9poca en 1986.<\/p>\n","protected":false},"excerpt":{"rendered":"<p>Ilustraciones de Nuestro Stories Muchas celebridades han sido unificadores globales, resonando entre individuos y culturas enteras en todo el mundo&#8230; y dejando impactos duraderos que abarcan generaciones. De este mundo de celebridades VIP procede un selecto grupo de visionarios latinos de talento excepcional que han creado legados perdurables llenos de significado y recuerdos entra\u00f1ables. Pensemos [&hellip;]<\/p>\n","protected":false},"author":15,"featured_media":11322,"comment_status":"closed","ping_status":"open","sticky":false,"template":"","format":"standard","meta":{"_acf_changed":false,"footnotes":""},"categories":[1281,1284],"tags":[],"class_list":["post-11913","post","type-post","status-publish","format-standard","has-post-thumbnail","hentry","category-featured-es","category-sofia-jones-es"],"acf":[],"yoast_head":"<!-- This site is optimized with the Yoast SEO plugin v27.3 - https:\/\/yoast.com\/product\/yoast-seo-wordpress\/ -->\n<title>Estas leyendas latinas nos dejaron demasiado pronto. La AI los trajo de vuelta para una foto m\u00e1s - Nuestro Stories<\/title>\n<meta name=\"robots\" content=\"index, follow, max-snippet:-1, max-image-preview:large, max-video-preview:-1\" \/>\n<link rel=\"canonical\" href=\"https:\/\/nuestrostories.com\/es\/2023\/09\/estas-leyendas-latinas-nos-dejaron-demasiado-pronto-la-ai-los-trajo-de-vuelta-para-una-foto-mas\/\" \/>\n<meta property=\"og:locale\" content=\"es_ES\" \/>\n<meta property=\"og:type\" content=\"article\" \/>\n<meta property=\"og:title\" content=\"Estas leyendas latinas nos dejaron demasiado pronto. La AI los trajo de vuelta para una foto m\u00e1s - Nuestro Stories\" \/>\n<meta property=\"og:description\" content=\"Ilustraciones de Nuestro Stories Muchas celebridades han sido unificadores globales, resonando entre individuos y culturas enteras en todo el mundo&#8230; y dejando impactos duraderos que abarcan generaciones. De este mundo de celebridades VIP procede un selecto grupo de visionarios latinos de talento excepcional que han creado legados perdurables llenos de significado y recuerdos entra\u00f1ables. Pensemos [&hellip;]\" \/>\n<meta property=\"og:url\" content=\"https:\/\/nuestrostories.com\/es\/2023\/09\/estas-leyendas-latinas-nos-dejaron-demasiado-pronto-la-ai-los-trajo-de-vuelta-para-una-foto-mas\/\" \/>\n<meta property=\"og:site_name\" content=\"Nuestro Stories\" \/>\n<meta property=\"article:published_time\" content=\"2023-09-28T23:43:00+00:00\" \/>\n<meta property=\"article:modified_time\" content=\"2023-11-07T18:03:02+00:00\" \/>\n<meta property=\"og:image\" content=\"https:\/\/nuestrostories.com\/wp-content\/uploads\/2023\/10\/Too-Soon-Story2-1024x683.png\" \/>\n\t<meta property=\"og:image:width\" content=\"1024\" \/>\n\t<meta property=\"og:image:height\" content=\"683\" \/>\n\t<meta property=\"og:image:type\" content=\"image\/png\" \/>\n<meta name=\"author\" content=\"Sofia Jones\" \/>\n<meta name=\"twitter:card\" content=\"summary_large_image\" \/>\n<meta name=\"twitter:label1\" content=\"Escrito por\" \/>\n\t<meta name=\"twitter:data1\" content=\"Sofia Jones\" \/>\n\t<meta name=\"twitter:label2\" content=\"Tiempo de lectura\" \/>\n\t<meta name=\"twitter:data2\" content=\"5 minutos\" \/>\n<script type=\"application\/ld+json\" class=\"yoast-schema-graph\">{\"@context\":\"https:\\\/\\\/schema.org\",\"@graph\":[{\"@type\":\"Article\",\"@id\":\"https:\\\/\\\/nuestrostories.com\\\/es\\\/2023\\\/09\\\/estas-leyendas-latinas-nos-dejaron-demasiado-pronto-la-ai-los-trajo-de-vuelta-para-una-foto-mas\\\/#article\",\"isPartOf\":{\"@id\":\"https:\\\/\\\/nuestrostories.com\\\/es\\\/2023\\\/09\\\/estas-leyendas-latinas-nos-dejaron-demasiado-pronto-la-ai-los-trajo-de-vuelta-para-una-foto-mas\\\/\"},\"author\":{\"name\":\"Sofia Jones\",\"@id\":\"https:\\\/\\\/nuestrostories.com\\\/es\\\/#\\\/schema\\\/person\\\/f7bdc8938bd660adb03324112709fb5a\"},\"headline\":\"Estas leyendas latinas nos dejaron demasiado pronto. La AI los trajo de vuelta para una foto m\u00e1s\",\"datePublished\":\"2023-09-28T23:43:00+00:00\",\"dateModified\":\"2023-11-07T18:03:02+00:00\",\"mainEntityOfPage\":{\"@id\":\"https:\\\/\\\/nuestrostories.com\\\/es\\\/2023\\\/09\\\/estas-leyendas-latinas-nos-dejaron-demasiado-pronto-la-ai-los-trajo-de-vuelta-para-una-foto-mas\\\/\"},\"wordCount\":878,\"publisher\":{\"@id\":\"https:\\\/\\\/nuestrostories.com\\\/es\\\/#organization\"},\"image\":{\"@id\":\"https:\\\/\\\/nuestrostories.com\\\/es\\\/2023\\\/09\\\/estas-leyendas-latinas-nos-dejaron-demasiado-pronto-la-ai-los-trajo-de-vuelta-para-una-foto-mas\\\/#primaryimage\"},\"thumbnailUrl\":\"https:\\\/\\\/nuestrostories.com\\\/wp-content\\\/uploads\\\/2023\\\/10\\\/Too-Soon-Story2.png\",\"articleSection\":[\"FEATURED\",\"Sofia Jones\"],\"inLanguage\":\"es\"},{\"@type\":\"WebPage\",\"@id\":\"https:\\\/\\\/nuestrostories.com\\\/es\\\/2023\\\/09\\\/estas-leyendas-latinas-nos-dejaron-demasiado-pronto-la-ai-los-trajo-de-vuelta-para-una-foto-mas\\\/\",\"url\":\"https:\\\/\\\/nuestrostories.com\\\/es\\\/2023\\\/09\\\/estas-leyendas-latinas-nos-dejaron-demasiado-pronto-la-ai-los-trajo-de-vuelta-para-una-foto-mas\\\/\",\"name\":\"Estas leyendas latinas nos dejaron demasiado pronto. La AI los trajo de vuelta para una foto m\u00e1s - Nuestro Stories\",\"isPartOf\":{\"@id\":\"https:\\\/\\\/nuestrostories.com\\\/es\\\/#website\"},\"primaryImageOfPage\":{\"@id\":\"https:\\\/\\\/nuestrostories.com\\\/es\\\/2023\\\/09\\\/estas-leyendas-latinas-nos-dejaron-demasiado-pronto-la-ai-los-trajo-de-vuelta-para-una-foto-mas\\\/#primaryimage\"},\"image\":{\"@id\":\"https:\\\/\\\/nuestrostories.com\\\/es\\\/2023\\\/09\\\/estas-leyendas-latinas-nos-dejaron-demasiado-pronto-la-ai-los-trajo-de-vuelta-para-una-foto-mas\\\/#primaryimage\"},\"thumbnailUrl\":\"https:\\\/\\\/nuestrostories.com\\\/wp-content\\\/uploads\\\/2023\\\/10\\\/Too-Soon-Story2.png\",\"datePublished\":\"2023-09-28T23:43:00+00:00\",\"dateModified\":\"2023-11-07T18:03:02+00:00\",\"breadcrumb\":{\"@id\":\"https:\\\/\\\/nuestrostories.com\\\/es\\\/2023\\\/09\\\/estas-leyendas-latinas-nos-dejaron-demasiado-pronto-la-ai-los-trajo-de-vuelta-para-una-foto-mas\\\/#breadcrumb\"},\"inLanguage\":\"es\",\"potentialAction\":[{\"@type\":\"ReadAction\",\"target\":[\"https:\\\/\\\/nuestrostories.com\\\/es\\\/2023\\\/09\\\/estas-leyendas-latinas-nos-dejaron-demasiado-pronto-la-ai-los-trajo-de-vuelta-para-una-foto-mas\\\/\"]}]},{\"@type\":\"ImageObject\",\"inLanguage\":\"es\",\"@id\":\"https:\\\/\\\/nuestrostories.com\\\/es\\\/2023\\\/09\\\/estas-leyendas-latinas-nos-dejaron-demasiado-pronto-la-ai-los-trajo-de-vuelta-para-una-foto-mas\\\/#primaryimage\",\"url\":\"https:\\\/\\\/nuestrostories.com\\\/wp-content\\\/uploads\\\/2023\\\/10\\\/Too-Soon-Story2.png\",\"contentUrl\":\"https:\\\/\\\/nuestrostories.com\\\/wp-content\\\/uploads\\\/2023\\\/10\\\/Too-Soon-Story2.png\",\"width\":1910,\"height\":1274,\"caption\":\"Too-Soon-Story2\"},{\"@type\":\"BreadcrumbList\",\"@id\":\"https:\\\/\\\/nuestrostories.com\\\/es\\\/2023\\\/09\\\/estas-leyendas-latinas-nos-dejaron-demasiado-pronto-la-ai-los-trajo-de-vuelta-para-una-foto-mas\\\/#breadcrumb\",\"itemListElement\":[{\"@type\":\"ListItem\",\"position\":1,\"name\":\"Home\",\"item\":\"https:\\\/\\\/nuestrostories.com\\\/es\\\/\"},{\"@type\":\"ListItem\",\"position\":2,\"name\":\"Estas leyendas latinas nos dejaron demasiado pronto. La AI los trajo de vuelta para una foto m\u00e1s\"}]},{\"@type\":\"WebSite\",\"@id\":\"https:\\\/\\\/nuestrostories.com\\\/es\\\/#website\",\"url\":\"https:\\\/\\\/nuestrostories.com\\\/es\\\/\",\"name\":\"Nuestro Stories\",\"description\":\"Latino Heritage. Every Day.\",\"publisher\":{\"@id\":\"https:\\\/\\\/nuestrostories.com\\\/es\\\/#organization\"},\"potentialAction\":[{\"@type\":\"SearchAction\",\"target\":{\"@type\":\"EntryPoint\",\"urlTemplate\":\"https:\\\/\\\/nuestrostories.com\\\/es\\\/?s={search_term_string}\"},\"query-input\":{\"@type\":\"PropertyValueSpecification\",\"valueRequired\":true,\"valueName\":\"search_term_string\"}}],\"inLanguage\":\"es\"},{\"@type\":\"Organization\",\"@id\":\"https:\\\/\\\/nuestrostories.com\\\/es\\\/#organization\",\"name\":\"Nuestro Stories\",\"url\":\"https:\\\/\\\/nuestrostories.com\\\/es\\\/\",\"logo\":{\"@type\":\"ImageObject\",\"inLanguage\":\"es\",\"@id\":\"https:\\\/\\\/nuestrostories.com\\\/es\\\/#\\\/schema\\\/logo\\\/image\\\/\",\"url\":\"https:\\\/\\\/nuestrostories.com\\\/wp-content\\\/uploads\\\/2021\\\/11\\\/Nuestro-Stories-Logo.png\",\"contentUrl\":\"https:\\\/\\\/nuestrostories.com\\\/wp-content\\\/uploads\\\/2021\\\/11\\\/Nuestro-Stories-Logo.png\",\"width\":282,\"height\":118,\"caption\":\"Nuestro Stories\"},\"image\":{\"@id\":\"https:\\\/\\\/nuestrostories.com\\\/es\\\/#\\\/schema\\\/logo\\\/image\\\/\"}},{\"@type\":\"Person\",\"@id\":\"https:\\\/\\\/nuestrostories.com\\\/es\\\/#\\\/schema\\\/person\\\/f7bdc8938bd660adb03324112709fb5a\",\"name\":\"Sofia Jones\",\"image\":{\"@type\":\"ImageObject\",\"inLanguage\":\"es\",\"@id\":\"https:\\\/\\\/nuestrostories.com\\\/wp-content\\\/uploads\\\/2023\\\/05\\\/Sofia-Jones-Nuestro-Stories-Writer-Image-150x150.png\",\"url\":\"https:\\\/\\\/nuestrostories.com\\\/wp-content\\\/uploads\\\/2023\\\/05\\\/Sofia-Jones-Nuestro-Stories-Writer-Image-150x150.png\",\"contentUrl\":\"https:\\\/\\\/nuestrostories.com\\\/wp-content\\\/uploads\\\/2023\\\/05\\\/Sofia-Jones-Nuestro-Stories-Writer-Image-150x150.png\",\"caption\":\"Sofia Jones\"},\"description\":\"When Sofia Jones is not interviewing Latinx stars for her iHeartRadio podcast, she can be found fostering (and cuddling with) cute small dogs for a South Florida animal rescue nonprofit.\",\"url\":\"https:\\\/\\\/nuestrostories.com\\\/es\\\/author\\\/sofia-jones\\\/\"}]}<\/script>\n<!-- \/ Yoast SEO plugin. -->","yoast_head_json":{"title":"Estas leyendas latinas nos dejaron demasiado pronto. La AI los trajo de vuelta para una foto m\u00e1s - Nuestro Stories","robots":{"index":"index","follow":"follow","max-snippet":"max-snippet:-1","max-image-preview":"max-image-preview:large","max-video-preview":"max-video-preview:-1"},"canonical":"https:\/\/nuestrostories.com\/es\/2023\/09\/estas-leyendas-latinas-nos-dejaron-demasiado-pronto-la-ai-los-trajo-de-vuelta-para-una-foto-mas\/","og_locale":"es_ES","og_type":"article","og_title":"Estas leyendas latinas nos dejaron demasiado pronto. La AI los trajo de vuelta para una foto m\u00e1s - Nuestro Stories","og_description":"Ilustraciones de Nuestro Stories Muchas celebridades han sido unificadores globales, resonando entre individuos y culturas enteras en todo el mundo&#8230; y dejando impactos duraderos que abarcan generaciones. De este mundo de celebridades VIP procede un selecto grupo de visionarios latinos de talento excepcional que han creado legados perdurables llenos de significado y recuerdos entra\u00f1ables. Pensemos [&hellip;]","og_url":"https:\/\/nuestrostories.com\/es\/2023\/09\/estas-leyendas-latinas-nos-dejaron-demasiado-pronto-la-ai-los-trajo-de-vuelta-para-una-foto-mas\/","og_site_name":"Nuestro Stories","article_published_time":"2023-09-28T23:43:00+00:00","article_modified_time":"2023-11-07T18:03:02+00:00","og_image":[{"width":1024,"height":683,"url":"https:\/\/nuestrostories.com\/wp-content\/uploads\/2023\/10\/Too-Soon-Story2-1024x683.png","type":"image\/png"}],"author":"Sofia Jones","twitter_card":"summary_large_image","twitter_misc":{"Escrito por":"Sofia Jones","Tiempo de lectura":"5 minutos"},"schema":{"@context":"https:\/\/schema.org","@graph":[{"@type":"Article","@id":"https:\/\/nuestrostories.com\/es\/2023\/09\/estas-leyendas-latinas-nos-dejaron-demasiado-pronto-la-ai-los-trajo-de-vuelta-para-una-foto-mas\/#article","isPartOf":{"@id":"https:\/\/nuestrostories.com\/es\/2023\/09\/estas-leyendas-latinas-nos-dejaron-demasiado-pronto-la-ai-los-trajo-de-vuelta-para-una-foto-mas\/"},"author":{"name":"Sofia Jones","@id":"https:\/\/nuestrostories.com\/es\/#\/schema\/person\/f7bdc8938bd660adb03324112709fb5a"},"headline":"Estas leyendas latinas nos dejaron demasiado pronto. La AI los trajo de vuelta para una foto m\u00e1s","datePublished":"2023-09-28T23:43:00+00:00","dateModified":"2023-11-07T18:03:02+00:00","mainEntityOfPage":{"@id":"https:\/\/nuestrostories.com\/es\/2023\/09\/estas-leyendas-latinas-nos-dejaron-demasiado-pronto-la-ai-los-trajo-de-vuelta-para-una-foto-mas\/"},"wordCount":878,"publisher":{"@id":"https:\/\/nuestrostories.com\/es\/#organization"},"image":{"@id":"https:\/\/nuestrostories.com\/es\/2023\/09\/estas-leyendas-latinas-nos-dejaron-demasiado-pronto-la-ai-los-trajo-de-vuelta-para-una-foto-mas\/#primaryimage"},"thumbnailUrl":"https:\/\/nuestrostories.com\/wp-content\/uploads\/2023\/10\/Too-Soon-Story2.png","articleSection":["FEATURED","Sofia Jones"],"inLanguage":"es"},{"@type":"WebPage","@id":"https:\/\/nuestrostories.com\/es\/2023\/09\/estas-leyendas-latinas-nos-dejaron-demasiado-pronto-la-ai-los-trajo-de-vuelta-para-una-foto-mas\/","url":"https:\/\/nuestrostories.com\/es\/2023\/09\/estas-leyendas-latinas-nos-dejaron-demasiado-pronto-la-ai-los-trajo-de-vuelta-para-una-foto-mas\/","name":"Estas leyendas latinas nos dejaron demasiado pronto. La AI los trajo de vuelta para una foto m\u00e1s - Nuestro Stories","isPartOf":{"@id":"https:\/\/nuestrostories.com\/es\/#website"},"primaryImageOfPage":{"@id":"https:\/\/nuestrostories.com\/es\/2023\/09\/estas-leyendas-latinas-nos-dejaron-demasiado-pronto-la-ai-los-trajo-de-vuelta-para-una-foto-mas\/#primaryimage"},"image":{"@id":"https:\/\/nuestrostories.com\/es\/2023\/09\/estas-leyendas-latinas-nos-dejaron-demasiado-pronto-la-ai-los-trajo-de-vuelta-para-una-foto-mas\/#primaryimage"},"thumbnailUrl":"https:\/\/nuestrostories.com\/wp-content\/uploads\/2023\/10\/Too-Soon-Story2.png","datePublished":"2023-09-28T23:43:00+00:00","dateModified":"2023-11-07T18:03:02+00:00","breadcrumb":{"@id":"https:\/\/nuestrostories.com\/es\/2023\/09\/estas-leyendas-latinas-nos-dejaron-demasiado-pronto-la-ai-los-trajo-de-vuelta-para-una-foto-mas\/#breadcrumb"},"inLanguage":"es","potentialAction":[{"@type":"ReadAction","target":["https:\/\/nuestrostories.com\/es\/2023\/09\/estas-leyendas-latinas-nos-dejaron-demasiado-pronto-la-ai-los-trajo-de-vuelta-para-una-foto-mas\/"]}]},{"@type":"ImageObject","inLanguage":"es","@id":"https:\/\/nuestrostories.com\/es\/2023\/09\/estas-leyendas-latinas-nos-dejaron-demasiado-pronto-la-ai-los-trajo-de-vuelta-para-una-foto-mas\/#primaryimage","url":"https:\/\/nuestrostories.com\/wp-content\/uploads\/2023\/10\/Too-Soon-Story2.png","contentUrl":"https:\/\/nuestrostories.com\/wp-content\/uploads\/2023\/10\/Too-Soon-Story2.png","width":1910,"height":1274,"caption":"Too-Soon-Story2"},{"@type":"BreadcrumbList","@id":"https:\/\/nuestrostories.com\/es\/2023\/09\/estas-leyendas-latinas-nos-dejaron-demasiado-pronto-la-ai-los-trajo-de-vuelta-para-una-foto-mas\/#breadcrumb","itemListElement":[{"@type":"ListItem","position":1,"name":"Home","item":"https:\/\/nuestrostories.com\/es\/"},{"@type":"ListItem","position":2,"name":"Estas leyendas latinas nos dejaron demasiado pronto. La AI los trajo de vuelta para una foto m\u00e1s"}]},{"@type":"WebSite","@id":"https:\/\/nuestrostories.com\/es\/#website","url":"https:\/\/nuestrostories.com\/es\/","name":"Nuestro Stories","description":"Latino Heritage. Every Day.","publisher":{"@id":"https:\/\/nuestrostories.com\/es\/#organization"},"potentialAction":[{"@type":"SearchAction","target":{"@type":"EntryPoint","urlTemplate":"https:\/\/nuestrostories.com\/es\/?s={search_term_string}"},"query-input":{"@type":"PropertyValueSpecification","valueRequired":true,"valueName":"search_term_string"}}],"inLanguage":"es"},{"@type":"Organization","@id":"https:\/\/nuestrostories.com\/es\/#organization","name":"Nuestro Stories","url":"https:\/\/nuestrostories.com\/es\/","logo":{"@type":"ImageObject","inLanguage":"es","@id":"https:\/\/nuestrostories.com\/es\/#\/schema\/logo\/image\/","url":"https:\/\/nuestrostories.com\/wp-content\/uploads\/2021\/11\/Nuestro-Stories-Logo.png","contentUrl":"https:\/\/nuestrostories.com\/wp-content\/uploads\/2021\/11\/Nuestro-Stories-Logo.png","width":282,"height":118,"caption":"Nuestro Stories"},"image":{"@id":"https:\/\/nuestrostories.com\/es\/#\/schema\/logo\/image\/"}},{"@type":"Person","@id":"https:\/\/nuestrostories.com\/es\/#\/schema\/person\/f7bdc8938bd660adb03324112709fb5a","name":"Sofia Jones","image":{"@type":"ImageObject","inLanguage":"es","@id":"https:\/\/nuestrostories.com\/wp-content\/uploads\/2023\/05\/Sofia-Jones-Nuestro-Stories-Writer-Image-150x150.png","url":"https:\/\/nuestrostories.com\/wp-content\/uploads\/2023\/05\/Sofia-Jones-Nuestro-Stories-Writer-Image-150x150.png","contentUrl":"https:\/\/nuestrostories.com\/wp-content\/uploads\/2023\/05\/Sofia-Jones-Nuestro-Stories-Writer-Image-150x150.png","caption":"Sofia Jones"},"description":"When Sofia Jones is not interviewing Latinx stars for her iHeartRadio podcast, she can be found fostering (and cuddling with) cute small dogs for a South Florida animal rescue nonprofit.","url":"https:\/\/nuestrostories.com\/es\/author\/sofia-jones\/"}]}},"_links":{"self":[{"href":"https:\/\/nuestrostories.com\/es\/wp-json\/wp\/v2\/posts\/11913","targetHints":{"allow":["GET"]}}],"collection":[{"href":"https:\/\/nuestrostories.com\/es\/wp-json\/wp\/v2\/posts"}],"about":[{"href":"https:\/\/nuestrostories.com\/es\/wp-json\/wp\/v2\/types\/post"}],"author":[{"embeddable":true,"href":"https:\/\/nuestrostories.com\/es\/wp-json\/wp\/v2\/users\/15"}],"replies":[{"embeddable":true,"href":"https:\/\/nuestrostories.com\/es\/wp-json\/wp\/v2\/comments?post=11913"}],"version-history":[{"count":1,"href":"https:\/\/nuestrostories.com\/es\/wp-json\/wp\/v2\/posts\/11913\/revisions"}],"predecessor-version":[{"id":11914,"href":"https:\/\/nuestrostories.com\/es\/wp-json\/wp\/v2\/posts\/11913\/revisions\/11914"}],"wp:featuredmedia":[{"embeddable":true,"href":"https:\/\/nuestrostories.com\/es\/wp-json\/wp\/v2\/media\/11322"}],"wp:attachment":[{"href":"https:\/\/nuestrostories.com\/es\/wp-json\/wp\/v2\/media?parent=11913"}],"wp:term":[{"taxonomy":"category","embeddable":true,"href":"https:\/\/nuestrostories.com\/es\/wp-json\/wp\/v2\/categories?post=11913"},{"taxonomy":"post_tag","embeddable":true,"href":"https:\/\/nuestrostories.com\/es\/wp-json\/wp\/v2\/tags?post=11913"}],"curies":[{"name":"wp","href":"https:\/\/api.w.org\/{rel}","templated":true}]}}