{"id":11916,"date":"2023-09-25T20:04:46","date_gmt":"2023-09-25T20:04:46","guid":{"rendered":"https:\/\/nuestrostories.com\/?p=11916"},"modified":"2023-11-07T18:25:15","modified_gmt":"2023-11-07T18:25:15","slug":"la-torre-de-la-libertad-de-miami-se-hace-nacional","status":"publish","type":"post","link":"https:\/\/nuestrostories.com\/es\/2023\/09\/la-torre-de-la-libertad-de-miami-se-hace-nacional\/","title":{"rendered":"La Torre de la Libertad de Miami se hace nacional"},"content":{"rendered":"\n<p> <\/p>\n\n\n\n<p>Cr\u00e9dito: <a href=\"https:\/\/www.flickr.com\/photos\/190269253@N07\/50741592372\">Rob Olivera<\/a><\/p>\n\n\n\n<p>La serie digital de PBS <em>Visions of America &#8211; All Stories, All People, All Places<\/em> regresa ma\u00f1ana 27 de septiembre a las 8 pm ET con un nuevo episodio dedicado a la emblem\u00e1tica Torre de la Libertad de Miami.<\/p>\n\n\n<p><iframe loading=\"lazy\" title=\"Visions of America: A Journey to the Freedom Tower - Stories of Cuban Migration to Miami\" width=\"800\" height=\"450\" src=\"https:\/\/www.youtube.com\/embed\/5SoavtArdD8?feature=oembed\" frameborder=\"0\" allow=\"accelerometer; autoplay; clipboard-write; encrypted-media; gyroscope; picture-in-picture; web-share\" referrerpolicy=\"strict-origin-when-cross-origin\" allowfullscreen><\/iframe><\/p>\n\n\n\n<p>Conocida desde hace tiempo como el equivalente de Miami a la Estatua de la Libertad, la torre lleva en pie casi 100 a\u00f1os y ha acogido a refugiados cubanos que hu\u00edan de su pa\u00eds de origen desde la Revoluci\u00f3n Cubana en 1959.<\/p>\n\n\n\n<p>Construida originalmente en 1925 como sede del peri\u00f3dico Miami News &amp; Metropolis, el dise\u00f1o original de la Torre de la Libertad se inspir\u00f3 en la torre de la Giralda de la Catedral de Sevilla en Espa\u00f1a.<\/p>\n\n\n\n<p>En la d\u00e9cada de 1960, sirvi\u00f3 como centro de procesamiento de refugiados cubanos que hu\u00edan del r\u00e9gimen comunista del dictador Fidel Castro. Miles de refugiados cubanos pasaron por la Torre de la Libertad durante esta \u00e9poca, buscando asilo y una nueva vida en Estados Unidos.<\/p>\n\n\n\n<p>En 2008, la Torre de la Libertad fue declarada Monumento Hist\u00f3rico Nacional. Hoy alberga la Experiencia del Exilio Cubano y el Museo de Arte y Dise\u00f1o del Miami Dade College. El edificio tambi\u00e9n sirve como centro cultural y educativo, conmemorando la experiencia cubanoamericana y su importancia en la historia de Miami.<\/p>\n\n\n\n<p>En el episodio, los espectadores explorar\u00e1n el interior de la Torre de la Libertad con la presidenta del Miami Dade College, Madeline Pumariega. Tambi\u00e9n los acompa\u00f1ar\u00e1 la historiadora y escritora ganadora del Premio Pulitzer Ada Ferrer, autora de <em>Cuba: An American History<\/em>, quien tambi\u00e9n \u00abcompartir\u00e1 sobre la experiencia de los inmigrantes cubanos en Estados Unidos\u00bb.<\/p>\n\n\n\n<p>El programa tambi\u00e9n se adentrar\u00e1 en La Peque\u00f1a Habana y su famoso restaurante Versailles, mientras presenta a los telespectadores a l\u00edderes de la comunidad de Miami como A\u00edda Levit\u00e1n, presidenta de <a href=\"https:\/\/artesmiami.org\/\">ArtesMiami<\/a>; Alberto Ibarg\u00fcen, presidente de The Knight Foundation, y Sam Verdeja,fundador de Facts About Cuban Exiles. Estos l\u00edderes culturales hablan del crecimiento de Miami, adem\u00e1s del pasado, presente y futuro \u00fanicos de la ciudad.<\/p>\n\n\n\n<p><strong>Historia \u2018bajo el radar\u2019<\/strong><\/p>\n\n\n\n<p>Esta serie digital, una producci\u00f3n conjunta del Instituto de Servicios de Museos y Bibliotecas (IMLS) y PBS Books, se cre\u00f3 para conmemorar el sesquicentenario (250 a\u00f1os) de la independencia de Estados Unidos.&nbsp; Explora nuestra naci\u00f3n posterior a la pandemia con un renovado inter\u00e9s por los lugares, las personas y las historias que han contribuido al Estados Unidos en que vivimos hoy.<\/p>\n\n\n\n<p>\u00abLa expresi\u00f3n civil es muy necesaria hoy en d\u00eda, y nuestras instituciones c\u00edvicas y culturales m\u00e1s fiables deben desempe\u00f1ar el papel central de su restauraci\u00f3n\u00bb, dijo Crosby Kemper, director del IMLS y presentador del programa de PBS, sobre su serie.<\/p>\n\n\n\n<p> <\/p>\n\n\n\n\n\n<p> <\/p>\n\n\n\n\n\n<div class=\"autor-box\">\n<p><a href=\"https:\/\/nuestrostories.com\/category\/sofia-jones\/\"><\/a><\/p>\n<\/div>\n\n\n\n<div class=\"autor-box__text\">\n<p><\/p>\n<\/div>\n\n\n\n<div class=\"autor-close-tag\">&nbsp;<\/div>\n","protected":false},"excerpt":{"rendered":"<p>Cr\u00e9dito: Rob Olivera La serie digital de PBS Visions of America &#8211; All Stories, All People, All Places regresa ma\u00f1ana 27 de septiembre a las 8 pm ET con un nuevo episodio dedicado a la emblem\u00e1tica Torre de la Libertad de Miami. Conocida desde hace tiempo como el equivalente de Miami a la Estatua de [&hellip;]<\/p>\n","protected":false},"author":6,"featured_media":10657,"comment_status":"closed","ping_status":"open","sticky":false,"template":"","format":"standard","meta":{"_acf_changed":false,"footnotes":""},"categories":[1280],"tags":[],"class_list":["post-11916","post","type-post","status-publish","format-standard","has-post-thumbnail","hentry","category-cathy-writer-es"],"acf":[],"yoast_head":"<!-- This site is optimized with the Yoast SEO plugin v27.3 - https:\/\/yoast.com\/product\/yoast-seo-wordpress\/ -->\n<title>La Torre de la Libertad de Miami se hace nacional - Nuestro Stories<\/title>\n<meta name=\"robots\" content=\"index, follow, max-snippet:-1, max-image-preview:large, max-video-preview:-1\" \/>\n<link rel=\"canonical\" href=\"https:\/\/nuestrostories.com\/es\/2023\/09\/la-torre-de-la-libertad-de-miami-se-hace-nacional\/\" \/>\n<meta property=\"og:locale\" content=\"es_ES\" \/>\n<meta property=\"og:type\" content=\"article\" \/>\n<meta property=\"og:title\" content=\"La Torre de la Libertad de Miami se hace nacional - Nuestro Stories\" \/>\n<meta property=\"og:description\" content=\"Cr\u00e9dito: Rob Olivera La serie digital de PBS Visions of America &#8211; All Stories, All People, All Places regresa ma\u00f1ana 27 de septiembre a las 8 pm ET con un nuevo episodio dedicado a la emblem\u00e1tica Torre de la Libertad de Miami. Conocida desde hace tiempo como el equivalente de Miami a la Estatua de [&hellip;]\" \/>\n<meta property=\"og:url\" content=\"https:\/\/nuestrostories.com\/es\/2023\/09\/la-torre-de-la-libertad-de-miami-se-hace-nacional\/\" \/>\n<meta property=\"og:site_name\" content=\"Nuestro Stories\" \/>\n<meta property=\"article:published_time\" content=\"2023-09-25T20:04:46+00:00\" \/>\n<meta property=\"article:modified_time\" content=\"2023-11-07T18:25:15+00:00\" \/>\n<meta property=\"og:image\" content=\"https:\/\/nuestrostories.com\/wp-content\/uploads\/2023\/09\/Miami-freedom-tower-story-1024x683.png\" \/>\n\t<meta property=\"og:image:width\" content=\"1024\" \/>\n\t<meta property=\"og:image:height\" content=\"683\" \/>\n\t<meta property=\"og:image:type\" content=\"image\/png\" \/>\n<meta name=\"author\" content=\"Catherine Jones\" \/>\n<meta name=\"twitter:card\" content=\"summary_large_image\" \/>\n<meta name=\"twitter:label1\" content=\"Escrito por\" \/>\n\t<meta name=\"twitter:data1\" content=\"Catherine Jones\" \/>\n\t<meta name=\"twitter:label2\" content=\"Tiempo de lectura\" \/>\n\t<meta name=\"twitter:data2\" content=\"2 minutos\" \/>\n<script type=\"application\/ld+json\" class=\"yoast-schema-graph\">{\"@context\":\"https:\\\/\\\/schema.org\",\"@graph\":[{\"@type\":\"Article\",\"@id\":\"https:\\\/\\\/nuestrostories.com\\\/es\\\/2023\\\/09\\\/la-torre-de-la-libertad-de-miami-se-hace-nacional\\\/#article\",\"isPartOf\":{\"@id\":\"https:\\\/\\\/nuestrostories.com\\\/es\\\/2023\\\/09\\\/la-torre-de-la-libertad-de-miami-se-hace-nacional\\\/\"},\"author\":{\"name\":\"Catherine Jones\",\"@id\":\"https:\\\/\\\/nuestrostories.com\\\/es\\\/#\\\/schema\\\/person\\\/dc43e0beaa8e71393bfdd7e799a4e9d8\"},\"headline\":\"La Torre de la Libertad de Miami se hace nacional\",\"datePublished\":\"2023-09-25T20:04:46+00:00\",\"dateModified\":\"2023-11-07T18:25:15+00:00\",\"mainEntityOfPage\":{\"@id\":\"https:\\\/\\\/nuestrostories.com\\\/es\\\/2023\\\/09\\\/la-torre-de-la-libertad-de-miami-se-hace-nacional\\\/\"},\"wordCount\":490,\"publisher\":{\"@id\":\"https:\\\/\\\/nuestrostories.com\\\/es\\\/#organization\"},\"image\":{\"@id\":\"https:\\\/\\\/nuestrostories.com\\\/es\\\/2023\\\/09\\\/la-torre-de-la-libertad-de-miami-se-hace-nacional\\\/#primaryimage\"},\"thumbnailUrl\":\"https:\\\/\\\/nuestrostories.com\\\/wp-content\\\/uploads\\\/2023\\\/09\\\/Miami-freedom-tower-story.png\",\"articleSection\":[\"Cathy\"],\"inLanguage\":\"es\"},{\"@type\":\"WebPage\",\"@id\":\"https:\\\/\\\/nuestrostories.com\\\/es\\\/2023\\\/09\\\/la-torre-de-la-libertad-de-miami-se-hace-nacional\\\/\",\"url\":\"https:\\\/\\\/nuestrostories.com\\\/es\\\/2023\\\/09\\\/la-torre-de-la-libertad-de-miami-se-hace-nacional\\\/\",\"name\":\"La Torre de la Libertad de Miami se hace nacional - Nuestro Stories\",\"isPartOf\":{\"@id\":\"https:\\\/\\\/nuestrostories.com\\\/es\\\/#website\"},\"primaryImageOfPage\":{\"@id\":\"https:\\\/\\\/nuestrostories.com\\\/es\\\/2023\\\/09\\\/la-torre-de-la-libertad-de-miami-se-hace-nacional\\\/#primaryimage\"},\"image\":{\"@id\":\"https:\\\/\\\/nuestrostories.com\\\/es\\\/2023\\\/09\\\/la-torre-de-la-libertad-de-miami-se-hace-nacional\\\/#primaryimage\"},\"thumbnailUrl\":\"https:\\\/\\\/nuestrostories.com\\\/wp-content\\\/uploads\\\/2023\\\/09\\\/Miami-freedom-tower-story.png\",\"datePublished\":\"2023-09-25T20:04:46+00:00\",\"dateModified\":\"2023-11-07T18:25:15+00:00\",\"breadcrumb\":{\"@id\":\"https:\\\/\\\/nuestrostories.com\\\/es\\\/2023\\\/09\\\/la-torre-de-la-libertad-de-miami-se-hace-nacional\\\/#breadcrumb\"},\"inLanguage\":\"es\",\"potentialAction\":[{\"@type\":\"ReadAction\",\"target\":[\"https:\\\/\\\/nuestrostories.com\\\/es\\\/2023\\\/09\\\/la-torre-de-la-libertad-de-miami-se-hace-nacional\\\/\"]}]},{\"@type\":\"ImageObject\",\"inLanguage\":\"es\",\"@id\":\"https:\\\/\\\/nuestrostories.com\\\/es\\\/2023\\\/09\\\/la-torre-de-la-libertad-de-miami-se-hace-nacional\\\/#primaryimage\",\"url\":\"https:\\\/\\\/nuestrostories.com\\\/wp-content\\\/uploads\\\/2023\\\/09\\\/Miami-freedom-tower-story.png\",\"contentUrl\":\"https:\\\/\\\/nuestrostories.com\\\/wp-content\\\/uploads\\\/2023\\\/09\\\/Miami-freedom-tower-story.png\",\"width\":1910,\"height\":1274},{\"@type\":\"BreadcrumbList\",\"@id\":\"https:\\\/\\\/nuestrostories.com\\\/es\\\/2023\\\/09\\\/la-torre-de-la-libertad-de-miami-se-hace-nacional\\\/#breadcrumb\",\"itemListElement\":[{\"@type\":\"ListItem\",\"position\":1,\"name\":\"Home\",\"item\":\"https:\\\/\\\/nuestrostories.com\\\/es\\\/\"},{\"@type\":\"ListItem\",\"position\":2,\"name\":\"La Torre de la Libertad de Miami se hace nacional\"}]},{\"@type\":\"WebSite\",\"@id\":\"https:\\\/\\\/nuestrostories.com\\\/es\\\/#website\",\"url\":\"https:\\\/\\\/nuestrostories.com\\\/es\\\/\",\"name\":\"Nuestro Stories\",\"description\":\"Latino Heritage. Every Day.\",\"publisher\":{\"@id\":\"https:\\\/\\\/nuestrostories.com\\\/es\\\/#organization\"},\"potentialAction\":[{\"@type\":\"SearchAction\",\"target\":{\"@type\":\"EntryPoint\",\"urlTemplate\":\"https:\\\/\\\/nuestrostories.com\\\/es\\\/?s={search_term_string}\"},\"query-input\":{\"@type\":\"PropertyValueSpecification\",\"valueRequired\":true,\"valueName\":\"search_term_string\"}}],\"inLanguage\":\"es\"},{\"@type\":\"Organization\",\"@id\":\"https:\\\/\\\/nuestrostories.com\\\/es\\\/#organization\",\"name\":\"Nuestro Stories\",\"url\":\"https:\\\/\\\/nuestrostories.com\\\/es\\\/\",\"logo\":{\"@type\":\"ImageObject\",\"inLanguage\":\"es\",\"@id\":\"https:\\\/\\\/nuestrostories.com\\\/es\\\/#\\\/schema\\\/logo\\\/image\\\/\",\"url\":\"https:\\\/\\\/nuestrostories.com\\\/wp-content\\\/uploads\\\/2021\\\/11\\\/Nuestro-Stories-Logo.png\",\"contentUrl\":\"https:\\\/\\\/nuestrostories.com\\\/wp-content\\\/uploads\\\/2021\\\/11\\\/Nuestro-Stories-Logo.png\",\"width\":282,\"height\":118,\"caption\":\"Nuestro Stories\"},\"image\":{\"@id\":\"https:\\\/\\\/nuestrostories.com\\\/es\\\/#\\\/schema\\\/logo\\\/image\\\/\"}},{\"@type\":\"Person\",\"@id\":\"https:\\\/\\\/nuestrostories.com\\\/es\\\/#\\\/schema\\\/person\\\/dc43e0beaa8e71393bfdd7e799a4e9d8\",\"name\":\"Catherine Jones\",\"image\":{\"@type\":\"ImageObject\",\"inLanguage\":\"es\",\"@id\":\"https:\\\/\\\/nuestrostories.com\\\/wp-content\\\/uploads\\\/2023\\\/10\\\/IMG_20231112_232913-96x96.jpg\",\"url\":\"https:\\\/\\\/nuestrostories.com\\\/wp-content\\\/uploads\\\/2023\\\/10\\\/IMG_20231112_232913-96x96.jpg\",\"contentUrl\":\"https:\\\/\\\/nuestrostories.com\\\/wp-content\\\/uploads\\\/2023\\\/10\\\/IMG_20231112_232913-96x96.jpg\",\"caption\":\"Catherine Jones\"},\"description\":\"Cathy\u2019s writing has appeared in The Washington Post Magazine, USA Weekend, People, Romper.com, The Miami New Times, and dozens of other media publications and online sites. Her opinion pieces have appeared on Today.com, El Tiempo Latino, and more.\",\"url\":\"https:\\\/\\\/nuestrostories.com\\\/es\\\/author\\\/cathy\\\/\"}]}<\/script>\n<!-- \/ Yoast SEO plugin. -->","yoast_head_json":{"title":"La Torre de la Libertad de Miami se hace nacional - Nuestro Stories","robots":{"index":"index","follow":"follow","max-snippet":"max-snippet:-1","max-image-preview":"max-image-preview:large","max-video-preview":"max-video-preview:-1"},"canonical":"https:\/\/nuestrostories.com\/es\/2023\/09\/la-torre-de-la-libertad-de-miami-se-hace-nacional\/","og_locale":"es_ES","og_type":"article","og_title":"La Torre de la Libertad de Miami se hace nacional - Nuestro Stories","og_description":"Cr\u00e9dito: Rob Olivera La serie digital de PBS Visions of America &#8211; All Stories, All People, All Places regresa ma\u00f1ana 27 de septiembre a las 8 pm ET con un nuevo episodio dedicado a la emblem\u00e1tica Torre de la Libertad de Miami. Conocida desde hace tiempo como el equivalente de Miami a la Estatua de [&hellip;]","og_url":"https:\/\/nuestrostories.com\/es\/2023\/09\/la-torre-de-la-libertad-de-miami-se-hace-nacional\/","og_site_name":"Nuestro Stories","article_published_time":"2023-09-25T20:04:46+00:00","article_modified_time":"2023-11-07T18:25:15+00:00","og_image":[{"width":1024,"height":683,"url":"https:\/\/nuestrostories.com\/wp-content\/uploads\/2023\/09\/Miami-freedom-tower-story-1024x683.png","type":"image\/png"}],"author":"Catherine Jones","twitter_card":"summary_large_image","twitter_misc":{"Escrito por":"Catherine Jones","Tiempo de lectura":"2 minutos"},"schema":{"@context":"https:\/\/schema.org","@graph":[{"@type":"Article","@id":"https:\/\/nuestrostories.com\/es\/2023\/09\/la-torre-de-la-libertad-de-miami-se-hace-nacional\/#article","isPartOf":{"@id":"https:\/\/nuestrostories.com\/es\/2023\/09\/la-torre-de-la-libertad-de-miami-se-hace-nacional\/"},"author":{"name":"Catherine Jones","@id":"https:\/\/nuestrostories.com\/es\/#\/schema\/person\/dc43e0beaa8e71393bfdd7e799a4e9d8"},"headline":"La Torre de la Libertad de Miami se hace nacional","datePublished":"2023-09-25T20:04:46+00:00","dateModified":"2023-11-07T18:25:15+00:00","mainEntityOfPage":{"@id":"https:\/\/nuestrostories.com\/es\/2023\/09\/la-torre-de-la-libertad-de-miami-se-hace-nacional\/"},"wordCount":490,"publisher":{"@id":"https:\/\/nuestrostories.com\/es\/#organization"},"image":{"@id":"https:\/\/nuestrostories.com\/es\/2023\/09\/la-torre-de-la-libertad-de-miami-se-hace-nacional\/#primaryimage"},"thumbnailUrl":"https:\/\/nuestrostories.com\/wp-content\/uploads\/2023\/09\/Miami-freedom-tower-story.png","articleSection":["Cathy"],"inLanguage":"es"},{"@type":"WebPage","@id":"https:\/\/nuestrostories.com\/es\/2023\/09\/la-torre-de-la-libertad-de-miami-se-hace-nacional\/","url":"https:\/\/nuestrostories.com\/es\/2023\/09\/la-torre-de-la-libertad-de-miami-se-hace-nacional\/","name":"La Torre de la Libertad de Miami se hace nacional - Nuestro Stories","isPartOf":{"@id":"https:\/\/nuestrostories.com\/es\/#website"},"primaryImageOfPage":{"@id":"https:\/\/nuestrostories.com\/es\/2023\/09\/la-torre-de-la-libertad-de-miami-se-hace-nacional\/#primaryimage"},"image":{"@id":"https:\/\/nuestrostories.com\/es\/2023\/09\/la-torre-de-la-libertad-de-miami-se-hace-nacional\/#primaryimage"},"thumbnailUrl":"https:\/\/nuestrostories.com\/wp-content\/uploads\/2023\/09\/Miami-freedom-tower-story.png","datePublished":"2023-09-25T20:04:46+00:00","dateModified":"2023-11-07T18:25:15+00:00","breadcrumb":{"@id":"https:\/\/nuestrostories.com\/es\/2023\/09\/la-torre-de-la-libertad-de-miami-se-hace-nacional\/#breadcrumb"},"inLanguage":"es","potentialAction":[{"@type":"ReadAction","target":["https:\/\/nuestrostories.com\/es\/2023\/09\/la-torre-de-la-libertad-de-miami-se-hace-nacional\/"]}]},{"@type":"ImageObject","inLanguage":"es","@id":"https:\/\/nuestrostories.com\/es\/2023\/09\/la-torre-de-la-libertad-de-miami-se-hace-nacional\/#primaryimage","url":"https:\/\/nuestrostories.com\/wp-content\/uploads\/2023\/09\/Miami-freedom-tower-story.png","contentUrl":"https:\/\/nuestrostories.com\/wp-content\/uploads\/2023\/09\/Miami-freedom-tower-story.png","width":1910,"height":1274},{"@type":"BreadcrumbList","@id":"https:\/\/nuestrostories.com\/es\/2023\/09\/la-torre-de-la-libertad-de-miami-se-hace-nacional\/#breadcrumb","itemListElement":[{"@type":"ListItem","position":1,"name":"Home","item":"https:\/\/nuestrostories.com\/es\/"},{"@type":"ListItem","position":2,"name":"La Torre de la Libertad de Miami se hace nacional"}]},{"@type":"WebSite","@id":"https:\/\/nuestrostories.com\/es\/#website","url":"https:\/\/nuestrostories.com\/es\/","name":"Nuestro Stories","description":"Latino Heritage. Every Day.","publisher":{"@id":"https:\/\/nuestrostories.com\/es\/#organization"},"potentialAction":[{"@type":"SearchAction","target":{"@type":"EntryPoint","urlTemplate":"https:\/\/nuestrostories.com\/es\/?s={search_term_string}"},"query-input":{"@type":"PropertyValueSpecification","valueRequired":true,"valueName":"search_term_string"}}],"inLanguage":"es"},{"@type":"Organization","@id":"https:\/\/nuestrostories.com\/es\/#organization","name":"Nuestro Stories","url":"https:\/\/nuestrostories.com\/es\/","logo":{"@type":"ImageObject","inLanguage":"es","@id":"https:\/\/nuestrostories.com\/es\/#\/schema\/logo\/image\/","url":"https:\/\/nuestrostories.com\/wp-content\/uploads\/2021\/11\/Nuestro-Stories-Logo.png","contentUrl":"https:\/\/nuestrostories.com\/wp-content\/uploads\/2021\/11\/Nuestro-Stories-Logo.png","width":282,"height":118,"caption":"Nuestro Stories"},"image":{"@id":"https:\/\/nuestrostories.com\/es\/#\/schema\/logo\/image\/"}},{"@type":"Person","@id":"https:\/\/nuestrostories.com\/es\/#\/schema\/person\/dc43e0beaa8e71393bfdd7e799a4e9d8","name":"Catherine Jones","image":{"@type":"ImageObject","inLanguage":"es","@id":"https:\/\/nuestrostories.com\/wp-content\/uploads\/2023\/10\/IMG_20231112_232913-96x96.jpg","url":"https:\/\/nuestrostories.com\/wp-content\/uploads\/2023\/10\/IMG_20231112_232913-96x96.jpg","contentUrl":"https:\/\/nuestrostories.com\/wp-content\/uploads\/2023\/10\/IMG_20231112_232913-96x96.jpg","caption":"Catherine Jones"},"description":"Cathy\u2019s writing has appeared in The Washington Post Magazine, USA Weekend, People, Romper.com, The Miami New Times, and dozens of other media publications and online sites. Her opinion pieces have appeared on Today.com, El Tiempo Latino, and more.","url":"https:\/\/nuestrostories.com\/es\/author\/cathy\/"}]}},"_links":{"self":[{"href":"https:\/\/nuestrostories.com\/es\/wp-json\/wp\/v2\/posts\/11916","targetHints":{"allow":["GET"]}}],"collection":[{"href":"https:\/\/nuestrostories.com\/es\/wp-json\/wp\/v2\/posts"}],"about":[{"href":"https:\/\/nuestrostories.com\/es\/wp-json\/wp\/v2\/types\/post"}],"author":[{"embeddable":true,"href":"https:\/\/nuestrostories.com\/es\/wp-json\/wp\/v2\/users\/6"}],"replies":[{"embeddable":true,"href":"https:\/\/nuestrostories.com\/es\/wp-json\/wp\/v2\/comments?post=11916"}],"version-history":[{"count":2,"href":"https:\/\/nuestrostories.com\/es\/wp-json\/wp\/v2\/posts\/11916\/revisions"}],"predecessor-version":[{"id":11918,"href":"https:\/\/nuestrostories.com\/es\/wp-json\/wp\/v2\/posts\/11916\/revisions\/11918"}],"wp:featuredmedia":[{"embeddable":true,"href":"https:\/\/nuestrostories.com\/es\/wp-json\/wp\/v2\/media\/10657"}],"wp:attachment":[{"href":"https:\/\/nuestrostories.com\/es\/wp-json\/wp\/v2\/media?parent=11916"}],"wp:term":[{"taxonomy":"category","embeddable":true,"href":"https:\/\/nuestrostories.com\/es\/wp-json\/wp\/v2\/categories?post=11916"},{"taxonomy":"post_tag","embeddable":true,"href":"https:\/\/nuestrostories.com\/es\/wp-json\/wp\/v2\/tags?post=11916"}],"curies":[{"name":"wp","href":"https:\/\/api.w.org\/{rel}","templated":true}]}}