{"id":11971,"date":"2023-09-18T12:00:50","date_gmt":"2023-09-18T12:00:50","guid":{"rendered":"https:\/\/nuestrostories.com\/?p=11971"},"modified":"2023-11-08T21:29:48","modified_gmt":"2023-11-08T21:29:48","slug":"francamente-los-latinos-en-el-espacio-son-destacables","status":"publish","type":"post","link":"https:\/\/nuestrostories.com\/es\/2023\/09\/francamente-los-latinos-en-el-espacio-son-destacables\/","title":{"rendered":"\u00bfFrancamente? Los latinos en el espacio son DESTACABLES"},"content":{"rendered":"\n<p><i><em>Ilustraci\u00f3n de Nuestro Stories<\/em><\/i><\/p>\n\n\n\n<p>Frank Rubio, astronauta de la NASA y oriundo de Miami, acaba de batir el r\u00e9cord del vuelo espacial m\u00e1s largo de Estados Unidos. Pero, como muchos saben, no es algo que se propusiera hacer cuando dej\u00f3 la Tierra hace un a\u00f1o.<\/p>\n\n\n\n<p>Rubio, como informa Associated Press, \u00ablleg\u00f3  en septiembre de 2022 con dos rusos para una estancia rutinaria de seis meses. &#8230; Pero su estancia se duplic\u00f3 despu\u00e9s de que su c\u00e1psula Soyuz sufriera una fuga de refrigerante mientras estaba estacionada en la estaci\u00f3n espacial\u00bb.<\/p>\n\n\n\n<p>Es un hito del que Rubio dice sentirse ahora orgulloso.<\/p>\n\n\n\n<p>\u00abMe considero afortunado y honrado de poder representar a la agencia y a nuestro pa\u00eds\u00bb, explic\u00f3 el astronauta durante una reciente conversaci\u00f3n con el administrador de la NASA, Bill Nelson, disponible \u00edntegramente en la plataforma de streaming YouTube. \u00ab&#8230; En algunos aspectos, ha sido un reto incre\u00edble, pero, en otros, ha sido una bendici\u00f3n incre\u00edble\u00bb.<\/p>\n\n\n\n<p><a href=\"https:\/\/www.instagram.com\/p\/CqLvFuDu7qo\/?img_index=1\">Hora de bocadillos en el espacio<\/a><\/p>\n\n\n\n<p>Rubio, el primer salvadore\u00f1o-estadounidense en el espacio, tambi\u00e9n habl\u00f3 con los medios sobre su misi\u00f3n r\u00e9cord a bordo de la Estaci\u00f3n Espacial Internacional durante una llamada entre la Tierra y el espacio el 19 de septiembre. Fue retransmitida en vivo por <a href=\"https:\/\/www.nasa.gov\/multimedia\/nasatv\/\">NASA Television<\/a>, la <a href=\"https:\/\/www.nasa.gov\/nasaapp\">NASA App<\/a> y el sitio web de la agencia.<\/p>\n\n\n\n<p>Durante m\u00e1s de 22 a\u00f1os, astronautas \u2013como Rubio de la Expedici\u00f3n 68 de la NASA\u2013 han vivido y trabajado a bordo de la estaci\u00f3n espacial, probando tecnolog\u00edas, haciendo ciencia y desarrollando las habilidades necesarias para explorar m\u00e1s lejos de la Tierra.<\/p>\n\n\n\n<p>Rubio, quien naci\u00f3 en Los \u00c1ngeles, dice que considera a Miami su ciudad natal (tras graduarse en Sunset High School, seg\u00fan la emisora de noticias de Miami WPLG).<\/p>\n\n\n\n<p>Fue seleccionado por la NASA para formar parte de la generaci\u00f3n de candidatos a astronautas de 2017 y se gradu\u00f3 dos a\u00f1os despu\u00e9s. Despeg\u00f3 a bordo de la Soyuz MS-22 de Roscosmos el 21 de septiembre de 2022. Este es su primer viaje al espacio. Adem\u00e1s de astronauta, Rubio es m\u00e9dico y teniente coronel del Ej\u00e9rcito de Estados Unidos.<\/p>\n\n\n\n<p>Rubio habr\u00e1 pasado un total de 371 d\u00edas en el espacio, m\u00e1s de dos semanas m\u00e1s que <a href=\"https:\/\/nuestrostories.com\/wp-admin\/post-new.php\">Mark Save<\/a> Vande Hei, el anterior poseedor del r\u00e9cord de Estados Unidos en un solo vuelo espacial, informa AP.<\/p>\n\n\n\n<p>Manteni\u00e9ndose positivo desde el espacio, Rubio tuvo unas palabras para los so\u00f1adores de la Tierra: \u00abEs incre\u00edble ser un so\u00f1ador&#8230; pero tambi\u00e9n es genial ser un hacedor. &#8230; En alg\u00fan momento, debes tener un plan para alcanzar esos objetivos. &#8230; tienes que ir d\u00eda a d\u00eda, paso a paso &#8230;\u00bb.<\/p>\n\n\n\n<div class=\"autor-box__text\">\n<p><\/p>\n<\/div>\n\n\n\n<div class=\"autor-close-tag\">&nbsp;<\/div>\n","protected":false},"excerpt":{"rendered":"<p>Ilustraci\u00f3n de Nuestro Stories Frank Rubio, astronauta de la NASA y oriundo de Miami, acaba de batir el r\u00e9cord del vuelo espacial m\u00e1s largo de Estados Unidos. Pero, como muchos saben, no es algo que se propusiera hacer cuando dej\u00f3 la Tierra hace un a\u00f1o. Rubio, como informa Associated Press, \u00ablleg\u00f3 en septiembre de 2022 [&hellip;]<\/p>\n","protected":false},"author":6,"featured_media":10645,"comment_status":"closed","ping_status":"open","sticky":false,"template":"","format":"standard","meta":{"_acf_changed":false,"footnotes":""},"categories":[1280,1281],"tags":[],"class_list":["post-11971","post","type-post","status-publish","format-standard","has-post-thumbnail","hentry","category-cathy-writer-es","category-featured-es"],"acf":[],"yoast_head":"<!-- This site is optimized with the Yoast SEO plugin v27.3 - https:\/\/yoast.com\/product\/yoast-seo-wordpress\/ -->\n<title>\u00bfFrancamente? Los latinos en el espacio son DESTACABLES - Nuestro Stories<\/title>\n<meta name=\"robots\" content=\"index, follow, max-snippet:-1, max-image-preview:large, max-video-preview:-1\" \/>\n<link rel=\"canonical\" href=\"https:\/\/nuestrostories.com\/es\/2023\/09\/francamente-los-latinos-en-el-espacio-son-destacables\/\" \/>\n<meta property=\"og:locale\" content=\"es_ES\" \/>\n<meta property=\"og:type\" content=\"article\" \/>\n<meta property=\"og:title\" content=\"\u00bfFrancamente? Los latinos en el espacio son DESTACABLES - Nuestro Stories\" \/>\n<meta property=\"og:description\" content=\"Ilustraci\u00f3n de Nuestro Stories Frank Rubio, astronauta de la NASA y oriundo de Miami, acaba de batir el r\u00e9cord del vuelo espacial m\u00e1s largo de Estados Unidos. Pero, como muchos saben, no es algo que se propusiera hacer cuando dej\u00f3 la Tierra hace un a\u00f1o. Rubio, como informa Associated Press, \u00ablleg\u00f3 en septiembre de 2022 [&hellip;]\" \/>\n<meta property=\"og:url\" content=\"https:\/\/nuestrostories.com\/es\/2023\/09\/francamente-los-latinos-en-el-espacio-son-destacables\/\" \/>\n<meta property=\"og:site_name\" content=\"Nuestro Stories\" \/>\n<meta property=\"article:published_time\" content=\"2023-09-18T12:00:50+00:00\" \/>\n<meta property=\"article:modified_time\" content=\"2023-11-08T21:29:48+00:00\" \/>\n<meta property=\"og:image\" content=\"https:\/\/nuestrostories.com\/wp-content\/uploads\/2023\/09\/frnacisco-rubio-image-for-story-1024x683.png\" \/>\n\t<meta property=\"og:image:width\" content=\"1024\" \/>\n\t<meta property=\"og:image:height\" content=\"683\" \/>\n\t<meta property=\"og:image:type\" content=\"image\/png\" \/>\n<meta name=\"author\" content=\"Catherine Jones\" \/>\n<meta name=\"twitter:card\" content=\"summary_large_image\" \/>\n<meta name=\"twitter:label1\" content=\"Escrito por\" \/>\n\t<meta name=\"twitter:data1\" content=\"Catherine Jones\" \/>\n\t<meta name=\"twitter:label2\" content=\"Tiempo de lectura\" \/>\n\t<meta name=\"twitter:data2\" content=\"2 minutos\" \/>\n<script type=\"application\/ld+json\" class=\"yoast-schema-graph\">{\"@context\":\"https:\\\/\\\/schema.org\",\"@graph\":[{\"@type\":\"Article\",\"@id\":\"https:\\\/\\\/nuestrostories.com\\\/es\\\/2023\\\/09\\\/francamente-los-latinos-en-el-espacio-son-destacables\\\/#article\",\"isPartOf\":{\"@id\":\"https:\\\/\\\/nuestrostories.com\\\/es\\\/2023\\\/09\\\/francamente-los-latinos-en-el-espacio-son-destacables\\\/\"},\"author\":{\"name\":\"Catherine Jones\",\"@id\":\"https:\\\/\\\/nuestrostories.com\\\/es\\\/#\\\/schema\\\/person\\\/dc43e0beaa8e71393bfdd7e799a4e9d8\"},\"headline\":\"\u00bfFrancamente? Los latinos en el espacio son DESTACABLES\",\"datePublished\":\"2023-09-18T12:00:50+00:00\",\"dateModified\":\"2023-11-08T21:29:48+00:00\",\"mainEntityOfPage\":{\"@id\":\"https:\\\/\\\/nuestrostories.com\\\/es\\\/2023\\\/09\\\/francamente-los-latinos-en-el-espacio-son-destacables\\\/\"},\"wordCount\":471,\"publisher\":{\"@id\":\"https:\\\/\\\/nuestrostories.com\\\/es\\\/#organization\"},\"image\":{\"@id\":\"https:\\\/\\\/nuestrostories.com\\\/es\\\/2023\\\/09\\\/francamente-los-latinos-en-el-espacio-son-destacables\\\/#primaryimage\"},\"thumbnailUrl\":\"https:\\\/\\\/nuestrostories.com\\\/wp-content\\\/uploads\\\/2023\\\/09\\\/frnacisco-rubio-image-for-story.png\",\"articleSection\":[\"Cathy\",\"FEATURED\"],\"inLanguage\":\"es\"},{\"@type\":\"WebPage\",\"@id\":\"https:\\\/\\\/nuestrostories.com\\\/es\\\/2023\\\/09\\\/francamente-los-latinos-en-el-espacio-son-destacables\\\/\",\"url\":\"https:\\\/\\\/nuestrostories.com\\\/es\\\/2023\\\/09\\\/francamente-los-latinos-en-el-espacio-son-destacables\\\/\",\"name\":\"\u00bfFrancamente? Los latinos en el espacio son DESTACABLES - Nuestro Stories\",\"isPartOf\":{\"@id\":\"https:\\\/\\\/nuestrostories.com\\\/es\\\/#website\"},\"primaryImageOfPage\":{\"@id\":\"https:\\\/\\\/nuestrostories.com\\\/es\\\/2023\\\/09\\\/francamente-los-latinos-en-el-espacio-son-destacables\\\/#primaryimage\"},\"image\":{\"@id\":\"https:\\\/\\\/nuestrostories.com\\\/es\\\/2023\\\/09\\\/francamente-los-latinos-en-el-espacio-son-destacables\\\/#primaryimage\"},\"thumbnailUrl\":\"https:\\\/\\\/nuestrostories.com\\\/wp-content\\\/uploads\\\/2023\\\/09\\\/frnacisco-rubio-image-for-story.png\",\"datePublished\":\"2023-09-18T12:00:50+00:00\",\"dateModified\":\"2023-11-08T21:29:48+00:00\",\"breadcrumb\":{\"@id\":\"https:\\\/\\\/nuestrostories.com\\\/es\\\/2023\\\/09\\\/francamente-los-latinos-en-el-espacio-son-destacables\\\/#breadcrumb\"},\"inLanguage\":\"es\",\"potentialAction\":[{\"@type\":\"ReadAction\",\"target\":[\"https:\\\/\\\/nuestrostories.com\\\/es\\\/2023\\\/09\\\/francamente-los-latinos-en-el-espacio-son-destacables\\\/\"]}]},{\"@type\":\"ImageObject\",\"inLanguage\":\"es\",\"@id\":\"https:\\\/\\\/nuestrostories.com\\\/es\\\/2023\\\/09\\\/francamente-los-latinos-en-el-espacio-son-destacables\\\/#primaryimage\",\"url\":\"https:\\\/\\\/nuestrostories.com\\\/wp-content\\\/uploads\\\/2023\\\/09\\\/frnacisco-rubio-image-for-story.png\",\"contentUrl\":\"https:\\\/\\\/nuestrostories.com\\\/wp-content\\\/uploads\\\/2023\\\/09\\\/frnacisco-rubio-image-for-story.png\",\"width\":1910,\"height\":1274},{\"@type\":\"BreadcrumbList\",\"@id\":\"https:\\\/\\\/nuestrostories.com\\\/es\\\/2023\\\/09\\\/francamente-los-latinos-en-el-espacio-son-destacables\\\/#breadcrumb\",\"itemListElement\":[{\"@type\":\"ListItem\",\"position\":1,\"name\":\"Home\",\"item\":\"https:\\\/\\\/nuestrostories.com\\\/es\\\/\"},{\"@type\":\"ListItem\",\"position\":2,\"name\":\"\u00bfFrancamente? Los latinos en el espacio son DESTACABLES\"}]},{\"@type\":\"WebSite\",\"@id\":\"https:\\\/\\\/nuestrostories.com\\\/es\\\/#website\",\"url\":\"https:\\\/\\\/nuestrostories.com\\\/es\\\/\",\"name\":\"Nuestro Stories\",\"description\":\"Latino Heritage. Every Day.\",\"publisher\":{\"@id\":\"https:\\\/\\\/nuestrostories.com\\\/es\\\/#organization\"},\"potentialAction\":[{\"@type\":\"SearchAction\",\"target\":{\"@type\":\"EntryPoint\",\"urlTemplate\":\"https:\\\/\\\/nuestrostories.com\\\/es\\\/?s={search_term_string}\"},\"query-input\":{\"@type\":\"PropertyValueSpecification\",\"valueRequired\":true,\"valueName\":\"search_term_string\"}}],\"inLanguage\":\"es\"},{\"@type\":\"Organization\",\"@id\":\"https:\\\/\\\/nuestrostories.com\\\/es\\\/#organization\",\"name\":\"Nuestro Stories\",\"url\":\"https:\\\/\\\/nuestrostories.com\\\/es\\\/\",\"logo\":{\"@type\":\"ImageObject\",\"inLanguage\":\"es\",\"@id\":\"https:\\\/\\\/nuestrostories.com\\\/es\\\/#\\\/schema\\\/logo\\\/image\\\/\",\"url\":\"https:\\\/\\\/nuestrostories.com\\\/wp-content\\\/uploads\\\/2021\\\/11\\\/Nuestro-Stories-Logo.png\",\"contentUrl\":\"https:\\\/\\\/nuestrostories.com\\\/wp-content\\\/uploads\\\/2021\\\/11\\\/Nuestro-Stories-Logo.png\",\"width\":282,\"height\":118,\"caption\":\"Nuestro Stories\"},\"image\":{\"@id\":\"https:\\\/\\\/nuestrostories.com\\\/es\\\/#\\\/schema\\\/logo\\\/image\\\/\"}},{\"@type\":\"Person\",\"@id\":\"https:\\\/\\\/nuestrostories.com\\\/es\\\/#\\\/schema\\\/person\\\/dc43e0beaa8e71393bfdd7e799a4e9d8\",\"name\":\"Catherine Jones\",\"image\":{\"@type\":\"ImageObject\",\"inLanguage\":\"es\",\"@id\":\"https:\\\/\\\/nuestrostories.com\\\/wp-content\\\/uploads\\\/2023\\\/10\\\/IMG_20231112_232913-96x96.jpg\",\"url\":\"https:\\\/\\\/nuestrostories.com\\\/wp-content\\\/uploads\\\/2023\\\/10\\\/IMG_20231112_232913-96x96.jpg\",\"contentUrl\":\"https:\\\/\\\/nuestrostories.com\\\/wp-content\\\/uploads\\\/2023\\\/10\\\/IMG_20231112_232913-96x96.jpg\",\"caption\":\"Catherine Jones\"},\"description\":\"Cathy\u2019s writing has appeared in The Washington Post Magazine, USA Weekend, People, Romper.com, The Miami New Times, and dozens of other media publications and online sites. Her opinion pieces have appeared on Today.com, El Tiempo Latino, and more.\",\"url\":\"https:\\\/\\\/nuestrostories.com\\\/es\\\/author\\\/cathy\\\/\"}]}<\/script>\n<!-- \/ Yoast SEO plugin. -->","yoast_head_json":{"title":"\u00bfFrancamente? Los latinos en el espacio son DESTACABLES - Nuestro Stories","robots":{"index":"index","follow":"follow","max-snippet":"max-snippet:-1","max-image-preview":"max-image-preview:large","max-video-preview":"max-video-preview:-1"},"canonical":"https:\/\/nuestrostories.com\/es\/2023\/09\/francamente-los-latinos-en-el-espacio-son-destacables\/","og_locale":"es_ES","og_type":"article","og_title":"\u00bfFrancamente? Los latinos en el espacio son DESTACABLES - Nuestro Stories","og_description":"Ilustraci\u00f3n de Nuestro Stories Frank Rubio, astronauta de la NASA y oriundo de Miami, acaba de batir el r\u00e9cord del vuelo espacial m\u00e1s largo de Estados Unidos. Pero, como muchos saben, no es algo que se propusiera hacer cuando dej\u00f3 la Tierra hace un a\u00f1o. Rubio, como informa Associated Press, \u00ablleg\u00f3 en septiembre de 2022 [&hellip;]","og_url":"https:\/\/nuestrostories.com\/es\/2023\/09\/francamente-los-latinos-en-el-espacio-son-destacables\/","og_site_name":"Nuestro Stories","article_published_time":"2023-09-18T12:00:50+00:00","article_modified_time":"2023-11-08T21:29:48+00:00","og_image":[{"width":1024,"height":683,"url":"https:\/\/nuestrostories.com\/wp-content\/uploads\/2023\/09\/frnacisco-rubio-image-for-story-1024x683.png","type":"image\/png"}],"author":"Catherine Jones","twitter_card":"summary_large_image","twitter_misc":{"Escrito por":"Catherine Jones","Tiempo de lectura":"2 minutos"},"schema":{"@context":"https:\/\/schema.org","@graph":[{"@type":"Article","@id":"https:\/\/nuestrostories.com\/es\/2023\/09\/francamente-los-latinos-en-el-espacio-son-destacables\/#article","isPartOf":{"@id":"https:\/\/nuestrostories.com\/es\/2023\/09\/francamente-los-latinos-en-el-espacio-son-destacables\/"},"author":{"name":"Catherine Jones","@id":"https:\/\/nuestrostories.com\/es\/#\/schema\/person\/dc43e0beaa8e71393bfdd7e799a4e9d8"},"headline":"\u00bfFrancamente? Los latinos en el espacio son DESTACABLES","datePublished":"2023-09-18T12:00:50+00:00","dateModified":"2023-11-08T21:29:48+00:00","mainEntityOfPage":{"@id":"https:\/\/nuestrostories.com\/es\/2023\/09\/francamente-los-latinos-en-el-espacio-son-destacables\/"},"wordCount":471,"publisher":{"@id":"https:\/\/nuestrostories.com\/es\/#organization"},"image":{"@id":"https:\/\/nuestrostories.com\/es\/2023\/09\/francamente-los-latinos-en-el-espacio-son-destacables\/#primaryimage"},"thumbnailUrl":"https:\/\/nuestrostories.com\/wp-content\/uploads\/2023\/09\/frnacisco-rubio-image-for-story.png","articleSection":["Cathy","FEATURED"],"inLanguage":"es"},{"@type":"WebPage","@id":"https:\/\/nuestrostories.com\/es\/2023\/09\/francamente-los-latinos-en-el-espacio-son-destacables\/","url":"https:\/\/nuestrostories.com\/es\/2023\/09\/francamente-los-latinos-en-el-espacio-son-destacables\/","name":"\u00bfFrancamente? Los latinos en el espacio son DESTACABLES - Nuestro Stories","isPartOf":{"@id":"https:\/\/nuestrostories.com\/es\/#website"},"primaryImageOfPage":{"@id":"https:\/\/nuestrostories.com\/es\/2023\/09\/francamente-los-latinos-en-el-espacio-son-destacables\/#primaryimage"},"image":{"@id":"https:\/\/nuestrostories.com\/es\/2023\/09\/francamente-los-latinos-en-el-espacio-son-destacables\/#primaryimage"},"thumbnailUrl":"https:\/\/nuestrostories.com\/wp-content\/uploads\/2023\/09\/frnacisco-rubio-image-for-story.png","datePublished":"2023-09-18T12:00:50+00:00","dateModified":"2023-11-08T21:29:48+00:00","breadcrumb":{"@id":"https:\/\/nuestrostories.com\/es\/2023\/09\/francamente-los-latinos-en-el-espacio-son-destacables\/#breadcrumb"},"inLanguage":"es","potentialAction":[{"@type":"ReadAction","target":["https:\/\/nuestrostories.com\/es\/2023\/09\/francamente-los-latinos-en-el-espacio-son-destacables\/"]}]},{"@type":"ImageObject","inLanguage":"es","@id":"https:\/\/nuestrostories.com\/es\/2023\/09\/francamente-los-latinos-en-el-espacio-son-destacables\/#primaryimage","url":"https:\/\/nuestrostories.com\/wp-content\/uploads\/2023\/09\/frnacisco-rubio-image-for-story.png","contentUrl":"https:\/\/nuestrostories.com\/wp-content\/uploads\/2023\/09\/frnacisco-rubio-image-for-story.png","width":1910,"height":1274},{"@type":"BreadcrumbList","@id":"https:\/\/nuestrostories.com\/es\/2023\/09\/francamente-los-latinos-en-el-espacio-son-destacables\/#breadcrumb","itemListElement":[{"@type":"ListItem","position":1,"name":"Home","item":"https:\/\/nuestrostories.com\/es\/"},{"@type":"ListItem","position":2,"name":"\u00bfFrancamente? Los latinos en el espacio son DESTACABLES"}]},{"@type":"WebSite","@id":"https:\/\/nuestrostories.com\/es\/#website","url":"https:\/\/nuestrostories.com\/es\/","name":"Nuestro Stories","description":"Latino Heritage. Every Day.","publisher":{"@id":"https:\/\/nuestrostories.com\/es\/#organization"},"potentialAction":[{"@type":"SearchAction","target":{"@type":"EntryPoint","urlTemplate":"https:\/\/nuestrostories.com\/es\/?s={search_term_string}"},"query-input":{"@type":"PropertyValueSpecification","valueRequired":true,"valueName":"search_term_string"}}],"inLanguage":"es"},{"@type":"Organization","@id":"https:\/\/nuestrostories.com\/es\/#organization","name":"Nuestro Stories","url":"https:\/\/nuestrostories.com\/es\/","logo":{"@type":"ImageObject","inLanguage":"es","@id":"https:\/\/nuestrostories.com\/es\/#\/schema\/logo\/image\/","url":"https:\/\/nuestrostories.com\/wp-content\/uploads\/2021\/11\/Nuestro-Stories-Logo.png","contentUrl":"https:\/\/nuestrostories.com\/wp-content\/uploads\/2021\/11\/Nuestro-Stories-Logo.png","width":282,"height":118,"caption":"Nuestro Stories"},"image":{"@id":"https:\/\/nuestrostories.com\/es\/#\/schema\/logo\/image\/"}},{"@type":"Person","@id":"https:\/\/nuestrostories.com\/es\/#\/schema\/person\/dc43e0beaa8e71393bfdd7e799a4e9d8","name":"Catherine Jones","image":{"@type":"ImageObject","inLanguage":"es","@id":"https:\/\/nuestrostories.com\/wp-content\/uploads\/2023\/10\/IMG_20231112_232913-96x96.jpg","url":"https:\/\/nuestrostories.com\/wp-content\/uploads\/2023\/10\/IMG_20231112_232913-96x96.jpg","contentUrl":"https:\/\/nuestrostories.com\/wp-content\/uploads\/2023\/10\/IMG_20231112_232913-96x96.jpg","caption":"Catherine Jones"},"description":"Cathy\u2019s writing has appeared in The Washington Post Magazine, USA Weekend, People, Romper.com, The Miami New Times, and dozens of other media publications and online sites. Her opinion pieces have appeared on Today.com, El Tiempo Latino, and more.","url":"https:\/\/nuestrostories.com\/es\/author\/cathy\/"}]}},"_links":{"self":[{"href":"https:\/\/nuestrostories.com\/es\/wp-json\/wp\/v2\/posts\/11971","targetHints":{"allow":["GET"]}}],"collection":[{"href":"https:\/\/nuestrostories.com\/es\/wp-json\/wp\/v2\/posts"}],"about":[{"href":"https:\/\/nuestrostories.com\/es\/wp-json\/wp\/v2\/types\/post"}],"author":[{"embeddable":true,"href":"https:\/\/nuestrostories.com\/es\/wp-json\/wp\/v2\/users\/6"}],"replies":[{"embeddable":true,"href":"https:\/\/nuestrostories.com\/es\/wp-json\/wp\/v2\/comments?post=11971"}],"version-history":[{"count":1,"href":"https:\/\/nuestrostories.com\/es\/wp-json\/wp\/v2\/posts\/11971\/revisions"}],"predecessor-version":[{"id":11983,"href":"https:\/\/nuestrostories.com\/es\/wp-json\/wp\/v2\/posts\/11971\/revisions\/11983"}],"wp:featuredmedia":[{"embeddable":true,"href":"https:\/\/nuestrostories.com\/es\/wp-json\/wp\/v2\/media\/10645"}],"wp:attachment":[{"href":"https:\/\/nuestrostories.com\/es\/wp-json\/wp\/v2\/media?parent=11971"}],"wp:term":[{"taxonomy":"category","embeddable":true,"href":"https:\/\/nuestrostories.com\/es\/wp-json\/wp\/v2\/categories?post=11971"},{"taxonomy":"post_tag","embeddable":true,"href":"https:\/\/nuestrostories.com\/es\/wp-json\/wp\/v2\/tags?post=11971"}],"curies":[{"name":"wp","href":"https:\/\/api.w.org\/{rel}","templated":true}]}}