{"id":12029,"date":"2023-09-12T02:07:44","date_gmt":"2023-09-12T02:07:44","guid":{"rendered":"https:\/\/nuestrostories.com\/?p=12029"},"modified":"2023-11-09T22:12:01","modified_gmt":"2023-11-09T22:12:01","slug":"la-vida-despues-de-norma-una-mirada-al-11-de-septiembre-de-2001","status":"publish","type":"post","link":"https:\/\/nuestrostories.com\/es\/2023\/09\/la-vida-despues-de-norma-una-mirada-al-11-de-septiembre-de-2001\/","title":{"rendered":"La vida despu\u00e9s de Norma: Una mirada al 11 de septiembre de 2001"},"content":{"rendered":"\n<p><i><em>Ilustraci\u00f3n de Nuestro Stories<\/em><\/i><\/p>\n\n\n\n<p>Conoc\u00ed a Norma Cruz Kahn en 1999, cuando trabaj\u00e1bamos juntas para organizaciones sin \u00e1nimo de lucro ubicadas en el norte de Virginia (a unos 15 minutos de la Casa Blanca).<\/p>\n\n\n\n<p>Por supuesto, no ten\u00eda ni idea de que me acordar\u00eda espec\u00edficamente de Norma todos los a\u00f1os el 11 de septiembre. \u00bfPor qu\u00e9 iba a saberlo?<\/p>\n\n\n\n<p>Norma era una madre soltera que compaginaba su trabajo a tiempo completo con sus obligaciones como madre con, al parecer, total facilidad. Estaba en su salsa. Estaba destinada a hacer lo que hac\u00eda. (S\u00e9 que nuestros amigos comunes estar\u00edan de acuerdo conmigo en esto).<\/p>\n\n\n\n<p>Yo no ten\u00eda hijos por aquel entonces (y me faltaba m\u00e1s de una d\u00e9cada para ser madre soltera), as\u00ed que no creo que me diera cuenta de lo duro que deb\u00eda de estar trabajando. De nuevo, fue culpa de Norma. Hac\u00eda que todo pareciera demasiado f\u00e1cil. Siempre estaba sonriendo y bromeando. Y ri\u00e9ndose. De m\u00ed, a veces.<\/p>\n\n\n\n<p>Cuando conoc\u00ed a la orgullosa latina, me dijo que era <em>NewYorican<\/em>, a lo que yo respond\u00ed: \u00ab\u00bfQu\u00e9? \u00bfQu\u00e9 es eso?\u00bb<\/p>\n\n\n\n<p>\u00ab\u00bfNo sabes lo que es un <em>NewYorican<\/em>?\u00bb, se ri\u00f3, muy dispuesta a ponerme al corriente.<\/p>\n\n\n\n<p>\u00abNo, no tengo ni idea\u00bb.<\/p>\n\n\n\n<p>\u00abSoy una puertorrique\u00f1a de Nueva York\u00bb, me explic\u00f3. Por la forma en que se rio a carcajadas, supe que la bombilla que ten\u00eda sobre mi cabeza debi\u00f3 de encenderse y ser ultra brillante cuando dije \u00ab\u00a1Ohhhhh!\u00bb.<\/p>\n\n\n\n<p>Ninguno de nosotros sab\u00eda que Norma iba en el vuelo 77, el avi\u00f3n que se estrell\u00f3 contra el Pent\u00e1gono aquella clara ma\u00f1ana del 11 de septiembre. Al d\u00eda siguiente, el 12 de septiembre, nos enteramos de que Norma era una de las v\u00edctimas de los atentados terroristas selectivos contra Estados Unidos. Fue como un pu\u00f1etazo en el est\u00f3mago.<\/p>\n\n\n\n<p>El d\u00eda que atacaron los terroristas, aquella soleada ma\u00f1ana de lunes de septiembre, un peque\u00f1o grupo de personas fuimos al \u00faltimo piso del estacionamiento de nuestro trabajo, donde Norma sol\u00eda estacionarse, para observar el humo que sal\u00eda del Pent\u00e1gono, ubicado a unos 10 minutos de nosotros.<\/p>\n\n\n\n<p>Sent\u00edamos curiosidad. Y necesit\u00e1bamos verlo con nuestros propios ojos. (\u00bfC\u00f3mo \u00edbamos a saber que nuestra amiga acababa de morir?).<\/p>\n\n\n\n<p>Una semana despu\u00e9s, todo cobr\u00f3 sentido. Nos enteramos de que Norma ten\u00eda que ir de viaje de trabajo a California el 10 de septiembre. (Dicen que los terroristas buscaron vuelos que cruzaran el pa\u00eds, con aviones con mucho combustible. Mejor para la explosi\u00f3n).<\/p>\n\n\n\n<p>Ella ten\u00eda que salir el domingo por la noche, pero cambi\u00f3 el vuelo a la ma\u00f1ana siguiente para desayunar con su hijo de 13 a\u00f1os, Imran, antes de su vuelo de 5 horas para otra larga semana de trabajo lejos de casa.<\/p>\n\n\n\n<p><strong><a href=\"http:\/\/connectionnewspapers.com\/news\/2006\/sep\/05\/reston-mourns-its-losses\/\">The Connection Newspaper, Reston llora sus p\u00e9rdidas<\/a><\/strong><\/p>\n\n\n\n<p>Norma no era pol\u00edtica. Al menos, nunca habl\u00e1bamos de pol\u00edtica. Tampoco se quejaba del trabajo, pero dec\u00eda que estaba cansada de los largos viajes de trabajo. No quer\u00eda dejar a su hijo aquella semana de septiembre. Eso fue lo que le dijo a nuestra amiga com\u00fan (que tambi\u00e9n era su vecina) la noche antes de su vuelo, cuando charlaron en el jard\u00edn delantero de Norma.<\/p>\n\n\n\n<p>Muchas personas perdieron la vida aquel d\u00eda: 2,977, para ser exactos. Y solo estaban viviendo sus vidas, como Norma. Eran personas privadas. Hasta que el mal golpe\u00f3.<\/p>\n\n\n\n<p>Sin embargo, por haber estado en uno de los tres vuelos que tomaron los terroristas suicidas del 11 de septiembre, Norma form\u00f3 parte indirecta de muchos debates y discusiones pol\u00edticas a partir de 2001.<\/p>\n\n\n\n<p>En primer lugar, el pa\u00eds se uni\u00f3. La naci\u00f3n, y el mundo, quer\u00edan al alcalde de Nueva York, Rudy Giuliani, por su fortaleza. Era la cara y la voz de la Ciudad de Nueva York y del pa\u00eds.<\/p>\n\n\n\n<p>Recuerdo haber visto durante d\u00edas la CNN (que, como otras cadenas de televisi\u00f3n, no emit\u00eda anuncios). Analizaba y trataba de comprender por qu\u00e9 nuestro pa\u00eds estaba siendo atacado. No era la \u00fanica. Todos est\u00e1bamos sintonizados.<\/p>\n\n\n\n<p>Entonces los pol\u00edticos volvieron a intervenir, supuestamente respondiendo a todas nuestras preguntas sobre el 11 de septiembre. \u00bfQui\u00e9n era el culpable del 11 de septiembre? \u00bfAl Qaeda? \u00bfOsama bin Laden? \u00bfQu\u00e9 y qui\u00e9n fue?<\/p>\n\n\n\n<p>Las cosas se complicaron en los meses y a\u00f1os siguientes. Nuestra naci\u00f3n entr\u00f3 en guerra en un lugar lejano para honrar la memoria de los que perdimos y atrapar a los que lo hicieron.<\/p>\n\n\n\n<p>A\u00f1os despu\u00e9s, el presentador Jon Stewart llam\u00f3 \u2013y sigue llamando\u2013 la atenci\u00f3n sobre las necesidades m\u00e9dicas de los socorristas que se desplazaron al lugar de los hechos en la Ciudad de Nueva York, en busca de sobrevivientes que nunca ser\u00edan encontrados. Los que se quedaron y limpiaron los da\u00f1os del derrumbado World Trade Center pagaron un alto precio.<\/p>\n\n\n\n<p>Y, todos estos a\u00f1os despu\u00e9s, Norma sigue desaparecida. Y, no s\u00e9 porqu\u00e9, el 22\u00ba aniversario de este horrible d\u00eda es mucho m\u00e1s dif\u00edcil que el 21\u00ba o el 20\u00ba, pero lo es. Las calcoman\u00edas nos recuerdan que \u00abnunca olvidemos\u00bb el 11 de septiembre. No hace falta que me lo recuerden. Nunca podr\u00e9 olvidar a Norma, que todav\u00eda me hace sonre\u00edr cada vez que conozco a un orgulloso neoyorquino. Dios, fue divertido conocerla.<\/p>\n\n\n\n<p><a href=\"https:\/\/nuestrostories.com\/category\/sofia-jones\/\"><\/a><\/p>\n\n\n\n<div class=\"autor-box__text\">\n<p><\/p>\n<\/div>\n\n\n\n<div class=\"autor-close-tag\">&nbsp;<\/div>\n","protected":false},"excerpt":{"rendered":"<p>Ilustraci\u00f3n de Nuestro Stories Conoc\u00ed a Norma Cruz Kahn en 1999, cuando trabaj\u00e1bamos juntas para organizaciones sin \u00e1nimo de lucro ubicadas en el norte de Virginia (a unos 15 minutos de la Casa Blanca). Por supuesto, no ten\u00eda ni idea de que me acordar\u00eda espec\u00edficamente de Norma todos los a\u00f1os el 11 de septiembre. \u00bfPor [&hellip;]<\/p>\n","protected":false},"author":6,"featured_media":10624,"comment_status":"closed","ping_status":"open","sticky":false,"template":"","format":"standard","meta":{"_acf_changed":false,"footnotes":""},"categories":[1280,1281],"tags":[],"class_list":["post-12029","post","type-post","status-publish","format-standard","has-post-thumbnail","hentry","category-cathy-writer-es","category-featured-es"],"acf":[],"yoast_head":"<!-- This site is optimized with the Yoast SEO plugin v27.3 - https:\/\/yoast.com\/product\/yoast-seo-wordpress\/ -->\n<title>La vida despu\u00e9s de Norma: Una mirada al 11 de septiembre de 2001 - Nuestro Stories<\/title>\n<meta name=\"robots\" content=\"index, follow, max-snippet:-1, max-image-preview:large, max-video-preview:-1\" \/>\n<link rel=\"canonical\" href=\"https:\/\/nuestrostories.com\/es\/2023\/09\/la-vida-despues-de-norma-una-mirada-al-11-de-septiembre-de-2001\/\" \/>\n<meta property=\"og:locale\" content=\"es_ES\" \/>\n<meta property=\"og:type\" content=\"article\" \/>\n<meta property=\"og:title\" content=\"La vida despu\u00e9s de Norma: Una mirada al 11 de septiembre de 2001 - Nuestro Stories\" \/>\n<meta property=\"og:description\" content=\"Ilustraci\u00f3n de Nuestro Stories Conoc\u00ed a Norma Cruz Kahn en 1999, cuando trabaj\u00e1bamos juntas para organizaciones sin \u00e1nimo de lucro ubicadas en el norte de Virginia (a unos 15 minutos de la Casa Blanca). Por supuesto, no ten\u00eda ni idea de que me acordar\u00eda espec\u00edficamente de Norma todos los a\u00f1os el 11 de septiembre. \u00bfPor [&hellip;]\" \/>\n<meta property=\"og:url\" content=\"https:\/\/nuestrostories.com\/es\/2023\/09\/la-vida-despues-de-norma-una-mirada-al-11-de-septiembre-de-2001\/\" \/>\n<meta property=\"og:site_name\" content=\"Nuestro Stories\" \/>\n<meta property=\"article:published_time\" content=\"2023-09-12T02:07:44+00:00\" \/>\n<meta property=\"article:modified_time\" content=\"2023-11-09T22:12:01+00:00\" \/>\n<meta property=\"og:image\" content=\"https:\/\/nuestrostories.com\/wp-content\/uploads\/2023\/09\/sept11rememberance-story-1024x683.png\" \/>\n\t<meta property=\"og:image:width\" content=\"1024\" \/>\n\t<meta property=\"og:image:height\" content=\"683\" \/>\n\t<meta property=\"og:image:type\" content=\"image\/png\" \/>\n<meta name=\"author\" content=\"Catherine Jones\" \/>\n<meta name=\"twitter:card\" content=\"summary_large_image\" \/>\n<meta name=\"twitter:label1\" content=\"Escrito por\" \/>\n\t<meta name=\"twitter:data1\" content=\"Catherine Jones\" \/>\n\t<meta name=\"twitter:label2\" content=\"Tiempo de lectura\" \/>\n\t<meta name=\"twitter:data2\" content=\"4 minutos\" \/>\n<script type=\"application\/ld+json\" class=\"yoast-schema-graph\">{\"@context\":\"https:\\\/\\\/schema.org\",\"@graph\":[{\"@type\":\"Article\",\"@id\":\"https:\\\/\\\/nuestrostories.com\\\/es\\\/2023\\\/09\\\/la-vida-despues-de-norma-una-mirada-al-11-de-septiembre-de-2001\\\/#article\",\"isPartOf\":{\"@id\":\"https:\\\/\\\/nuestrostories.com\\\/es\\\/2023\\\/09\\\/la-vida-despues-de-norma-una-mirada-al-11-de-septiembre-de-2001\\\/\"},\"author\":{\"name\":\"Catherine Jones\",\"@id\":\"https:\\\/\\\/nuestrostories.com\\\/es\\\/#\\\/schema\\\/person\\\/dc43e0beaa8e71393bfdd7e799a4e9d8\"},\"headline\":\"La vida despu\u00e9s de Norma: Una mirada al 11 de septiembre de 2001\",\"datePublished\":\"2023-09-12T02:07:44+00:00\",\"dateModified\":\"2023-11-09T22:12:01+00:00\",\"mainEntityOfPage\":{\"@id\":\"https:\\\/\\\/nuestrostories.com\\\/es\\\/2023\\\/09\\\/la-vida-despues-de-norma-una-mirada-al-11-de-septiembre-de-2001\\\/\"},\"wordCount\":922,\"publisher\":{\"@id\":\"https:\\\/\\\/nuestrostories.com\\\/es\\\/#organization\"},\"image\":{\"@id\":\"https:\\\/\\\/nuestrostories.com\\\/es\\\/2023\\\/09\\\/la-vida-despues-de-norma-una-mirada-al-11-de-septiembre-de-2001\\\/#primaryimage\"},\"thumbnailUrl\":\"https:\\\/\\\/nuestrostories.com\\\/wp-content\\\/uploads\\\/2023\\\/09\\\/sept11rememberance-story.png\",\"articleSection\":[\"Cathy\",\"FEATURED\"],\"inLanguage\":\"es\"},{\"@type\":\"WebPage\",\"@id\":\"https:\\\/\\\/nuestrostories.com\\\/es\\\/2023\\\/09\\\/la-vida-despues-de-norma-una-mirada-al-11-de-septiembre-de-2001\\\/\",\"url\":\"https:\\\/\\\/nuestrostories.com\\\/es\\\/2023\\\/09\\\/la-vida-despues-de-norma-una-mirada-al-11-de-septiembre-de-2001\\\/\",\"name\":\"La vida despu\u00e9s de Norma: Una mirada al 11 de septiembre de 2001 - Nuestro Stories\",\"isPartOf\":{\"@id\":\"https:\\\/\\\/nuestrostories.com\\\/es\\\/#website\"},\"primaryImageOfPage\":{\"@id\":\"https:\\\/\\\/nuestrostories.com\\\/es\\\/2023\\\/09\\\/la-vida-despues-de-norma-una-mirada-al-11-de-septiembre-de-2001\\\/#primaryimage\"},\"image\":{\"@id\":\"https:\\\/\\\/nuestrostories.com\\\/es\\\/2023\\\/09\\\/la-vida-despues-de-norma-una-mirada-al-11-de-septiembre-de-2001\\\/#primaryimage\"},\"thumbnailUrl\":\"https:\\\/\\\/nuestrostories.com\\\/wp-content\\\/uploads\\\/2023\\\/09\\\/sept11rememberance-story.png\",\"datePublished\":\"2023-09-12T02:07:44+00:00\",\"dateModified\":\"2023-11-09T22:12:01+00:00\",\"breadcrumb\":{\"@id\":\"https:\\\/\\\/nuestrostories.com\\\/es\\\/2023\\\/09\\\/la-vida-despues-de-norma-una-mirada-al-11-de-septiembre-de-2001\\\/#breadcrumb\"},\"inLanguage\":\"es\",\"potentialAction\":[{\"@type\":\"ReadAction\",\"target\":[\"https:\\\/\\\/nuestrostories.com\\\/es\\\/2023\\\/09\\\/la-vida-despues-de-norma-una-mirada-al-11-de-septiembre-de-2001\\\/\"]}]},{\"@type\":\"ImageObject\",\"inLanguage\":\"es\",\"@id\":\"https:\\\/\\\/nuestrostories.com\\\/es\\\/2023\\\/09\\\/la-vida-despues-de-norma-una-mirada-al-11-de-septiembre-de-2001\\\/#primaryimage\",\"url\":\"https:\\\/\\\/nuestrostories.com\\\/wp-content\\\/uploads\\\/2023\\\/09\\\/sept11rememberance-story.png\",\"contentUrl\":\"https:\\\/\\\/nuestrostories.com\\\/wp-content\\\/uploads\\\/2023\\\/09\\\/sept11rememberance-story.png\",\"width\":1910,\"height\":1274},{\"@type\":\"BreadcrumbList\",\"@id\":\"https:\\\/\\\/nuestrostories.com\\\/es\\\/2023\\\/09\\\/la-vida-despues-de-norma-una-mirada-al-11-de-septiembre-de-2001\\\/#breadcrumb\",\"itemListElement\":[{\"@type\":\"ListItem\",\"position\":1,\"name\":\"Home\",\"item\":\"https:\\\/\\\/nuestrostories.com\\\/es\\\/\"},{\"@type\":\"ListItem\",\"position\":2,\"name\":\"La vida despu\u00e9s de Norma: Una mirada al 11 de septiembre de 2001\"}]},{\"@type\":\"WebSite\",\"@id\":\"https:\\\/\\\/nuestrostories.com\\\/es\\\/#website\",\"url\":\"https:\\\/\\\/nuestrostories.com\\\/es\\\/\",\"name\":\"Nuestro Stories\",\"description\":\"Latino Heritage. Every Day.\",\"publisher\":{\"@id\":\"https:\\\/\\\/nuestrostories.com\\\/es\\\/#organization\"},\"potentialAction\":[{\"@type\":\"SearchAction\",\"target\":{\"@type\":\"EntryPoint\",\"urlTemplate\":\"https:\\\/\\\/nuestrostories.com\\\/es\\\/?s={search_term_string}\"},\"query-input\":{\"@type\":\"PropertyValueSpecification\",\"valueRequired\":true,\"valueName\":\"search_term_string\"}}],\"inLanguage\":\"es\"},{\"@type\":\"Organization\",\"@id\":\"https:\\\/\\\/nuestrostories.com\\\/es\\\/#organization\",\"name\":\"Nuestro Stories\",\"url\":\"https:\\\/\\\/nuestrostories.com\\\/es\\\/\",\"logo\":{\"@type\":\"ImageObject\",\"inLanguage\":\"es\",\"@id\":\"https:\\\/\\\/nuestrostories.com\\\/es\\\/#\\\/schema\\\/logo\\\/image\\\/\",\"url\":\"https:\\\/\\\/nuestrostories.com\\\/wp-content\\\/uploads\\\/2021\\\/11\\\/Nuestro-Stories-Logo.png\",\"contentUrl\":\"https:\\\/\\\/nuestrostories.com\\\/wp-content\\\/uploads\\\/2021\\\/11\\\/Nuestro-Stories-Logo.png\",\"width\":282,\"height\":118,\"caption\":\"Nuestro Stories\"},\"image\":{\"@id\":\"https:\\\/\\\/nuestrostories.com\\\/es\\\/#\\\/schema\\\/logo\\\/image\\\/\"}},{\"@type\":\"Person\",\"@id\":\"https:\\\/\\\/nuestrostories.com\\\/es\\\/#\\\/schema\\\/person\\\/dc43e0beaa8e71393bfdd7e799a4e9d8\",\"name\":\"Catherine Jones\",\"image\":{\"@type\":\"ImageObject\",\"inLanguage\":\"es\",\"@id\":\"https:\\\/\\\/nuestrostories.com\\\/wp-content\\\/uploads\\\/2023\\\/10\\\/IMG_20231112_232913-96x96.jpg\",\"url\":\"https:\\\/\\\/nuestrostories.com\\\/wp-content\\\/uploads\\\/2023\\\/10\\\/IMG_20231112_232913-96x96.jpg\",\"contentUrl\":\"https:\\\/\\\/nuestrostories.com\\\/wp-content\\\/uploads\\\/2023\\\/10\\\/IMG_20231112_232913-96x96.jpg\",\"caption\":\"Catherine Jones\"},\"description\":\"Cathy\u2019s writing has appeared in The Washington Post Magazine, USA Weekend, People, Romper.com, The Miami New Times, and dozens of other media publications and online sites. Her opinion pieces have appeared on Today.com, El Tiempo Latino, and more.\",\"url\":\"https:\\\/\\\/nuestrostories.com\\\/es\\\/author\\\/cathy\\\/\"}]}<\/script>\n<!-- \/ Yoast SEO plugin. -->","yoast_head_json":{"title":"La vida despu\u00e9s de Norma: Una mirada al 11 de septiembre de 2001 - Nuestro Stories","robots":{"index":"index","follow":"follow","max-snippet":"max-snippet:-1","max-image-preview":"max-image-preview:large","max-video-preview":"max-video-preview:-1"},"canonical":"https:\/\/nuestrostories.com\/es\/2023\/09\/la-vida-despues-de-norma-una-mirada-al-11-de-septiembre-de-2001\/","og_locale":"es_ES","og_type":"article","og_title":"La vida despu\u00e9s de Norma: Una mirada al 11 de septiembre de 2001 - Nuestro Stories","og_description":"Ilustraci\u00f3n de Nuestro Stories Conoc\u00ed a Norma Cruz Kahn en 1999, cuando trabaj\u00e1bamos juntas para organizaciones sin \u00e1nimo de lucro ubicadas en el norte de Virginia (a unos 15 minutos de la Casa Blanca). Por supuesto, no ten\u00eda ni idea de que me acordar\u00eda espec\u00edficamente de Norma todos los a\u00f1os el 11 de septiembre. \u00bfPor [&hellip;]","og_url":"https:\/\/nuestrostories.com\/es\/2023\/09\/la-vida-despues-de-norma-una-mirada-al-11-de-septiembre-de-2001\/","og_site_name":"Nuestro Stories","article_published_time":"2023-09-12T02:07:44+00:00","article_modified_time":"2023-11-09T22:12:01+00:00","og_image":[{"width":1024,"height":683,"url":"https:\/\/nuestrostories.com\/wp-content\/uploads\/2023\/09\/sept11rememberance-story-1024x683.png","type":"image\/png"}],"author":"Catherine Jones","twitter_card":"summary_large_image","twitter_misc":{"Escrito por":"Catherine Jones","Tiempo de lectura":"4 minutos"},"schema":{"@context":"https:\/\/schema.org","@graph":[{"@type":"Article","@id":"https:\/\/nuestrostories.com\/es\/2023\/09\/la-vida-despues-de-norma-una-mirada-al-11-de-septiembre-de-2001\/#article","isPartOf":{"@id":"https:\/\/nuestrostories.com\/es\/2023\/09\/la-vida-despues-de-norma-una-mirada-al-11-de-septiembre-de-2001\/"},"author":{"name":"Catherine Jones","@id":"https:\/\/nuestrostories.com\/es\/#\/schema\/person\/dc43e0beaa8e71393bfdd7e799a4e9d8"},"headline":"La vida despu\u00e9s de Norma: Una mirada al 11 de septiembre de 2001","datePublished":"2023-09-12T02:07:44+00:00","dateModified":"2023-11-09T22:12:01+00:00","mainEntityOfPage":{"@id":"https:\/\/nuestrostories.com\/es\/2023\/09\/la-vida-despues-de-norma-una-mirada-al-11-de-septiembre-de-2001\/"},"wordCount":922,"publisher":{"@id":"https:\/\/nuestrostories.com\/es\/#organization"},"image":{"@id":"https:\/\/nuestrostories.com\/es\/2023\/09\/la-vida-despues-de-norma-una-mirada-al-11-de-septiembre-de-2001\/#primaryimage"},"thumbnailUrl":"https:\/\/nuestrostories.com\/wp-content\/uploads\/2023\/09\/sept11rememberance-story.png","articleSection":["Cathy","FEATURED"],"inLanguage":"es"},{"@type":"WebPage","@id":"https:\/\/nuestrostories.com\/es\/2023\/09\/la-vida-despues-de-norma-una-mirada-al-11-de-septiembre-de-2001\/","url":"https:\/\/nuestrostories.com\/es\/2023\/09\/la-vida-despues-de-norma-una-mirada-al-11-de-septiembre-de-2001\/","name":"La vida despu\u00e9s de Norma: Una mirada al 11 de septiembre de 2001 - Nuestro Stories","isPartOf":{"@id":"https:\/\/nuestrostories.com\/es\/#website"},"primaryImageOfPage":{"@id":"https:\/\/nuestrostories.com\/es\/2023\/09\/la-vida-despues-de-norma-una-mirada-al-11-de-septiembre-de-2001\/#primaryimage"},"image":{"@id":"https:\/\/nuestrostories.com\/es\/2023\/09\/la-vida-despues-de-norma-una-mirada-al-11-de-septiembre-de-2001\/#primaryimage"},"thumbnailUrl":"https:\/\/nuestrostories.com\/wp-content\/uploads\/2023\/09\/sept11rememberance-story.png","datePublished":"2023-09-12T02:07:44+00:00","dateModified":"2023-11-09T22:12:01+00:00","breadcrumb":{"@id":"https:\/\/nuestrostories.com\/es\/2023\/09\/la-vida-despues-de-norma-una-mirada-al-11-de-septiembre-de-2001\/#breadcrumb"},"inLanguage":"es","potentialAction":[{"@type":"ReadAction","target":["https:\/\/nuestrostories.com\/es\/2023\/09\/la-vida-despues-de-norma-una-mirada-al-11-de-septiembre-de-2001\/"]}]},{"@type":"ImageObject","inLanguage":"es","@id":"https:\/\/nuestrostories.com\/es\/2023\/09\/la-vida-despues-de-norma-una-mirada-al-11-de-septiembre-de-2001\/#primaryimage","url":"https:\/\/nuestrostories.com\/wp-content\/uploads\/2023\/09\/sept11rememberance-story.png","contentUrl":"https:\/\/nuestrostories.com\/wp-content\/uploads\/2023\/09\/sept11rememberance-story.png","width":1910,"height":1274},{"@type":"BreadcrumbList","@id":"https:\/\/nuestrostories.com\/es\/2023\/09\/la-vida-despues-de-norma-una-mirada-al-11-de-septiembre-de-2001\/#breadcrumb","itemListElement":[{"@type":"ListItem","position":1,"name":"Home","item":"https:\/\/nuestrostories.com\/es\/"},{"@type":"ListItem","position":2,"name":"La vida despu\u00e9s de Norma: Una mirada al 11 de septiembre de 2001"}]},{"@type":"WebSite","@id":"https:\/\/nuestrostories.com\/es\/#website","url":"https:\/\/nuestrostories.com\/es\/","name":"Nuestro Stories","description":"Latino Heritage. Every Day.","publisher":{"@id":"https:\/\/nuestrostories.com\/es\/#organization"},"potentialAction":[{"@type":"SearchAction","target":{"@type":"EntryPoint","urlTemplate":"https:\/\/nuestrostories.com\/es\/?s={search_term_string}"},"query-input":{"@type":"PropertyValueSpecification","valueRequired":true,"valueName":"search_term_string"}}],"inLanguage":"es"},{"@type":"Organization","@id":"https:\/\/nuestrostories.com\/es\/#organization","name":"Nuestro Stories","url":"https:\/\/nuestrostories.com\/es\/","logo":{"@type":"ImageObject","inLanguage":"es","@id":"https:\/\/nuestrostories.com\/es\/#\/schema\/logo\/image\/","url":"https:\/\/nuestrostories.com\/wp-content\/uploads\/2021\/11\/Nuestro-Stories-Logo.png","contentUrl":"https:\/\/nuestrostories.com\/wp-content\/uploads\/2021\/11\/Nuestro-Stories-Logo.png","width":282,"height":118,"caption":"Nuestro Stories"},"image":{"@id":"https:\/\/nuestrostories.com\/es\/#\/schema\/logo\/image\/"}},{"@type":"Person","@id":"https:\/\/nuestrostories.com\/es\/#\/schema\/person\/dc43e0beaa8e71393bfdd7e799a4e9d8","name":"Catherine Jones","image":{"@type":"ImageObject","inLanguage":"es","@id":"https:\/\/nuestrostories.com\/wp-content\/uploads\/2023\/10\/IMG_20231112_232913-96x96.jpg","url":"https:\/\/nuestrostories.com\/wp-content\/uploads\/2023\/10\/IMG_20231112_232913-96x96.jpg","contentUrl":"https:\/\/nuestrostories.com\/wp-content\/uploads\/2023\/10\/IMG_20231112_232913-96x96.jpg","caption":"Catherine Jones"},"description":"Cathy\u2019s writing has appeared in The Washington Post Magazine, USA Weekend, People, Romper.com, The Miami New Times, and dozens of other media publications and online sites. Her opinion pieces have appeared on Today.com, El Tiempo Latino, and more.","url":"https:\/\/nuestrostories.com\/es\/author\/cathy\/"}]}},"_links":{"self":[{"href":"https:\/\/nuestrostories.com\/es\/wp-json\/wp\/v2\/posts\/12029","targetHints":{"allow":["GET"]}}],"collection":[{"href":"https:\/\/nuestrostories.com\/es\/wp-json\/wp\/v2\/posts"}],"about":[{"href":"https:\/\/nuestrostories.com\/es\/wp-json\/wp\/v2\/types\/post"}],"author":[{"embeddable":true,"href":"https:\/\/nuestrostories.com\/es\/wp-json\/wp\/v2\/users\/6"}],"replies":[{"embeddable":true,"href":"https:\/\/nuestrostories.com\/es\/wp-json\/wp\/v2\/comments?post=12029"}],"version-history":[{"count":1,"href":"https:\/\/nuestrostories.com\/es\/wp-json\/wp\/v2\/posts\/12029\/revisions"}],"predecessor-version":[{"id":12032,"href":"https:\/\/nuestrostories.com\/es\/wp-json\/wp\/v2\/posts\/12029\/revisions\/12032"}],"wp:featuredmedia":[{"embeddable":true,"href":"https:\/\/nuestrostories.com\/es\/wp-json\/wp\/v2\/media\/10624"}],"wp:attachment":[{"href":"https:\/\/nuestrostories.com\/es\/wp-json\/wp\/v2\/media?parent=12029"}],"wp:term":[{"taxonomy":"category","embeddable":true,"href":"https:\/\/nuestrostories.com\/es\/wp-json\/wp\/v2\/categories?post=12029"},{"taxonomy":"post_tag","embeddable":true,"href":"https:\/\/nuestrostories.com\/es\/wp-json\/wp\/v2\/tags?post=12029"}],"curies":[{"name":"wp","href":"https:\/\/api.w.org\/{rel}","templated":true}]}}