{"id":12833,"date":"2023-11-30T09:00:00","date_gmt":"2023-11-30T14:00:00","guid":{"rendered":"https:\/\/nuestrostories.com\/?p=12833"},"modified":"2023-11-30T16:20:16","modified_gmt":"2023-11-30T16:20:16","slug":"cronicas-del-coquito-la-cremosa-tradicion-navidena-de-puerto-rico","status":"publish","type":"post","link":"https:\/\/nuestrostories.com\/es\/2023\/11\/cronicas-del-coquito-la-cremosa-tradicion-navidena-de-puerto-rico\/","title":{"rendered":"Cr\u00f3nicas del coquito: La cremosa tradici\u00f3n navide\u00f1a de Puerto Rico"},"content":{"rendered":"\n<p>Por lo que s\u00e9, los puertorrique\u00f1os celebran la temporada navide\u00f1a m\u00e1s larga del mundo. Y ya empez\u00f3.<\/p>\n\n\n\n<p>Las fiestas comienzan en noviembre y terminan con las \u00aboctavitas\u00bb, ocho d\u00edas despu\u00e9s del D\u00eda de Reyes, en enero.<\/p>\n\n\n\n<p>Y no hay mejor manera de celebrarlo que con nuestras bebidas y comidas tradicionales.<\/p>\n\n\n\n<p>Cada Navidad, mi madre sol\u00eda preparar su famoso coquito para regalar a amigos y familiares y, desde entonces, su receta se ha convertido en una tradici\u00f3n en nuestra familia. <\/p>\n\n\n\n<p>Y en mi casa no hay Navidad sin coquito. Es lo \u00fanico con lo que puedo contar todos los a\u00f1os.<\/p>\n\n\n\n<figure class=\"wp-block-embed is-type-video is-provider-youtube wp-block-embed-youtube wp-embed-aspect-16-9 wp-has-aspect-ratio\"><div class=\"wp-block-embed__wrapper\">\n<iframe loading=\"lazy\" title=\"Coquito\" width=\"800\" height=\"450\" src=\"https:\/\/www.youtube.com\/embed\/LaTI8X2VzgA?feature=oembed\" frameborder=\"0\" allow=\"accelerometer; autoplay; clipboard-write; encrypted-media; gyroscope; picture-in-picture; web-share\" referrerpolicy=\"strict-origin-when-cross-origin\" allowfullscreen><\/iframe>\n<\/div><\/figure>\n\n\n\n<p><strong>\u00bfQu\u00e9 es el coquito?<\/strong><\/p>\n\n\n\n<p>\u00abLos invasores espa\u00f1oles trajeron al Caribe la afici\u00f3n europea por los <em>possets<\/em> \u2013el antepasado fortificado con brandy, madeira o jerez de nuestro ponche\u2013, pero no pas\u00f3 mucho tiempo antes de que la receta de los espa\u00f1oles se mezclara con el ron local y empezara a aparecer dondequiera que se asentaban. Pronto M\u00e9xico tuvo el rompope, Venezuela el ponche crema y Puerto Rico lo que ellos llaman coquito\u00bb, explica la publicaci\u00f3n <a href=\"https:\/\/punchdrink.com\/articles\/coquito-puerto-ricos-tropical-take-on-eggnog\/\">Punch<\/a>.<\/p>\n\n\n\n<p>Y, desde aquellos d\u00edas coloniales, el coquito ha sido la bebida alcoh\u00f3lica cremosa a base de coco tradicional puertorrique\u00f1a que se disfruta durante las fiestas, sobre todo en Navidad y A\u00f1o Nuevo.<\/p>\n\n\n\n<p>\u00abCulturalmente, es la bebida m\u00e1s importante de Puerto Rico durante las fiestas. Significa la llegada de la Navidad. Se sirve a amigos, familiares e invitados. Cada familia tiene su propia receta, que suele ser un secreto cuidadosamente guardado. Es una bebida emblem\u00e1tica para celebrar la vida, el \u00e9xito, el amor y la cultura\u00bb, explica a <a href=\"https:\/\/www.foodnetwork.com\/how-to\/packages\/food-network-essentials\/what-is-coquito---and-how-to-make-coquito\">Food Network<\/a> Jessie Marrero, directora general de <a href=\"https:\/\/www.quiquidc.com\/\">Qui Qui DC<\/a>, un restaurante puertorrique\u00f1o en Washington.<\/p>\n\n\n\n<p>Su nombre significa \u00abpeque\u00f1o coco\u00bb. S\u00ed, es parecido al ponche de huevo, pero con un toque tropical distintivo.<\/p>\n\n\n\n<p>Los ingredientes principales del coquito son leche o crema de coco, leche condensada azucarada, leche evaporada y, a menudo, una mezcla de ron, normalmente blanco o especiado, que a\u00f1ade un delicioso toque al brebaje.<\/p>\n\n\n\n<p>Para realzar su perfil de sabor, algunas recetas incorporan ingredientes como canela, clavo, extracto de vainilla y nuez moscada, que le confieren una esencia c\u00e1lida y arom\u00e1tica.<\/p>\n\n\n\n<p>Si quieres impresionar a tus amigos o invitados estas Navidades, sirve coquito. Y, aunque YouTube est\u00e1 lleno de recetas, voy a compartir contigo la receta secreta de mi madre. Creo que es la mejor receta que existe. Luego me lo agradecer\u00e1s.<\/p>\n\n\n\n<p>Te invito a que agregues esto a tu temporada de fiestas, y tal vez te sientas igual que yo (feliz y listo para celebrar).<\/p>\n\n\n\n<p><strong>Coquito de Mami<\/strong><\/p>\n\n\n\n<p>2 latas de leche de coco<\/p>\n\n\n\n<p>1 lata de leche condensada<\/p>\n\n\n\n<p>1 taza de ron blanco (Palo Viejo, Don Q o Bacardi)<\/p>\n\n\n\n<p>1\/4 taza de brandy (Felipe II)&nbsp;<\/p>\n\n\n\n<p>4 cucharaditas de extracto de vainilla&nbsp;<\/p>\n\n\n\n<p>3 cucharaditas de canela molida<\/p>\n\n\n\n<p>Bastones de canela Poner en la nevera en una jarra, enfriar y disfrutar en 2 horas.<\/p>\n","protected":false},"excerpt":{"rendered":"<p>Por lo que s\u00e9, los puertorrique\u00f1os celebran la temporada navide\u00f1a m\u00e1s larga del mundo. Y ya empez\u00f3. Las fiestas comienzan en noviembre y terminan con las \u00aboctavitas\u00bb, ocho d\u00edas despu\u00e9s del D\u00eda de Reyes, en enero. Y no hay mejor manera de celebrarlo que con nuestras bebidas y comidas tradicionales. Cada Navidad, mi madre sol\u00eda [&hellip;]<\/p>\n","protected":false},"author":24,"featured_media":12817,"comment_status":"closed","ping_status":"open","sticky":false,"template":"","format":"standard","meta":{"_acf_changed":false,"footnotes":""},"categories":[1266],"tags":[],"class_list":["post-12833","post","type-post","status-publish","format-standard","has-post-thumbnail","hentry","category-sin-categorizar"],"acf":[],"yoast_head":"<!-- This site is optimized with the Yoast SEO plugin v27.3 - https:\/\/yoast.com\/product\/yoast-seo-wordpress\/ -->\n<title>Cr\u00f3nicas del coquito: La cremosa tradici\u00f3n navide\u00f1a de Puerto Rico - Nuestro Stories<\/title>\n<meta name=\"robots\" content=\"index, follow, max-snippet:-1, max-image-preview:large, max-video-preview:-1\" \/>\n<link rel=\"canonical\" href=\"https:\/\/nuestrostories.com\/es\/2023\/11\/cronicas-del-coquito-la-cremosa-tradicion-navidena-de-puerto-rico\/\" \/>\n<meta property=\"og:locale\" content=\"es_ES\" \/>\n<meta property=\"og:type\" content=\"article\" \/>\n<meta property=\"og:title\" content=\"Cr\u00f3nicas del coquito: La cremosa tradici\u00f3n navide\u00f1a de Puerto Rico - Nuestro Stories\" \/>\n<meta property=\"og:description\" content=\"Por lo que s\u00e9, los puertorrique\u00f1os celebran la temporada navide\u00f1a m\u00e1s larga del mundo. Y ya empez\u00f3. Las fiestas comienzan en noviembre y terminan con las \u00aboctavitas\u00bb, ocho d\u00edas despu\u00e9s del D\u00eda de Reyes, en enero. Y no hay mejor manera de celebrarlo que con nuestras bebidas y comidas tradicionales. Cada Navidad, mi madre sol\u00eda [&hellip;]\" \/>\n<meta property=\"og:url\" content=\"https:\/\/nuestrostories.com\/es\/2023\/11\/cronicas-del-coquito-la-cremosa-tradicion-navidena-de-puerto-rico\/\" \/>\n<meta property=\"og:site_name\" content=\"Nuestro Stories\" \/>\n<meta property=\"article:published_time\" content=\"2023-11-30T14:00:00+00:00\" \/>\n<meta property=\"article:modified_time\" content=\"2023-11-30T16:20:16+00:00\" \/>\n<meta property=\"og:image\" content=\"https:\/\/nuestrostories.com\/wp-content\/uploads\/2023\/11\/coquito-final-1024x683.png\" \/>\n\t<meta property=\"og:image:width\" content=\"1024\" \/>\n\t<meta property=\"og:image:height\" content=\"683\" \/>\n\t<meta property=\"og:image:type\" content=\"image\/png\" \/>\n<meta name=\"author\" content=\"Iza Montalvo\" \/>\n<meta name=\"twitter:card\" content=\"summary_large_image\" \/>\n<meta name=\"twitter:label1\" content=\"Escrito por\" \/>\n\t<meta name=\"twitter:data1\" content=\"Iza Montalvo\" \/>\n\t<meta name=\"twitter:label2\" content=\"Tiempo de lectura\" \/>\n\t<meta name=\"twitter:data2\" content=\"3 minutos\" \/>\n<script type=\"application\/ld+json\" class=\"yoast-schema-graph\">{\"@context\":\"https:\\\/\\\/schema.org\",\"@graph\":[{\"@type\":\"Article\",\"@id\":\"https:\\\/\\\/nuestrostories.com\\\/es\\\/2023\\\/11\\\/cronicas-del-coquito-la-cremosa-tradicion-navidena-de-puerto-rico\\\/#article\",\"isPartOf\":{\"@id\":\"https:\\\/\\\/nuestrostories.com\\\/es\\\/2023\\\/11\\\/cronicas-del-coquito-la-cremosa-tradicion-navidena-de-puerto-rico\\\/\"},\"author\":{\"name\":\"Iza Montalvo\",\"@id\":\"https:\\\/\\\/nuestrostories.com\\\/es\\\/#\\\/schema\\\/person\\\/fe692762d58cf17bb4772a03dae2d058\"},\"headline\":\"Cr\u00f3nicas del coquito: La cremosa tradici\u00f3n navide\u00f1a de Puerto Rico\",\"datePublished\":\"2023-11-30T14:00:00+00:00\",\"dateModified\":\"2023-11-30T16:20:16+00:00\",\"mainEntityOfPage\":{\"@id\":\"https:\\\/\\\/nuestrostories.com\\\/es\\\/2023\\\/11\\\/cronicas-del-coquito-la-cremosa-tradicion-navidena-de-puerto-rico\\\/\"},\"wordCount\":523,\"publisher\":{\"@id\":\"https:\\\/\\\/nuestrostories.com\\\/es\\\/#organization\"},\"image\":{\"@id\":\"https:\\\/\\\/nuestrostories.com\\\/es\\\/2023\\\/11\\\/cronicas-del-coquito-la-cremosa-tradicion-navidena-de-puerto-rico\\\/#primaryimage\"},\"thumbnailUrl\":\"https:\\\/\\\/nuestrostories.com\\\/wp-content\\\/uploads\\\/2023\\\/11\\\/coquito-final.png\",\"articleSection\":[\"Sin categorizar\"],\"inLanguage\":\"es\"},{\"@type\":\"WebPage\",\"@id\":\"https:\\\/\\\/nuestrostories.com\\\/es\\\/2023\\\/11\\\/cronicas-del-coquito-la-cremosa-tradicion-navidena-de-puerto-rico\\\/\",\"url\":\"https:\\\/\\\/nuestrostories.com\\\/es\\\/2023\\\/11\\\/cronicas-del-coquito-la-cremosa-tradicion-navidena-de-puerto-rico\\\/\",\"name\":\"Cr\u00f3nicas del coquito: La cremosa tradici\u00f3n navide\u00f1a de Puerto Rico - Nuestro Stories\",\"isPartOf\":{\"@id\":\"https:\\\/\\\/nuestrostories.com\\\/es\\\/#website\"},\"primaryImageOfPage\":{\"@id\":\"https:\\\/\\\/nuestrostories.com\\\/es\\\/2023\\\/11\\\/cronicas-del-coquito-la-cremosa-tradicion-navidena-de-puerto-rico\\\/#primaryimage\"},\"image\":{\"@id\":\"https:\\\/\\\/nuestrostories.com\\\/es\\\/2023\\\/11\\\/cronicas-del-coquito-la-cremosa-tradicion-navidena-de-puerto-rico\\\/#primaryimage\"},\"thumbnailUrl\":\"https:\\\/\\\/nuestrostories.com\\\/wp-content\\\/uploads\\\/2023\\\/11\\\/coquito-final.png\",\"datePublished\":\"2023-11-30T14:00:00+00:00\",\"dateModified\":\"2023-11-30T16:20:16+00:00\",\"breadcrumb\":{\"@id\":\"https:\\\/\\\/nuestrostories.com\\\/es\\\/2023\\\/11\\\/cronicas-del-coquito-la-cremosa-tradicion-navidena-de-puerto-rico\\\/#breadcrumb\"},\"inLanguage\":\"es\",\"potentialAction\":[{\"@type\":\"ReadAction\",\"target\":[\"https:\\\/\\\/nuestrostories.com\\\/es\\\/2023\\\/11\\\/cronicas-del-coquito-la-cremosa-tradicion-navidena-de-puerto-rico\\\/\"]}]},{\"@type\":\"ImageObject\",\"inLanguage\":\"es\",\"@id\":\"https:\\\/\\\/nuestrostories.com\\\/es\\\/2023\\\/11\\\/cronicas-del-coquito-la-cremosa-tradicion-navidena-de-puerto-rico\\\/#primaryimage\",\"url\":\"https:\\\/\\\/nuestrostories.com\\\/wp-content\\\/uploads\\\/2023\\\/11\\\/coquito-final.png\",\"contentUrl\":\"https:\\\/\\\/nuestrostories.com\\\/wp-content\\\/uploads\\\/2023\\\/11\\\/coquito-final.png\",\"width\":1600,\"height\":1067},{\"@type\":\"BreadcrumbList\",\"@id\":\"https:\\\/\\\/nuestrostories.com\\\/es\\\/2023\\\/11\\\/cronicas-del-coquito-la-cremosa-tradicion-navidena-de-puerto-rico\\\/#breadcrumb\",\"itemListElement\":[{\"@type\":\"ListItem\",\"position\":1,\"name\":\"Home\",\"item\":\"https:\\\/\\\/nuestrostories.com\\\/es\\\/\"},{\"@type\":\"ListItem\",\"position\":2,\"name\":\"Cr\u00f3nicas del coquito: La cremosa tradici\u00f3n navide\u00f1a de Puerto Rico\"}]},{\"@type\":\"WebSite\",\"@id\":\"https:\\\/\\\/nuestrostories.com\\\/es\\\/#website\",\"url\":\"https:\\\/\\\/nuestrostories.com\\\/es\\\/\",\"name\":\"Nuestro Stories\",\"description\":\"Latino Heritage. Every Day.\",\"publisher\":{\"@id\":\"https:\\\/\\\/nuestrostories.com\\\/es\\\/#organization\"},\"potentialAction\":[{\"@type\":\"SearchAction\",\"target\":{\"@type\":\"EntryPoint\",\"urlTemplate\":\"https:\\\/\\\/nuestrostories.com\\\/es\\\/?s={search_term_string}\"},\"query-input\":{\"@type\":\"PropertyValueSpecification\",\"valueRequired\":true,\"valueName\":\"search_term_string\"}}],\"inLanguage\":\"es\"},{\"@type\":\"Organization\",\"@id\":\"https:\\\/\\\/nuestrostories.com\\\/es\\\/#organization\",\"name\":\"Nuestro Stories\",\"url\":\"https:\\\/\\\/nuestrostories.com\\\/es\\\/\",\"logo\":{\"@type\":\"ImageObject\",\"inLanguage\":\"es\",\"@id\":\"https:\\\/\\\/nuestrostories.com\\\/es\\\/#\\\/schema\\\/logo\\\/image\\\/\",\"url\":\"https:\\\/\\\/nuestrostories.com\\\/wp-content\\\/uploads\\\/2021\\\/11\\\/Nuestro-Stories-Logo.png\",\"contentUrl\":\"https:\\\/\\\/nuestrostories.com\\\/wp-content\\\/uploads\\\/2021\\\/11\\\/Nuestro-Stories-Logo.png\",\"width\":282,\"height\":118,\"caption\":\"Nuestro Stories\"},\"image\":{\"@id\":\"https:\\\/\\\/nuestrostories.com\\\/es\\\/#\\\/schema\\\/logo\\\/image\\\/\"}},{\"@type\":\"Person\",\"@id\":\"https:\\\/\\\/nuestrostories.com\\\/es\\\/#\\\/schema\\\/person\\\/fe692762d58cf17bb4772a03dae2d058\",\"name\":\"Iza Montalvo\",\"image\":{\"@type\":\"ImageObject\",\"inLanguage\":\"es\",\"@id\":\"https:\\\/\\\/nuestrostories.com\\\/wp-content\\\/uploads\\\/2023\\\/11\\\/izamontalvo-96x96.png\",\"url\":\"https:\\\/\\\/nuestrostories.com\\\/wp-content\\\/uploads\\\/2023\\\/11\\\/izamontalvo-96x96.png\",\"contentUrl\":\"https:\\\/\\\/nuestrostories.com\\\/wp-content\\\/uploads\\\/2023\\\/11\\\/izamontalvo-96x96.png\",\"caption\":\"Iza Montalvo\"},\"description\":\"Iza Montalvo is an award-winning cross-cultural strategist and founder of The Ol\u00e1n Group, which helps leaders effectively connect with global audiences. She has over 15 years of experience in communications, journalism, and multicultural consulting. Iza is passionate about guiding brands to embrace inclusion, amplify diverse voices, and unite people through purposeful storytelling.\",\"url\":\"https:\\\/\\\/nuestrostories.com\\\/es\\\/author\\\/iza-montalvo\\\/\"}]}<\/script>\n<!-- \/ Yoast SEO plugin. -->","yoast_head_json":{"title":"Cr\u00f3nicas del coquito: La cremosa tradici\u00f3n navide\u00f1a de Puerto Rico - Nuestro Stories","robots":{"index":"index","follow":"follow","max-snippet":"max-snippet:-1","max-image-preview":"max-image-preview:large","max-video-preview":"max-video-preview:-1"},"canonical":"https:\/\/nuestrostories.com\/es\/2023\/11\/cronicas-del-coquito-la-cremosa-tradicion-navidena-de-puerto-rico\/","og_locale":"es_ES","og_type":"article","og_title":"Cr\u00f3nicas del coquito: La cremosa tradici\u00f3n navide\u00f1a de Puerto Rico - Nuestro Stories","og_description":"Por lo que s\u00e9, los puertorrique\u00f1os celebran la temporada navide\u00f1a m\u00e1s larga del mundo. Y ya empez\u00f3. Las fiestas comienzan en noviembre y terminan con las \u00aboctavitas\u00bb, ocho d\u00edas despu\u00e9s del D\u00eda de Reyes, en enero. Y no hay mejor manera de celebrarlo que con nuestras bebidas y comidas tradicionales. Cada Navidad, mi madre sol\u00eda [&hellip;]","og_url":"https:\/\/nuestrostories.com\/es\/2023\/11\/cronicas-del-coquito-la-cremosa-tradicion-navidena-de-puerto-rico\/","og_site_name":"Nuestro Stories","article_published_time":"2023-11-30T14:00:00+00:00","article_modified_time":"2023-11-30T16:20:16+00:00","og_image":[{"width":1024,"height":683,"url":"https:\/\/nuestrostories.com\/wp-content\/uploads\/2023\/11\/coquito-final-1024x683.png","type":"image\/png"}],"author":"Iza Montalvo","twitter_card":"summary_large_image","twitter_misc":{"Escrito por":"Iza Montalvo","Tiempo de lectura":"3 minutos"},"schema":{"@context":"https:\/\/schema.org","@graph":[{"@type":"Article","@id":"https:\/\/nuestrostories.com\/es\/2023\/11\/cronicas-del-coquito-la-cremosa-tradicion-navidena-de-puerto-rico\/#article","isPartOf":{"@id":"https:\/\/nuestrostories.com\/es\/2023\/11\/cronicas-del-coquito-la-cremosa-tradicion-navidena-de-puerto-rico\/"},"author":{"name":"Iza Montalvo","@id":"https:\/\/nuestrostories.com\/es\/#\/schema\/person\/fe692762d58cf17bb4772a03dae2d058"},"headline":"Cr\u00f3nicas del coquito: La cremosa tradici\u00f3n navide\u00f1a de Puerto Rico","datePublished":"2023-11-30T14:00:00+00:00","dateModified":"2023-11-30T16:20:16+00:00","mainEntityOfPage":{"@id":"https:\/\/nuestrostories.com\/es\/2023\/11\/cronicas-del-coquito-la-cremosa-tradicion-navidena-de-puerto-rico\/"},"wordCount":523,"publisher":{"@id":"https:\/\/nuestrostories.com\/es\/#organization"},"image":{"@id":"https:\/\/nuestrostories.com\/es\/2023\/11\/cronicas-del-coquito-la-cremosa-tradicion-navidena-de-puerto-rico\/#primaryimage"},"thumbnailUrl":"https:\/\/nuestrostories.com\/wp-content\/uploads\/2023\/11\/coquito-final.png","articleSection":["Sin categorizar"],"inLanguage":"es"},{"@type":"WebPage","@id":"https:\/\/nuestrostories.com\/es\/2023\/11\/cronicas-del-coquito-la-cremosa-tradicion-navidena-de-puerto-rico\/","url":"https:\/\/nuestrostories.com\/es\/2023\/11\/cronicas-del-coquito-la-cremosa-tradicion-navidena-de-puerto-rico\/","name":"Cr\u00f3nicas del coquito: La cremosa tradici\u00f3n navide\u00f1a de Puerto Rico - Nuestro Stories","isPartOf":{"@id":"https:\/\/nuestrostories.com\/es\/#website"},"primaryImageOfPage":{"@id":"https:\/\/nuestrostories.com\/es\/2023\/11\/cronicas-del-coquito-la-cremosa-tradicion-navidena-de-puerto-rico\/#primaryimage"},"image":{"@id":"https:\/\/nuestrostories.com\/es\/2023\/11\/cronicas-del-coquito-la-cremosa-tradicion-navidena-de-puerto-rico\/#primaryimage"},"thumbnailUrl":"https:\/\/nuestrostories.com\/wp-content\/uploads\/2023\/11\/coquito-final.png","datePublished":"2023-11-30T14:00:00+00:00","dateModified":"2023-11-30T16:20:16+00:00","breadcrumb":{"@id":"https:\/\/nuestrostories.com\/es\/2023\/11\/cronicas-del-coquito-la-cremosa-tradicion-navidena-de-puerto-rico\/#breadcrumb"},"inLanguage":"es","potentialAction":[{"@type":"ReadAction","target":["https:\/\/nuestrostories.com\/es\/2023\/11\/cronicas-del-coquito-la-cremosa-tradicion-navidena-de-puerto-rico\/"]}]},{"@type":"ImageObject","inLanguage":"es","@id":"https:\/\/nuestrostories.com\/es\/2023\/11\/cronicas-del-coquito-la-cremosa-tradicion-navidena-de-puerto-rico\/#primaryimage","url":"https:\/\/nuestrostories.com\/wp-content\/uploads\/2023\/11\/coquito-final.png","contentUrl":"https:\/\/nuestrostories.com\/wp-content\/uploads\/2023\/11\/coquito-final.png","width":1600,"height":1067},{"@type":"BreadcrumbList","@id":"https:\/\/nuestrostories.com\/es\/2023\/11\/cronicas-del-coquito-la-cremosa-tradicion-navidena-de-puerto-rico\/#breadcrumb","itemListElement":[{"@type":"ListItem","position":1,"name":"Home","item":"https:\/\/nuestrostories.com\/es\/"},{"@type":"ListItem","position":2,"name":"Cr\u00f3nicas del coquito: La cremosa tradici\u00f3n navide\u00f1a de Puerto Rico"}]},{"@type":"WebSite","@id":"https:\/\/nuestrostories.com\/es\/#website","url":"https:\/\/nuestrostories.com\/es\/","name":"Nuestro Stories","description":"Latino Heritage. Every Day.","publisher":{"@id":"https:\/\/nuestrostories.com\/es\/#organization"},"potentialAction":[{"@type":"SearchAction","target":{"@type":"EntryPoint","urlTemplate":"https:\/\/nuestrostories.com\/es\/?s={search_term_string}"},"query-input":{"@type":"PropertyValueSpecification","valueRequired":true,"valueName":"search_term_string"}}],"inLanguage":"es"},{"@type":"Organization","@id":"https:\/\/nuestrostories.com\/es\/#organization","name":"Nuestro Stories","url":"https:\/\/nuestrostories.com\/es\/","logo":{"@type":"ImageObject","inLanguage":"es","@id":"https:\/\/nuestrostories.com\/es\/#\/schema\/logo\/image\/","url":"https:\/\/nuestrostories.com\/wp-content\/uploads\/2021\/11\/Nuestro-Stories-Logo.png","contentUrl":"https:\/\/nuestrostories.com\/wp-content\/uploads\/2021\/11\/Nuestro-Stories-Logo.png","width":282,"height":118,"caption":"Nuestro Stories"},"image":{"@id":"https:\/\/nuestrostories.com\/es\/#\/schema\/logo\/image\/"}},{"@type":"Person","@id":"https:\/\/nuestrostories.com\/es\/#\/schema\/person\/fe692762d58cf17bb4772a03dae2d058","name":"Iza Montalvo","image":{"@type":"ImageObject","inLanguage":"es","@id":"https:\/\/nuestrostories.com\/wp-content\/uploads\/2023\/11\/izamontalvo-96x96.png","url":"https:\/\/nuestrostories.com\/wp-content\/uploads\/2023\/11\/izamontalvo-96x96.png","contentUrl":"https:\/\/nuestrostories.com\/wp-content\/uploads\/2023\/11\/izamontalvo-96x96.png","caption":"Iza Montalvo"},"description":"Iza Montalvo is an award-winning cross-cultural strategist and founder of The Ol\u00e1n Group, which helps leaders effectively connect with global audiences. She has over 15 years of experience in communications, journalism, and multicultural consulting. Iza is passionate about guiding brands to embrace inclusion, amplify diverse voices, and unite people through purposeful storytelling.","url":"https:\/\/nuestrostories.com\/es\/author\/iza-montalvo\/"}]}},"_links":{"self":[{"href":"https:\/\/nuestrostories.com\/es\/wp-json\/wp\/v2\/posts\/12833","targetHints":{"allow":["GET"]}}],"collection":[{"href":"https:\/\/nuestrostories.com\/es\/wp-json\/wp\/v2\/posts"}],"about":[{"href":"https:\/\/nuestrostories.com\/es\/wp-json\/wp\/v2\/types\/post"}],"author":[{"embeddable":true,"href":"https:\/\/nuestrostories.com\/es\/wp-json\/wp\/v2\/users\/24"}],"replies":[{"embeddable":true,"href":"https:\/\/nuestrostories.com\/es\/wp-json\/wp\/v2\/comments?post=12833"}],"version-history":[{"count":1,"href":"https:\/\/nuestrostories.com\/es\/wp-json\/wp\/v2\/posts\/12833\/revisions"}],"predecessor-version":[{"id":12834,"href":"https:\/\/nuestrostories.com\/es\/wp-json\/wp\/v2\/posts\/12833\/revisions\/12834"}],"wp:featuredmedia":[{"embeddable":true,"href":"https:\/\/nuestrostories.com\/es\/wp-json\/wp\/v2\/media\/12817"}],"wp:attachment":[{"href":"https:\/\/nuestrostories.com\/es\/wp-json\/wp\/v2\/media?parent=12833"}],"wp:term":[{"taxonomy":"category","embeddable":true,"href":"https:\/\/nuestrostories.com\/es\/wp-json\/wp\/v2\/categories?post=12833"},{"taxonomy":"post_tag","embeddable":true,"href":"https:\/\/nuestrostories.com\/es\/wp-json\/wp\/v2\/tags?post=12833"}],"curies":[{"name":"wp","href":"https:\/\/api.w.org\/{rel}","templated":true}]}}