{"id":13332,"date":"2023-12-21T14:00:00","date_gmt":"2023-12-21T14:00:00","guid":{"rendered":"https:\/\/nuestrostories.com\/?p=13332"},"modified":"2023-12-13T14:10:42","modified_gmt":"2023-12-13T14:10:42","slug":"la-historia-jamas-contada-de-el-burrito-sabanero","status":"publish","type":"post","link":"https:\/\/nuestrostories.com\/es\/2023\/12\/la-historia-jamas-contada-de-el-burrito-sabanero\/","title":{"rendered":"La historia jam\u00e1s contada de \u2018El burrito sabanero\u2019"},"content":{"rendered":"\n<p>La m\u00fasica y las fiestas van de la mano.<\/p>\n\n\n\n<p>Y, cuando se trata de <em>Mi burrito sabanero<\/em>, no es solo m\u00fasica. Es una tradici\u00f3n navide\u00f1a.<\/p>\n\n\n\n<p>Cada a\u00f1o, la canci\u00f3n original, con m\u00e1s de 129 millones de visitas en YouTube, act\u00faa como un puente musical que conecta generaciones y culturas.<\/p>\n\n\n\n<p>\u00ab&#8230; es una de esas canciones omnipresentes de las que no puedes escapar. La escuchas en coros, fiestas e incluso centros comerciales\u00bb, explica F\u00e9lix Contreras, de <a href=\"https:\/\/www.npr.org\/2014\/12\/23\/372623556\/gaby-moreno-s-el-burrito-sabanero-welcome-update-to-a-holiday-song\">NPR<\/a>. <\/p>\n\n\n\n<p>Sin embargo, la historia de <em>El burrito sabanero<\/em> no es precisamente feliz.<\/p>\n\n\n\n<figure class=\"wp-block-embed is-type-video is-provider-youtube wp-block-embed-youtube wp-embed-aspect-4-3 wp-has-aspect-ratio\"><div class=\"wp-block-embed__wrapper\">\n<iframe loading=\"lazy\" title=\"Mi Burrito Sabanero\" width=\"800\" height=\"600\" src=\"https:\/\/www.youtube.com\/embed\/_Wrc6Q7acME?feature=oembed\" frameborder=\"0\" allow=\"accelerometer; autoplay; clipboard-write; encrypted-media; gyroscope; picture-in-picture; web-share\" referrerpolicy=\"strict-origin-when-cross-origin\" allowfullscreen><\/iframe>\n<\/div><\/figure>\n\n\n\n<h2 class=\"wp-block-heading\"><strong>La voz olvidada de <em>El burrito sabanero<\/em><\/strong><\/h2>\n\n\n\n<p>En 1972, el compositor venezolano Hugo Blanco escribi\u00f3 esta emblem\u00e1tica canci\u00f3n.<\/p>\n\n\n\n<p>Blanco, venerado como \u201cEl Maestro\u201d, era conocido por sus numerosas composiciones, entre ellas el bolero <em>Moliendo Caf\u00e9<\/em>.<\/p>\n\n\n\n<p>A\u00f1os m\u00e1s tarde, en 1976, la canci\u00f3n cobr\u00f3 vida gracias a un conjunto infantil conocido como La Rondallita. <em>Mi burrito sabanero<\/em> tiene una letra sencilla y repetitiva, acorde con el estilo habitual en muchas canciones infantiles.<\/p>\n\n\n\n<p>Interpretada inicialmente por el cantante venezolano Sim\u00f3n D\u00edaz, Blanco imagin\u00f3 una versi\u00f3n m\u00e1s adecuada con voces juveniles. Colabor\u00f3 con el Coro Infantil de Venezuela y su director, Ra\u00fal Cabrera, para adaptar la canci\u00f3n a un coro infantil. As\u00ed se cre\u00f3 el grupo La Rondallita.<\/p>\n\n\n\n<p>El cantante detr\u00e1s del cl\u00e1sico navide\u00f1o <em>El burrito sabanero<\/em> era un entonces un ni\u00f1o de ocho a\u00f1os, Ricardo Cuenci. <\/p>\n\n\n\n<p>El pasado mes de diciembre de 2022, el YouTuber, y m\u00fasico, C\u00e9sar Mu\u00f1oz, public\u00f3 un video en su canal de YouTube \u00abLa Cata Musical\u00bb contando lo que entonces era la historia no contada de la vida de Cuenci.<\/p>\n\n\n\n<figure class=\"wp-block-embed is-type-video is-provider-youtube wp-block-embed-youtube wp-embed-aspect-16-9 wp-has-aspect-ratio\"><div class=\"wp-block-embed__wrapper\">\n<iframe loading=\"lazy\" title=\"La historia del NI\u00d1O que cant\u00f3 EL BURRITO SABANERO, contada por \u00e9l mismo\" width=\"800\" height=\"450\" src=\"https:\/\/www.youtube.com\/embed\/xqFHIbWBlnI?feature=oembed\" frameborder=\"0\" allow=\"accelerometer; autoplay; clipboard-write; encrypted-media; gyroscope; picture-in-picture; web-share\" referrerpolicy=\"strict-origin-when-cross-origin\" allowfullscreen><\/iframe>\n<\/div><\/figure>\n\n\n\n<h2 class=\"wp-block-heading\"><strong>Corregir un error navide\u00f1o<\/strong><\/h2>\n\n\n\n<p>En esa entrevista, Cuenci dijo que nunca recibi\u00f3 ning\u00fan tipo de pago por cantar una canci\u00f3n que suena en casi todos los hogares latinoamericanos del mundo al menos una vez al a\u00f1o.<\/p>\n\n\n\n<p>Mu\u00f1oz tom\u00f3 la decisi\u00f3n de enmendar los errores de las Navidades pasadas. As\u00ed que cont\u00f3 la historia de Cuenci con la esperanza de recaudar dinero para darle al cantante lo que se merece.<\/p>\n\n\n\n<p>El video ha acumulado m\u00e1s de 3 millones de visitas y ha creado una p\u00e1gina de <a href=\"https:\/\/www.gofundme.com\/f\/ayudemos-a-ricardo-cuenci-el-burrito-sabanero\">GoFundMe<\/a> con un objetivo de solo $5,000.<\/p>\n\n\n\n<p>\u00abRicardo nunca recibi\u00f3 ning\u00fan tipo de compensaci\u00f3n, ni por la grabaci\u00f3n ni por las actuaciones en directo que hizo cuando era un ni\u00f1o\u00bb, escribe Mu\u00f1oz en la p\u00e1gina de GoFundMe. \u00abHoy, su situaci\u00f3n vital es complicada. Ha pasado por momentos muy dif\u00edciles, y recientemente, su casa fue completamente robada y saqueada\u00bb.<\/p>\n\n\n\n<p>El m\u00fasico, escritor y creador de la campa\u00f1a de GoFundMe dice que mantendr\u00e1 informados a los donantes en su canal de YouTube.<\/p>\n\n\n\n<p>\u00abEsta campa\u00f1a pretende dar a Ricardo Cuenci la oportunidad de rehacer su vida, as\u00ed como compensar econ\u00f3micamente la alegr\u00eda que nos ha proporcionado durante m\u00e1s de cuatro d\u00e9cadas a trav\u00e9s de su legendaria actuaci\u00f3n\u00bb, explic\u00f3. <\/p>\n\n\n\n<p>Hasta la fecha, ha recaudado m\u00e1s de $35,000 para Cuenci y su familia.<\/p>\n","protected":false},"excerpt":{"rendered":"<p>La m\u00fasica y las fiestas van de la mano. Y, cuando se trata de Mi burrito sabanero, no es solo m\u00fasica. Es una tradici\u00f3n navide\u00f1a. Cada a\u00f1o, la canci\u00f3n original, con m\u00e1s de 129 millones de visitas en YouTube, act\u00faa como un puente musical que conecta generaciones y culturas. \u00ab&#8230; es una de esas canciones [&hellip;]<\/p>\n","protected":false},"author":6,"featured_media":13518,"comment_status":"closed","ping_status":"open","sticky":false,"template":"","format":"standard","meta":{"_acf_changed":false,"footnotes":""},"categories":[1280,1286],"tags":[],"class_list":["post-13332","post","type-post","status-publish","format-standard","has-post-thumbnail","hentry","category-cathy-writer-es","category-that-latino-song-es"],"acf":[],"yoast_head":"<!-- This site is optimized with the Yoast SEO plugin v27.3 - https:\/\/yoast.com\/product\/yoast-seo-wordpress\/ -->\n<title>La historia jam\u00e1s contada de \u2018El burrito sabanero\u2019 - Nuestro Stories<\/title>\n<meta name=\"robots\" content=\"index, follow, max-snippet:-1, max-image-preview:large, max-video-preview:-1\" \/>\n<link rel=\"canonical\" href=\"https:\/\/nuestrostories.com\/es\/2023\/12\/la-historia-jamas-contada-de-el-burrito-sabanero\/\" \/>\n<meta property=\"og:locale\" content=\"es_ES\" \/>\n<meta property=\"og:type\" content=\"article\" \/>\n<meta property=\"og:title\" content=\"La historia jam\u00e1s contada de \u2018El burrito sabanero\u2019 - Nuestro Stories\" \/>\n<meta property=\"og:description\" content=\"La m\u00fasica y las fiestas van de la mano. Y, cuando se trata de Mi burrito sabanero, no es solo m\u00fasica. Es una tradici\u00f3n navide\u00f1a. Cada a\u00f1o, la canci\u00f3n original, con m\u00e1s de 129 millones de visitas en YouTube, act\u00faa como un puente musical que conecta generaciones y culturas. \u00ab&#8230; es una de esas canciones [&hellip;]\" \/>\n<meta property=\"og:url\" content=\"https:\/\/nuestrostories.com\/es\/2023\/12\/la-historia-jamas-contada-de-el-burrito-sabanero\/\" \/>\n<meta property=\"og:site_name\" content=\"Nuestro Stories\" \/>\n<meta property=\"article:published_time\" content=\"2023-12-21T14:00:00+00:00\" \/>\n<meta property=\"og:image\" content=\"https:\/\/nuestrostories.com\/wp-content\/uploads\/2023\/12\/The-Untold-Story-of-El-Burrito-Sabanero-1.png\" \/>\n\t<meta property=\"og:image:width\" content=\"2000\" \/>\n\t<meta property=\"og:image:height\" content=\"1125\" \/>\n\t<meta property=\"og:image:type\" content=\"image\/png\" \/>\n<meta name=\"author\" content=\"Catherine Jones\" \/>\n<meta name=\"twitter:card\" content=\"summary_large_image\" \/>\n<meta name=\"twitter:label1\" content=\"Escrito por\" \/>\n\t<meta name=\"twitter:data1\" content=\"Catherine Jones\" \/>\n\t<meta name=\"twitter:label2\" content=\"Tiempo de lectura\" \/>\n\t<meta name=\"twitter:data2\" content=\"3 minutos\" \/>\n<script type=\"application\/ld+json\" class=\"yoast-schema-graph\">{\"@context\":\"https:\\\/\\\/schema.org\",\"@graph\":[{\"@type\":\"Article\",\"@id\":\"https:\\\/\\\/nuestrostories.com\\\/es\\\/2023\\\/12\\\/la-historia-jamas-contada-de-el-burrito-sabanero\\\/#article\",\"isPartOf\":{\"@id\":\"https:\\\/\\\/nuestrostories.com\\\/es\\\/2023\\\/12\\\/la-historia-jamas-contada-de-el-burrito-sabanero\\\/\"},\"author\":{\"name\":\"Catherine Jones\",\"@id\":\"https:\\\/\\\/nuestrostories.com\\\/es\\\/#\\\/schema\\\/person\\\/dc43e0beaa8e71393bfdd7e799a4e9d8\"},\"headline\":\"La historia jam\u00e1s contada de \u2018El burrito sabanero\u2019\",\"datePublished\":\"2023-12-21T14:00:00+00:00\",\"mainEntityOfPage\":{\"@id\":\"https:\\\/\\\/nuestrostories.com\\\/es\\\/2023\\\/12\\\/la-historia-jamas-contada-de-el-burrito-sabanero\\\/\"},\"wordCount\":544,\"publisher\":{\"@id\":\"https:\\\/\\\/nuestrostories.com\\\/es\\\/#organization\"},\"image\":{\"@id\":\"https:\\\/\\\/nuestrostories.com\\\/es\\\/2023\\\/12\\\/la-historia-jamas-contada-de-el-burrito-sabanero\\\/#primaryimage\"},\"thumbnailUrl\":\"https:\\\/\\\/nuestrostories.com\\\/wp-content\\\/uploads\\\/2023\\\/12\\\/The-Untold-Story-of-El-Burrito-Sabanero-1.png\",\"articleSection\":[\"Cathy\",\"THAT LATINO SONG\"],\"inLanguage\":\"es\"},{\"@type\":\"WebPage\",\"@id\":\"https:\\\/\\\/nuestrostories.com\\\/es\\\/2023\\\/12\\\/la-historia-jamas-contada-de-el-burrito-sabanero\\\/\",\"url\":\"https:\\\/\\\/nuestrostories.com\\\/es\\\/2023\\\/12\\\/la-historia-jamas-contada-de-el-burrito-sabanero\\\/\",\"name\":\"La historia jam\u00e1s contada de \u2018El burrito sabanero\u2019 - Nuestro Stories\",\"isPartOf\":{\"@id\":\"https:\\\/\\\/nuestrostories.com\\\/es\\\/#website\"},\"primaryImageOfPage\":{\"@id\":\"https:\\\/\\\/nuestrostories.com\\\/es\\\/2023\\\/12\\\/la-historia-jamas-contada-de-el-burrito-sabanero\\\/#primaryimage\"},\"image\":{\"@id\":\"https:\\\/\\\/nuestrostories.com\\\/es\\\/2023\\\/12\\\/la-historia-jamas-contada-de-el-burrito-sabanero\\\/#primaryimage\"},\"thumbnailUrl\":\"https:\\\/\\\/nuestrostories.com\\\/wp-content\\\/uploads\\\/2023\\\/12\\\/The-Untold-Story-of-El-Burrito-Sabanero-1.png\",\"datePublished\":\"2023-12-21T14:00:00+00:00\",\"breadcrumb\":{\"@id\":\"https:\\\/\\\/nuestrostories.com\\\/es\\\/2023\\\/12\\\/la-historia-jamas-contada-de-el-burrito-sabanero\\\/#breadcrumb\"},\"inLanguage\":\"es\",\"potentialAction\":[{\"@type\":\"ReadAction\",\"target\":[\"https:\\\/\\\/nuestrostories.com\\\/es\\\/2023\\\/12\\\/la-historia-jamas-contada-de-el-burrito-sabanero\\\/\"]}]},{\"@type\":\"ImageObject\",\"inLanguage\":\"es\",\"@id\":\"https:\\\/\\\/nuestrostories.com\\\/es\\\/2023\\\/12\\\/la-historia-jamas-contada-de-el-burrito-sabanero\\\/#primaryimage\",\"url\":\"https:\\\/\\\/nuestrostories.com\\\/wp-content\\\/uploads\\\/2023\\\/12\\\/The-Untold-Story-of-El-Burrito-Sabanero-1.png\",\"contentUrl\":\"https:\\\/\\\/nuestrostories.com\\\/wp-content\\\/uploads\\\/2023\\\/12\\\/The-Untold-Story-of-El-Burrito-Sabanero-1.png\",\"width\":2000,\"height\":1125},{\"@type\":\"BreadcrumbList\",\"@id\":\"https:\\\/\\\/nuestrostories.com\\\/es\\\/2023\\\/12\\\/la-historia-jamas-contada-de-el-burrito-sabanero\\\/#breadcrumb\",\"itemListElement\":[{\"@type\":\"ListItem\",\"position\":1,\"name\":\"Home\",\"item\":\"https:\\\/\\\/nuestrostories.com\\\/es\\\/\"},{\"@type\":\"ListItem\",\"position\":2,\"name\":\"La historia jam\u00e1s contada de \u2018El burrito sabanero\u2019\"}]},{\"@type\":\"WebSite\",\"@id\":\"https:\\\/\\\/nuestrostories.com\\\/es\\\/#website\",\"url\":\"https:\\\/\\\/nuestrostories.com\\\/es\\\/\",\"name\":\"Nuestro Stories\",\"description\":\"Latino Heritage. Every Day.\",\"publisher\":{\"@id\":\"https:\\\/\\\/nuestrostories.com\\\/es\\\/#organization\"},\"potentialAction\":[{\"@type\":\"SearchAction\",\"target\":{\"@type\":\"EntryPoint\",\"urlTemplate\":\"https:\\\/\\\/nuestrostories.com\\\/es\\\/?s={search_term_string}\"},\"query-input\":{\"@type\":\"PropertyValueSpecification\",\"valueRequired\":true,\"valueName\":\"search_term_string\"}}],\"inLanguage\":\"es\"},{\"@type\":\"Organization\",\"@id\":\"https:\\\/\\\/nuestrostories.com\\\/es\\\/#organization\",\"name\":\"Nuestro Stories\",\"url\":\"https:\\\/\\\/nuestrostories.com\\\/es\\\/\",\"logo\":{\"@type\":\"ImageObject\",\"inLanguage\":\"es\",\"@id\":\"https:\\\/\\\/nuestrostories.com\\\/es\\\/#\\\/schema\\\/logo\\\/image\\\/\",\"url\":\"https:\\\/\\\/nuestrostories.com\\\/wp-content\\\/uploads\\\/2021\\\/11\\\/Nuestro-Stories-Logo.png\",\"contentUrl\":\"https:\\\/\\\/nuestrostories.com\\\/wp-content\\\/uploads\\\/2021\\\/11\\\/Nuestro-Stories-Logo.png\",\"width\":282,\"height\":118,\"caption\":\"Nuestro Stories\"},\"image\":{\"@id\":\"https:\\\/\\\/nuestrostories.com\\\/es\\\/#\\\/schema\\\/logo\\\/image\\\/\"}},{\"@type\":\"Person\",\"@id\":\"https:\\\/\\\/nuestrostories.com\\\/es\\\/#\\\/schema\\\/person\\\/dc43e0beaa8e71393bfdd7e799a4e9d8\",\"name\":\"Catherine Jones\",\"image\":{\"@type\":\"ImageObject\",\"inLanguage\":\"es\",\"@id\":\"https:\\\/\\\/nuestrostories.com\\\/wp-content\\\/uploads\\\/2023\\\/10\\\/IMG_20231112_232913-96x96.jpg\",\"url\":\"https:\\\/\\\/nuestrostories.com\\\/wp-content\\\/uploads\\\/2023\\\/10\\\/IMG_20231112_232913-96x96.jpg\",\"contentUrl\":\"https:\\\/\\\/nuestrostories.com\\\/wp-content\\\/uploads\\\/2023\\\/10\\\/IMG_20231112_232913-96x96.jpg\",\"caption\":\"Catherine Jones\"},\"description\":\"Cathy\u2019s writing has appeared in The Washington Post Magazine, USA Weekend, People, Romper.com, The Miami New Times, and dozens of other media publications and online sites. Her opinion pieces have appeared on Today.com, El Tiempo Latino, and more.\",\"url\":\"https:\\\/\\\/nuestrostories.com\\\/es\\\/author\\\/cathy\\\/\"}]}<\/script>\n<!-- \/ Yoast SEO plugin. -->","yoast_head_json":{"title":"La historia jam\u00e1s contada de \u2018El burrito sabanero\u2019 - Nuestro Stories","robots":{"index":"index","follow":"follow","max-snippet":"max-snippet:-1","max-image-preview":"max-image-preview:large","max-video-preview":"max-video-preview:-1"},"canonical":"https:\/\/nuestrostories.com\/es\/2023\/12\/la-historia-jamas-contada-de-el-burrito-sabanero\/","og_locale":"es_ES","og_type":"article","og_title":"La historia jam\u00e1s contada de \u2018El burrito sabanero\u2019 - Nuestro Stories","og_description":"La m\u00fasica y las fiestas van de la mano. Y, cuando se trata de Mi burrito sabanero, no es solo m\u00fasica. Es una tradici\u00f3n navide\u00f1a. Cada a\u00f1o, la canci\u00f3n original, con m\u00e1s de 129 millones de visitas en YouTube, act\u00faa como un puente musical que conecta generaciones y culturas. \u00ab&#8230; es una de esas canciones [&hellip;]","og_url":"https:\/\/nuestrostories.com\/es\/2023\/12\/la-historia-jamas-contada-de-el-burrito-sabanero\/","og_site_name":"Nuestro Stories","article_published_time":"2023-12-21T14:00:00+00:00","og_image":[{"width":2000,"height":1125,"url":"https:\/\/nuestrostories.com\/wp-content\/uploads\/2023\/12\/The-Untold-Story-of-El-Burrito-Sabanero-1.png","type":"image\/png"}],"author":"Catherine Jones","twitter_card":"summary_large_image","twitter_misc":{"Escrito por":"Catherine Jones","Tiempo de lectura":"3 minutos"},"schema":{"@context":"https:\/\/schema.org","@graph":[{"@type":"Article","@id":"https:\/\/nuestrostories.com\/es\/2023\/12\/la-historia-jamas-contada-de-el-burrito-sabanero\/#article","isPartOf":{"@id":"https:\/\/nuestrostories.com\/es\/2023\/12\/la-historia-jamas-contada-de-el-burrito-sabanero\/"},"author":{"name":"Catherine Jones","@id":"https:\/\/nuestrostories.com\/es\/#\/schema\/person\/dc43e0beaa8e71393bfdd7e799a4e9d8"},"headline":"La historia jam\u00e1s contada de \u2018El burrito sabanero\u2019","datePublished":"2023-12-21T14:00:00+00:00","mainEntityOfPage":{"@id":"https:\/\/nuestrostories.com\/es\/2023\/12\/la-historia-jamas-contada-de-el-burrito-sabanero\/"},"wordCount":544,"publisher":{"@id":"https:\/\/nuestrostories.com\/es\/#organization"},"image":{"@id":"https:\/\/nuestrostories.com\/es\/2023\/12\/la-historia-jamas-contada-de-el-burrito-sabanero\/#primaryimage"},"thumbnailUrl":"https:\/\/nuestrostories.com\/wp-content\/uploads\/2023\/12\/The-Untold-Story-of-El-Burrito-Sabanero-1.png","articleSection":["Cathy","THAT LATINO SONG"],"inLanguage":"es"},{"@type":"WebPage","@id":"https:\/\/nuestrostories.com\/es\/2023\/12\/la-historia-jamas-contada-de-el-burrito-sabanero\/","url":"https:\/\/nuestrostories.com\/es\/2023\/12\/la-historia-jamas-contada-de-el-burrito-sabanero\/","name":"La historia jam\u00e1s contada de \u2018El burrito sabanero\u2019 - Nuestro Stories","isPartOf":{"@id":"https:\/\/nuestrostories.com\/es\/#website"},"primaryImageOfPage":{"@id":"https:\/\/nuestrostories.com\/es\/2023\/12\/la-historia-jamas-contada-de-el-burrito-sabanero\/#primaryimage"},"image":{"@id":"https:\/\/nuestrostories.com\/es\/2023\/12\/la-historia-jamas-contada-de-el-burrito-sabanero\/#primaryimage"},"thumbnailUrl":"https:\/\/nuestrostories.com\/wp-content\/uploads\/2023\/12\/The-Untold-Story-of-El-Burrito-Sabanero-1.png","datePublished":"2023-12-21T14:00:00+00:00","breadcrumb":{"@id":"https:\/\/nuestrostories.com\/es\/2023\/12\/la-historia-jamas-contada-de-el-burrito-sabanero\/#breadcrumb"},"inLanguage":"es","potentialAction":[{"@type":"ReadAction","target":["https:\/\/nuestrostories.com\/es\/2023\/12\/la-historia-jamas-contada-de-el-burrito-sabanero\/"]}]},{"@type":"ImageObject","inLanguage":"es","@id":"https:\/\/nuestrostories.com\/es\/2023\/12\/la-historia-jamas-contada-de-el-burrito-sabanero\/#primaryimage","url":"https:\/\/nuestrostories.com\/wp-content\/uploads\/2023\/12\/The-Untold-Story-of-El-Burrito-Sabanero-1.png","contentUrl":"https:\/\/nuestrostories.com\/wp-content\/uploads\/2023\/12\/The-Untold-Story-of-El-Burrito-Sabanero-1.png","width":2000,"height":1125},{"@type":"BreadcrumbList","@id":"https:\/\/nuestrostories.com\/es\/2023\/12\/la-historia-jamas-contada-de-el-burrito-sabanero\/#breadcrumb","itemListElement":[{"@type":"ListItem","position":1,"name":"Home","item":"https:\/\/nuestrostories.com\/es\/"},{"@type":"ListItem","position":2,"name":"La historia jam\u00e1s contada de \u2018El burrito sabanero\u2019"}]},{"@type":"WebSite","@id":"https:\/\/nuestrostories.com\/es\/#website","url":"https:\/\/nuestrostories.com\/es\/","name":"Nuestro Stories","description":"Latino Heritage. Every Day.","publisher":{"@id":"https:\/\/nuestrostories.com\/es\/#organization"},"potentialAction":[{"@type":"SearchAction","target":{"@type":"EntryPoint","urlTemplate":"https:\/\/nuestrostories.com\/es\/?s={search_term_string}"},"query-input":{"@type":"PropertyValueSpecification","valueRequired":true,"valueName":"search_term_string"}}],"inLanguage":"es"},{"@type":"Organization","@id":"https:\/\/nuestrostories.com\/es\/#organization","name":"Nuestro Stories","url":"https:\/\/nuestrostories.com\/es\/","logo":{"@type":"ImageObject","inLanguage":"es","@id":"https:\/\/nuestrostories.com\/es\/#\/schema\/logo\/image\/","url":"https:\/\/nuestrostories.com\/wp-content\/uploads\/2021\/11\/Nuestro-Stories-Logo.png","contentUrl":"https:\/\/nuestrostories.com\/wp-content\/uploads\/2021\/11\/Nuestro-Stories-Logo.png","width":282,"height":118,"caption":"Nuestro Stories"},"image":{"@id":"https:\/\/nuestrostories.com\/es\/#\/schema\/logo\/image\/"}},{"@type":"Person","@id":"https:\/\/nuestrostories.com\/es\/#\/schema\/person\/dc43e0beaa8e71393bfdd7e799a4e9d8","name":"Catherine Jones","image":{"@type":"ImageObject","inLanguage":"es","@id":"https:\/\/nuestrostories.com\/wp-content\/uploads\/2023\/10\/IMG_20231112_232913-96x96.jpg","url":"https:\/\/nuestrostories.com\/wp-content\/uploads\/2023\/10\/IMG_20231112_232913-96x96.jpg","contentUrl":"https:\/\/nuestrostories.com\/wp-content\/uploads\/2023\/10\/IMG_20231112_232913-96x96.jpg","caption":"Catherine Jones"},"description":"Cathy\u2019s writing has appeared in The Washington Post Magazine, USA Weekend, People, Romper.com, The Miami New Times, and dozens of other media publications and online sites. Her opinion pieces have appeared on Today.com, El Tiempo Latino, and more.","url":"https:\/\/nuestrostories.com\/es\/author\/cathy\/"}]}},"_links":{"self":[{"href":"https:\/\/nuestrostories.com\/es\/wp-json\/wp\/v2\/posts\/13332","targetHints":{"allow":["GET"]}}],"collection":[{"href":"https:\/\/nuestrostories.com\/es\/wp-json\/wp\/v2\/posts"}],"about":[{"href":"https:\/\/nuestrostories.com\/es\/wp-json\/wp\/v2\/types\/post"}],"author":[{"embeddable":true,"href":"https:\/\/nuestrostories.com\/es\/wp-json\/wp\/v2\/users\/6"}],"replies":[{"embeddable":true,"href":"https:\/\/nuestrostories.com\/es\/wp-json\/wp\/v2\/comments?post=13332"}],"version-history":[{"count":1,"href":"https:\/\/nuestrostories.com\/es\/wp-json\/wp\/v2\/posts\/13332\/revisions"}],"predecessor-version":[{"id":13333,"href":"https:\/\/nuestrostories.com\/es\/wp-json\/wp\/v2\/posts\/13332\/revisions\/13333"}],"wp:featuredmedia":[{"embeddable":true,"href":"https:\/\/nuestrostories.com\/es\/wp-json\/wp\/v2\/media\/13518"}],"wp:attachment":[{"href":"https:\/\/nuestrostories.com\/es\/wp-json\/wp\/v2\/media?parent=13332"}],"wp:term":[{"taxonomy":"category","embeddable":true,"href":"https:\/\/nuestrostories.com\/es\/wp-json\/wp\/v2\/categories?post=13332"},{"taxonomy":"post_tag","embeddable":true,"href":"https:\/\/nuestrostories.com\/es\/wp-json\/wp\/v2\/tags?post=13332"}],"curies":[{"name":"wp","href":"https:\/\/api.w.org\/{rel}","templated":true}]}}