{"id":13855,"date":"2023-12-27T09:00:00","date_gmt":"2023-12-27T14:00:00","guid":{"rendered":"https:\/\/nuestrostories.com\/?p=13855"},"modified":"2023-12-28T15:59:20","modified_gmt":"2023-12-28T20:59:20","slug":"la-crisis-de-los-misiles-de-cuba-y-una-cancion","status":"publish","type":"post","link":"https:\/\/nuestrostories.com\/es\/2023\/12\/la-crisis-de-los-misiles-de-cuba-y-una-cancion\/","title":{"rendered":"La Crisis de los Misiles de Cuba y una canci\u00f3n"},"content":{"rendered":"\n<p>En octubre de 1962, Estados Unidos y la Uni\u00f3n Sovi\u00e9tica se enfrentaban en un pulso pol\u00edtico y militar. Los sovi\u00e9ticos hab\u00edan desplegado misiles en Cuba, justo a las puertas de Estados Unidos.&nbsp;<\/p>\n\n\n\n<p>A eso le siguieron trece d\u00edas de angustia. El mundo entero estaba al borde de una guerra nuclear.<\/p>\n\n\n\n<p>Entonces ocurri\u00f3 algo m\u00e1gico: en medio de este caos, los compositores N\u00f6el Regney y Gloria Shayne crearon la cl\u00e1sica canci\u00f3n navide\u00f1a <em>Do You Hear What I Hear?<\/em>.&nbsp;<\/p>\n\n\n\n<p>Era una honesta petici\u00f3n de paz en una \u00e9poca de tensi\u00f3n mundial.<\/p>\n\n\n\n<p>\u00abNoel escribi\u00f3 una canci\u00f3n preciosa\u00bb, dijo Shayne m\u00e1s tarde, seg\u00fan los <a href=\"https:\/\/www.franciscanmedia.org\/st-anthony-messenger\/december-2017\/do-you-hear-what-i-hear-the-story-behind-the-song\/\">medios franciscanos<\/a>, y a\u00f1adi\u00f3 \u00abY yo escrib\u00ed la m\u00fasica. No pudimos cantarla entera; nos destroz\u00f3. Lloramos. Nuestra peque\u00f1a canci\u00f3n nos destroz\u00f3. Debes darte cuenta de que hab\u00eda una amenaza de guerra nuclear en aquel momento\u00bb.<\/p>\n\n\n\n<p>Sin embargo, nunca se les pidi\u00f3 que escribieran sobre la amenaza de una guerra nuclear.<\/p>\n\n\n\n<p>\u00bfPor qu\u00e9 lo hicieron?<\/p>\n\n\n\n<figure class=\"wp-block-embed is-type-video is-provider-youtube wp-block-embed-youtube wp-embed-aspect-16-9 wp-has-aspect-ratio\"><div class=\"wp-block-embed__wrapper\">\n<iframe loading=\"lazy\" title=\"Do You Hear What I Hear\" width=\"800\" height=\"450\" src=\"https:\/\/www.youtube.com\/embed\/XKl4yrkuc7E?feature=oembed\" frameborder=\"0\" allow=\"accelerometer; autoplay; clipboard-write; encrypted-media; gyroscope; picture-in-picture; web-share\" referrerpolicy=\"strict-origin-when-cross-origin\" allowfullscreen><\/iframe>\n<\/div><\/figure>\n\n\n\n<h2 class=\"wp-block-heading\"><strong>La historia no contada de <em>Do You Hear What I Hear?<\/em><\/strong><\/h2>\n\n\n\n<p>Era el oto\u00f1o de 1962 y un productor discogr\u00e1fico le hab\u00eda pedido a Noel Regney que escribiera una canci\u00f3n para promover la alegr\u00eda de las pr\u00f3ximas fiestas.<\/p>\n\n\n\n<p>\u00abPensaba que nunca escribir\u00eda una canci\u00f3n de Navidad\u00bb, dijo m\u00e1s tarde en una entrevista. \u00abLa Navidad se hab\u00eda vuelto tan comercial, pero era la \u00e9poca de la Crisis de los Misiles de Cuba: en el estudio, el productor escuchaba la radio para ver si nos hab\u00edan borrado\u00bb.<\/p>\n\n\n\n<p>Naturalmente, no pod\u00eda concentrarse en la letra de una canci\u00f3n navide\u00f1a, as\u00ed que escribi\u00f3 otra cosa.<\/p>\n\n\n\n<p>\u00abLos acontecimientos que estaban teniendo lugar le hicieron temer que el mundo estuviera al borde de la Tercera Guerra Mundial, una amenaza para la vida segura y protegida que se hab\u00eda construido en Estados Unidos\u00bb, escribi\u00f3 <a href=\"https:\/\/www.youtube.com\/watch?v=y12LUCvilPE\">FellOffMyUnicornMusic<\/a>.<\/p>\n\n\n\n<p>En una entrevista con Gabrielle Regney, hija de los compositores, esta dijo que su padre se inspir\u00f3 en la famosa letra de la canci\u00f3n cuando paseaba por Nueva York y vio a unos beb\u00e9s.&nbsp;<\/p>\n\n\n\n<p>Regney hab\u00eda dicho que los beb\u00e9s le recordaban \u00aba corderos reci\u00e9n nacidos\u00bb cuando se miraban, as\u00ed que, como resultado, corri\u00f3 a casa para escribir <em>Said the night wind to the little lamb<\/em> como primeras palabras de la canci\u00f3n.<\/p>\n\n\n\n<p>\u00abEsta divisi\u00f3n del trabajo fue un cambio para ellos: en la mayor\u00eda de sus otras colaboraciones, incluida <em>Rain, Rain, Go Away<\/em>, \u00e9l escribi\u00f3 la m\u00fasica y ella la letra\u00bb, report\u00f3 <a href=\"https:\/\/www.nytimes.com\/2008\/03\/11\/arts\/11baker.html?ref=arts\">New York Times<\/a>.<\/p>\n\n\n\n<h2 class=\"wp-block-heading\"><strong><strong><em>A star, dancing in the sky<\/em> es una bomba<\/strong><\/strong><\/h2>\n\n\n\n<p>La letra de <em>Do You Hear What I Hear? <\/em>era un llamamiento a la gente de todo el mundo para que rezara por la paz y trabajara por un mundo mejor.<\/p>\n\n\n\n<p>Un ejemplo del simbolismo de la canci\u00f3n es la l\u00ednea <em>A star, a star, dancing in the sky<\/em>. Se refer\u00edan a una bomba nuclear.<\/p>\n\n\n\n<figure class=\"wp-block-embed is-type-video is-provider-youtube wp-block-embed-youtube wp-embed-aspect-16-9 wp-has-aspect-ratio\"><div class=\"wp-block-embed__wrapper\">\n<iframe loading=\"lazy\" title=\"The Cuban Missile Crisis (1962)\" width=\"800\" height=\"450\" src=\"https:\/\/www.youtube.com\/embed\/XbKCyQn5oTc?feature=oembed\" frameborder=\"0\" allow=\"accelerometer; autoplay; clipboard-write; encrypted-media; gyroscope; picture-in-picture; web-share\" referrerpolicy=\"strict-origin-when-cross-origin\" allowfullscreen><\/iframe>\n<\/div><\/figure>\n\n\n\n<p>Los compositores usaron la imagen de una estrella para representar la esperanza y la luz en la oscuridad de la guerra, pero es sobre todo conocida como una historia de la Natividad.<\/p>\n\n\n\n<p><em>Do You Hear What I Hear?<\/em> fue grabada por primera vez por Harry Simeone Chorale en 1962 y desde entonces se convirti\u00f3 en un cl\u00e1sico navide\u00f1o.<\/p>\n\n\n\n<p>\u00abHa sido grabada sobre todo por Bing Crosby, Perry Como, Robert Goulet, Johnny Mathis y Harry Simeone Chorale, as\u00ed como por Pat Boone, Glen Campbell, Kenny G, Bob Hope, Whitney Houston, Mahalia Jackson, Jim Nabors, Kate Smith, John Tesh, Tropical Flavor Steel Drum Band y la Orquesta Sinf\u00f3nica de las Fuerzas A\u00e9reas de Estados Unidos, entre cientos de otros\u00bb, dijo New York Times.<\/p>\n\n\n\n<p>Hasta la fecha, la canci\u00f3n ha vendido decenas de millones de discos.<\/p>\n\n\n\n<p>\u00abMe asombra que la gente pueda pensar que conoce la canci\u00f3n y no sepa que es una plegaria por la paz\u00bb, le dijo Regney a New York Times en 1985, de acuerdo con la revista Smithsonian. \u00abPero estamos tan bombardeados por el sonido y nuestra capacidad de atenci\u00f3n es tan corta que ahora solo escuchamos los inicios pegadizos\u00bb.<\/p>\n\n\n\n<h2 class=\"wp-block-heading\"><strong><strong>\u00bfQu\u00e9 es la Crisis de los Misiles de Cuba?<\/strong><\/strong><\/h2>\n\n\n\n<p>La Crisis de los Misiles de Cuba se produjo en octubre de 1962, cuando Estados Unidos y la Uni\u00f3n Sovi\u00e9tica se enfrentaron por los misiles bal\u00edsticos sovi\u00e9ticos desplegados en Cuba. Fue un enfrentamiento de 13 d\u00edas que llev\u00f3 a las dos superpotencias al borde de la guerra nuclear. La crisis se resolvi\u00f3 mediante negociaciones diplom\u00e1ticas y Rusia accedi\u00f3 a retirar sus misiles de Cuba.<\/p>\n\n\n\n<p>La Crisis de los Misiles de Cuba se considera a menudo lo m\u00e1s cerca que estuvo el mundo de una guerra nuclear durante la Guerra Fr\u00eda.&nbsp;<\/p>\n\n\n\n<p><em>Imagen destacada: Mapa de Am\u00e9rica del Norte que muestra todo el alcance de los misiles nucleares en construcci\u00f3n en Cuba, usado durante las reuniones secretas sobre la crisis cubana, cortes\u00eda de The John F. Kennedy Presidential Library and Museum, Boston.<\/em><\/p>\n","protected":false},"excerpt":{"rendered":"<p>En octubre de 1962, Estados Unidos y la Uni\u00f3n Sovi\u00e9tica se enfrentaban en un pulso pol\u00edtico y militar. Los sovi\u00e9ticos hab\u00edan desplegado misiles en Cuba, justo a las puertas de Estados Unidos.&nbsp; A eso le siguieron trece d\u00edas de angustia. El mundo entero estaba al borde de una guerra nuclear. Entonces ocurri\u00f3 algo m\u00e1gico: en [&hellip;]<\/p>\n","protected":false},"author":15,"featured_media":13793,"comment_status":"closed","ping_status":"open","sticky":false,"template":"","format":"standard","meta":{"_acf_changed":false,"footnotes":""},"categories":[1284],"tags":[],"class_list":["post-13855","post","type-post","status-publish","format-standard","has-post-thumbnail","hentry","category-sofia-jones-es"],"acf":[],"yoast_head":"<!-- This site is optimized with the Yoast SEO plugin v27.3 - https:\/\/yoast.com\/product\/yoast-seo-wordpress\/ -->\n<title>La Crisis de los Misiles de Cuba y una canci\u00f3n - Nuestro Stories<\/title>\n<meta name=\"robots\" content=\"index, follow, max-snippet:-1, max-image-preview:large, max-video-preview:-1\" \/>\n<link rel=\"canonical\" href=\"https:\/\/nuestrostories.com\/es\/2023\/12\/la-crisis-de-los-misiles-de-cuba-y-una-cancion\/\" \/>\n<meta property=\"og:locale\" content=\"es_ES\" \/>\n<meta property=\"og:type\" content=\"article\" \/>\n<meta property=\"og:title\" content=\"La Crisis de los Misiles de Cuba y una canci\u00f3n - Nuestro Stories\" \/>\n<meta property=\"og:description\" content=\"En octubre de 1962, Estados Unidos y la Uni\u00f3n Sovi\u00e9tica se enfrentaban en un pulso pol\u00edtico y militar. Los sovi\u00e9ticos hab\u00edan desplegado misiles en Cuba, justo a las puertas de Estados Unidos.&nbsp; A eso le siguieron trece d\u00edas de angustia. El mundo entero estaba al borde de una guerra nuclear. Entonces ocurri\u00f3 algo m\u00e1gico: en [&hellip;]\" \/>\n<meta property=\"og:url\" content=\"https:\/\/nuestrostories.com\/es\/2023\/12\/la-crisis-de-los-misiles-de-cuba-y-una-cancion\/\" \/>\n<meta property=\"og:site_name\" content=\"Nuestro Stories\" \/>\n<meta property=\"article:published_time\" content=\"2023-12-27T14:00:00+00:00\" \/>\n<meta property=\"article:modified_time\" content=\"2023-12-28T20:59:20+00:00\" \/>\n<meta property=\"og:image\" content=\"https:\/\/nuestrostories.com\/wp-content\/uploads\/2023\/12\/CubanMissileCrisis.jpg\" \/>\n\t<meta property=\"og:image:width\" content=\"2000\" \/>\n\t<meta property=\"og:image:height\" content=\"1125\" \/>\n\t<meta property=\"og:image:type\" content=\"image\/jpeg\" \/>\n<meta name=\"author\" content=\"Sofia Jones\" \/>\n<meta name=\"twitter:card\" content=\"summary_large_image\" \/>\n<meta name=\"twitter:label1\" content=\"Escrito por\" \/>\n\t<meta name=\"twitter:data1\" content=\"Sofia Jones\" \/>\n\t<meta name=\"twitter:label2\" content=\"Tiempo de lectura\" \/>\n\t<meta name=\"twitter:data2\" content=\"4 minutos\" \/>\n<script type=\"application\/ld+json\" class=\"yoast-schema-graph\">{\"@context\":\"https:\\\/\\\/schema.org\",\"@graph\":[{\"@type\":\"Article\",\"@id\":\"https:\\\/\\\/nuestrostories.com\\\/es\\\/2023\\\/12\\\/la-crisis-de-los-misiles-de-cuba-y-una-cancion\\\/#article\",\"isPartOf\":{\"@id\":\"https:\\\/\\\/nuestrostories.com\\\/es\\\/2023\\\/12\\\/la-crisis-de-los-misiles-de-cuba-y-una-cancion\\\/\"},\"author\":{\"name\":\"Sofia Jones\",\"@id\":\"https:\\\/\\\/nuestrostories.com\\\/es\\\/#\\\/schema\\\/person\\\/f7bdc8938bd660adb03324112709fb5a\"},\"headline\":\"La Crisis de los Misiles de Cuba y una canci\u00f3n\",\"datePublished\":\"2023-12-27T14:00:00+00:00\",\"dateModified\":\"2023-12-28T20:59:20+00:00\",\"mainEntityOfPage\":{\"@id\":\"https:\\\/\\\/nuestrostories.com\\\/es\\\/2023\\\/12\\\/la-crisis-de-los-misiles-de-cuba-y-una-cancion\\\/\"},\"wordCount\":886,\"publisher\":{\"@id\":\"https:\\\/\\\/nuestrostories.com\\\/es\\\/#organization\"},\"image\":{\"@id\":\"https:\\\/\\\/nuestrostories.com\\\/es\\\/2023\\\/12\\\/la-crisis-de-los-misiles-de-cuba-y-una-cancion\\\/#primaryimage\"},\"thumbnailUrl\":\"https:\\\/\\\/nuestrostories.com\\\/wp-content\\\/uploads\\\/2023\\\/12\\\/CubanMissileCrisis.jpg\",\"articleSection\":[\"Sofia Jones\"],\"inLanguage\":\"es\"},{\"@type\":\"WebPage\",\"@id\":\"https:\\\/\\\/nuestrostories.com\\\/es\\\/2023\\\/12\\\/la-crisis-de-los-misiles-de-cuba-y-una-cancion\\\/\",\"url\":\"https:\\\/\\\/nuestrostories.com\\\/es\\\/2023\\\/12\\\/la-crisis-de-los-misiles-de-cuba-y-una-cancion\\\/\",\"name\":\"La Crisis de los Misiles de Cuba y una canci\u00f3n - Nuestro Stories\",\"isPartOf\":{\"@id\":\"https:\\\/\\\/nuestrostories.com\\\/es\\\/#website\"},\"primaryImageOfPage\":{\"@id\":\"https:\\\/\\\/nuestrostories.com\\\/es\\\/2023\\\/12\\\/la-crisis-de-los-misiles-de-cuba-y-una-cancion\\\/#primaryimage\"},\"image\":{\"@id\":\"https:\\\/\\\/nuestrostories.com\\\/es\\\/2023\\\/12\\\/la-crisis-de-los-misiles-de-cuba-y-una-cancion\\\/#primaryimage\"},\"thumbnailUrl\":\"https:\\\/\\\/nuestrostories.com\\\/wp-content\\\/uploads\\\/2023\\\/12\\\/CubanMissileCrisis.jpg\",\"datePublished\":\"2023-12-27T14:00:00+00:00\",\"dateModified\":\"2023-12-28T20:59:20+00:00\",\"breadcrumb\":{\"@id\":\"https:\\\/\\\/nuestrostories.com\\\/es\\\/2023\\\/12\\\/la-crisis-de-los-misiles-de-cuba-y-una-cancion\\\/#breadcrumb\"},\"inLanguage\":\"es\",\"potentialAction\":[{\"@type\":\"ReadAction\",\"target\":[\"https:\\\/\\\/nuestrostories.com\\\/es\\\/2023\\\/12\\\/la-crisis-de-los-misiles-de-cuba-y-una-cancion\\\/\"]}]},{\"@type\":\"ImageObject\",\"inLanguage\":\"es\",\"@id\":\"https:\\\/\\\/nuestrostories.com\\\/es\\\/2023\\\/12\\\/la-crisis-de-los-misiles-de-cuba-y-una-cancion\\\/#primaryimage\",\"url\":\"https:\\\/\\\/nuestrostories.com\\\/wp-content\\\/uploads\\\/2023\\\/12\\\/CubanMissileCrisis.jpg\",\"contentUrl\":\"https:\\\/\\\/nuestrostories.com\\\/wp-content\\\/uploads\\\/2023\\\/12\\\/CubanMissileCrisis.jpg\",\"width\":2000,\"height\":1125},{\"@type\":\"BreadcrumbList\",\"@id\":\"https:\\\/\\\/nuestrostories.com\\\/es\\\/2023\\\/12\\\/la-crisis-de-los-misiles-de-cuba-y-una-cancion\\\/#breadcrumb\",\"itemListElement\":[{\"@type\":\"ListItem\",\"position\":1,\"name\":\"Home\",\"item\":\"https:\\\/\\\/nuestrostories.com\\\/es\\\/\"},{\"@type\":\"ListItem\",\"position\":2,\"name\":\"La Crisis de los Misiles de Cuba y una canci\u00f3n\"}]},{\"@type\":\"WebSite\",\"@id\":\"https:\\\/\\\/nuestrostories.com\\\/es\\\/#website\",\"url\":\"https:\\\/\\\/nuestrostories.com\\\/es\\\/\",\"name\":\"Nuestro Stories\",\"description\":\"Latino Heritage. Every Day.\",\"publisher\":{\"@id\":\"https:\\\/\\\/nuestrostories.com\\\/es\\\/#organization\"},\"potentialAction\":[{\"@type\":\"SearchAction\",\"target\":{\"@type\":\"EntryPoint\",\"urlTemplate\":\"https:\\\/\\\/nuestrostories.com\\\/es\\\/?s={search_term_string}\"},\"query-input\":{\"@type\":\"PropertyValueSpecification\",\"valueRequired\":true,\"valueName\":\"search_term_string\"}}],\"inLanguage\":\"es\"},{\"@type\":\"Organization\",\"@id\":\"https:\\\/\\\/nuestrostories.com\\\/es\\\/#organization\",\"name\":\"Nuestro Stories\",\"url\":\"https:\\\/\\\/nuestrostories.com\\\/es\\\/\",\"logo\":{\"@type\":\"ImageObject\",\"inLanguage\":\"es\",\"@id\":\"https:\\\/\\\/nuestrostories.com\\\/es\\\/#\\\/schema\\\/logo\\\/image\\\/\",\"url\":\"https:\\\/\\\/nuestrostories.com\\\/wp-content\\\/uploads\\\/2021\\\/11\\\/Nuestro-Stories-Logo.png\",\"contentUrl\":\"https:\\\/\\\/nuestrostories.com\\\/wp-content\\\/uploads\\\/2021\\\/11\\\/Nuestro-Stories-Logo.png\",\"width\":282,\"height\":118,\"caption\":\"Nuestro Stories\"},\"image\":{\"@id\":\"https:\\\/\\\/nuestrostories.com\\\/es\\\/#\\\/schema\\\/logo\\\/image\\\/\"}},{\"@type\":\"Person\",\"@id\":\"https:\\\/\\\/nuestrostories.com\\\/es\\\/#\\\/schema\\\/person\\\/f7bdc8938bd660adb03324112709fb5a\",\"name\":\"Sofia Jones\",\"image\":{\"@type\":\"ImageObject\",\"inLanguage\":\"es\",\"@id\":\"https:\\\/\\\/nuestrostories.com\\\/wp-content\\\/uploads\\\/2023\\\/05\\\/Sofia-Jones-Nuestro-Stories-Writer-Image-150x150.png\",\"url\":\"https:\\\/\\\/nuestrostories.com\\\/wp-content\\\/uploads\\\/2023\\\/05\\\/Sofia-Jones-Nuestro-Stories-Writer-Image-150x150.png\",\"contentUrl\":\"https:\\\/\\\/nuestrostories.com\\\/wp-content\\\/uploads\\\/2023\\\/05\\\/Sofia-Jones-Nuestro-Stories-Writer-Image-150x150.png\",\"caption\":\"Sofia Jones\"},\"description\":\"When Sofia Jones is not interviewing Latinx stars for her iHeartRadio podcast, she can be found fostering (and cuddling with) cute small dogs for a South Florida animal rescue nonprofit.\",\"url\":\"https:\\\/\\\/nuestrostories.com\\\/es\\\/author\\\/sofia-jones\\\/\"}]}<\/script>\n<!-- \/ Yoast SEO plugin. -->","yoast_head_json":{"title":"La Crisis de los Misiles de Cuba y una canci\u00f3n - Nuestro Stories","robots":{"index":"index","follow":"follow","max-snippet":"max-snippet:-1","max-image-preview":"max-image-preview:large","max-video-preview":"max-video-preview:-1"},"canonical":"https:\/\/nuestrostories.com\/es\/2023\/12\/la-crisis-de-los-misiles-de-cuba-y-una-cancion\/","og_locale":"es_ES","og_type":"article","og_title":"La Crisis de los Misiles de Cuba y una canci\u00f3n - Nuestro Stories","og_description":"En octubre de 1962, Estados Unidos y la Uni\u00f3n Sovi\u00e9tica se enfrentaban en un pulso pol\u00edtico y militar. Los sovi\u00e9ticos hab\u00edan desplegado misiles en Cuba, justo a las puertas de Estados Unidos.&nbsp; A eso le siguieron trece d\u00edas de angustia. El mundo entero estaba al borde de una guerra nuclear. Entonces ocurri\u00f3 algo m\u00e1gico: en [&hellip;]","og_url":"https:\/\/nuestrostories.com\/es\/2023\/12\/la-crisis-de-los-misiles-de-cuba-y-una-cancion\/","og_site_name":"Nuestro Stories","article_published_time":"2023-12-27T14:00:00+00:00","article_modified_time":"2023-12-28T20:59:20+00:00","og_image":[{"width":2000,"height":1125,"url":"https:\/\/nuestrostories.com\/wp-content\/uploads\/2023\/12\/CubanMissileCrisis.jpg","type":"image\/jpeg"}],"author":"Sofia Jones","twitter_card":"summary_large_image","twitter_misc":{"Escrito por":"Sofia Jones","Tiempo de lectura":"4 minutos"},"schema":{"@context":"https:\/\/schema.org","@graph":[{"@type":"Article","@id":"https:\/\/nuestrostories.com\/es\/2023\/12\/la-crisis-de-los-misiles-de-cuba-y-una-cancion\/#article","isPartOf":{"@id":"https:\/\/nuestrostories.com\/es\/2023\/12\/la-crisis-de-los-misiles-de-cuba-y-una-cancion\/"},"author":{"name":"Sofia Jones","@id":"https:\/\/nuestrostories.com\/es\/#\/schema\/person\/f7bdc8938bd660adb03324112709fb5a"},"headline":"La Crisis de los Misiles de Cuba y una canci\u00f3n","datePublished":"2023-12-27T14:00:00+00:00","dateModified":"2023-12-28T20:59:20+00:00","mainEntityOfPage":{"@id":"https:\/\/nuestrostories.com\/es\/2023\/12\/la-crisis-de-los-misiles-de-cuba-y-una-cancion\/"},"wordCount":886,"publisher":{"@id":"https:\/\/nuestrostories.com\/es\/#organization"},"image":{"@id":"https:\/\/nuestrostories.com\/es\/2023\/12\/la-crisis-de-los-misiles-de-cuba-y-una-cancion\/#primaryimage"},"thumbnailUrl":"https:\/\/nuestrostories.com\/wp-content\/uploads\/2023\/12\/CubanMissileCrisis.jpg","articleSection":["Sofia Jones"],"inLanguage":"es"},{"@type":"WebPage","@id":"https:\/\/nuestrostories.com\/es\/2023\/12\/la-crisis-de-los-misiles-de-cuba-y-una-cancion\/","url":"https:\/\/nuestrostories.com\/es\/2023\/12\/la-crisis-de-los-misiles-de-cuba-y-una-cancion\/","name":"La Crisis de los Misiles de Cuba y una canci\u00f3n - Nuestro Stories","isPartOf":{"@id":"https:\/\/nuestrostories.com\/es\/#website"},"primaryImageOfPage":{"@id":"https:\/\/nuestrostories.com\/es\/2023\/12\/la-crisis-de-los-misiles-de-cuba-y-una-cancion\/#primaryimage"},"image":{"@id":"https:\/\/nuestrostories.com\/es\/2023\/12\/la-crisis-de-los-misiles-de-cuba-y-una-cancion\/#primaryimage"},"thumbnailUrl":"https:\/\/nuestrostories.com\/wp-content\/uploads\/2023\/12\/CubanMissileCrisis.jpg","datePublished":"2023-12-27T14:00:00+00:00","dateModified":"2023-12-28T20:59:20+00:00","breadcrumb":{"@id":"https:\/\/nuestrostories.com\/es\/2023\/12\/la-crisis-de-los-misiles-de-cuba-y-una-cancion\/#breadcrumb"},"inLanguage":"es","potentialAction":[{"@type":"ReadAction","target":["https:\/\/nuestrostories.com\/es\/2023\/12\/la-crisis-de-los-misiles-de-cuba-y-una-cancion\/"]}]},{"@type":"ImageObject","inLanguage":"es","@id":"https:\/\/nuestrostories.com\/es\/2023\/12\/la-crisis-de-los-misiles-de-cuba-y-una-cancion\/#primaryimage","url":"https:\/\/nuestrostories.com\/wp-content\/uploads\/2023\/12\/CubanMissileCrisis.jpg","contentUrl":"https:\/\/nuestrostories.com\/wp-content\/uploads\/2023\/12\/CubanMissileCrisis.jpg","width":2000,"height":1125},{"@type":"BreadcrumbList","@id":"https:\/\/nuestrostories.com\/es\/2023\/12\/la-crisis-de-los-misiles-de-cuba-y-una-cancion\/#breadcrumb","itemListElement":[{"@type":"ListItem","position":1,"name":"Home","item":"https:\/\/nuestrostories.com\/es\/"},{"@type":"ListItem","position":2,"name":"La Crisis de los Misiles de Cuba y una canci\u00f3n"}]},{"@type":"WebSite","@id":"https:\/\/nuestrostories.com\/es\/#website","url":"https:\/\/nuestrostories.com\/es\/","name":"Nuestro Stories","description":"Latino Heritage. Every Day.","publisher":{"@id":"https:\/\/nuestrostories.com\/es\/#organization"},"potentialAction":[{"@type":"SearchAction","target":{"@type":"EntryPoint","urlTemplate":"https:\/\/nuestrostories.com\/es\/?s={search_term_string}"},"query-input":{"@type":"PropertyValueSpecification","valueRequired":true,"valueName":"search_term_string"}}],"inLanguage":"es"},{"@type":"Organization","@id":"https:\/\/nuestrostories.com\/es\/#organization","name":"Nuestro Stories","url":"https:\/\/nuestrostories.com\/es\/","logo":{"@type":"ImageObject","inLanguage":"es","@id":"https:\/\/nuestrostories.com\/es\/#\/schema\/logo\/image\/","url":"https:\/\/nuestrostories.com\/wp-content\/uploads\/2021\/11\/Nuestro-Stories-Logo.png","contentUrl":"https:\/\/nuestrostories.com\/wp-content\/uploads\/2021\/11\/Nuestro-Stories-Logo.png","width":282,"height":118,"caption":"Nuestro Stories"},"image":{"@id":"https:\/\/nuestrostories.com\/es\/#\/schema\/logo\/image\/"}},{"@type":"Person","@id":"https:\/\/nuestrostories.com\/es\/#\/schema\/person\/f7bdc8938bd660adb03324112709fb5a","name":"Sofia Jones","image":{"@type":"ImageObject","inLanguage":"es","@id":"https:\/\/nuestrostories.com\/wp-content\/uploads\/2023\/05\/Sofia-Jones-Nuestro-Stories-Writer-Image-150x150.png","url":"https:\/\/nuestrostories.com\/wp-content\/uploads\/2023\/05\/Sofia-Jones-Nuestro-Stories-Writer-Image-150x150.png","contentUrl":"https:\/\/nuestrostories.com\/wp-content\/uploads\/2023\/05\/Sofia-Jones-Nuestro-Stories-Writer-Image-150x150.png","caption":"Sofia Jones"},"description":"When Sofia Jones is not interviewing Latinx stars for her iHeartRadio podcast, she can be found fostering (and cuddling with) cute small dogs for a South Florida animal rescue nonprofit.","url":"https:\/\/nuestrostories.com\/es\/author\/sofia-jones\/"}]}},"_links":{"self":[{"href":"https:\/\/nuestrostories.com\/es\/wp-json\/wp\/v2\/posts\/13855","targetHints":{"allow":["GET"]}}],"collection":[{"href":"https:\/\/nuestrostories.com\/es\/wp-json\/wp\/v2\/posts"}],"about":[{"href":"https:\/\/nuestrostories.com\/es\/wp-json\/wp\/v2\/types\/post"}],"author":[{"embeddable":true,"href":"https:\/\/nuestrostories.com\/es\/wp-json\/wp\/v2\/users\/15"}],"replies":[{"embeddable":true,"href":"https:\/\/nuestrostories.com\/es\/wp-json\/wp\/v2\/comments?post=13855"}],"version-history":[{"count":1,"href":"https:\/\/nuestrostories.com\/es\/wp-json\/wp\/v2\/posts\/13855\/revisions"}],"predecessor-version":[{"id":13859,"href":"https:\/\/nuestrostories.com\/es\/wp-json\/wp\/v2\/posts\/13855\/revisions\/13859"}],"wp:featuredmedia":[{"embeddable":true,"href":"https:\/\/nuestrostories.com\/es\/wp-json\/wp\/v2\/media\/13793"}],"wp:attachment":[{"href":"https:\/\/nuestrostories.com\/es\/wp-json\/wp\/v2\/media?parent=13855"}],"wp:term":[{"taxonomy":"category","embeddable":true,"href":"https:\/\/nuestrostories.com\/es\/wp-json\/wp\/v2\/categories?post=13855"},{"taxonomy":"post_tag","embeddable":true,"href":"https:\/\/nuestrostories.com\/es\/wp-json\/wp\/v2\/tags?post=13855"}],"curies":[{"name":"wp","href":"https:\/\/api.w.org\/{rel}","templated":true}]}}