{"id":13856,"date":"2023-12-22T09:00:00","date_gmt":"2023-12-22T14:00:00","guid":{"rendered":"https:\/\/nuestrostories.com\/?p=13856"},"modified":"2024-10-17T13:48:20","modified_gmt":"2024-10-17T18:48:20","slug":"la-capsula-del-tiempo-celebracion-de-los-65-anos-de-la-casa-azul-de-frida-kahlo","status":"publish","type":"post","link":"https:\/\/nuestrostories.com\/es\/2023\/12\/la-capsula-del-tiempo-celebracion-de-los-65-anos-de-la-casa-azul-de-frida-kahlo\/","title":{"rendered":"La c\u00e1psula del tiempo: celebraci\u00f3n de los 65 a\u00f1os de la Casa Azul de Frida Kahlo"},"content":{"rendered":"\n<p>En el coraz\u00f3n de Ciudad de M\u00e9xico se encuentra un lugar venerado tanto por los entusiastas del arte como por los aficionados a la historia: el Museo Frida Kahlo, conocido cari\u00f1osamente como La Casa Azul.<\/p>\n\n\n\n<p>Este a\u00f1o se celebra su 65 aniversario.<\/p>\n\n\n\n<figure class=\"wp-block-embed is-type-video is-provider-youtube wp-block-embed-youtube wp-embed-aspect-16-9 wp-has-aspect-ratio\"><div class=\"wp-block-embed__wrapper\">\n<iframe loading=\"lazy\" title=\"La Casa Azul\" width=\"800\" height=\"450\" src=\"https:\/\/www.youtube.com\/embed\/CjjlKwsjiL0?feature=oembed\" frameborder=\"0\" allow=\"accelerometer; autoplay; clipboard-write; encrypted-media; gyroscope; picture-in-picture; web-share\" referrerpolicy=\"strict-origin-when-cross-origin\" allowfullscreen><\/iframe>\n<\/div><\/figure>\n\n\n\n<p>Durante d\u00e9cadas, este emblem\u00e1tico refugio ha sido un santuario para la exploraci\u00f3n del arte, la cultura y la vida \u00edntima de la enigm\u00e1tica Frida Kahlo, atrayendo a millones de visitantes de todo el mundo, seg\u00fan el museo.<\/p>\n\n\n\n<p>Este mes, la Casa Azul celebra una primicia: un regalo \u00fanico para los futuros visitantes y el personal y tendremos que esperar 35 a\u00f1os para verlo.<\/p>\n\n\n\n<h2 class=\"wp-block-heading\"><strong><strong>La c\u00e1psula del tiempo de Frida Kahlo<\/strong><\/strong><\/h2>\n\n\n\n<p>Para conmemorar su 65 aniversario, la Casa Azul organiz\u00f3 una celebraci\u00f3n para 2023, la exposici\u00f3n temporal <em>Un lugar lleno de lugares<\/em>, compuesta por exposiciones, conferencias y talleres.<\/p>\n\n\n\n<p>Uno de los momentos culminantes de esta conmemoraci\u00f3n tuvo lugar el 14 de diciembre, cuando el museo enterr\u00f3 una c\u00e1psula del tiempo en su patio sagrado: una caja met\u00e1lica dise\u00f1ada para permanecer desenterrada durante los pr\u00f3ximos 35 a\u00f1os, en el centenario del museo.<\/p>\n\n\n\n<p>\u00bb Decidieron preservar algunos recuerdos para que, en el futuro, cuando las nuevas generaciones est\u00e9n al frente del museo, este abra y recuerde a la sociedad de 2023&#8243;, report\u00f3 <a href=\"https:\/\/www.infobae.com\/mexico\/2023\/12\/16\/que-contiene-la-capsula-del-tiempo-del-museo-frida-kahlo-que-se-abrira-en-35-anos\/\">InfoBae<\/a>.<\/p>\n\n\n\n<p>Prevista para ser inaugurada el 30 de julio de 2058, coincidiendo con la celebraci\u00f3n del centenario de la Casa Azul, la c\u00e1psula recoge la esencia de este a\u00f1o hist\u00f3rico en la Casa Azul.<\/p>\n\n\n\n<p>Por lo que sabemos, en el interior de esta caja met\u00e1lica sellada hay fotograf\u00edas instant\u00e1neas de las actividades y talleres hechos en 2023, lo cual ofrece una visi\u00f3n del fervor creativo que adorn\u00f3 las salas del museo.<\/p>\n\n\n\n<p>Adem\u00e1s, la c\u00e1psula contiene un sello postal conmemorativo, una oda a la participaci\u00f3n del museo en exposiciones internacionales, lo que pone de relieve su importancia mundial.<\/p>\n\n\n\n<p>A la celebraci\u00f3n de la c\u00e1psula del tiempo se sum\u00f3 el recorrido a pie <em>El Coyoac\u00e1n de Frida<\/em>, que ofrec\u00eda un viaje por los lugares m\u00e1s queridos por Kahlo e invitaba a los participantes a seguir sus pasos.<\/p>\n\n\n\n<h2 class=\"wp-block-heading\"><strong>About Frida Kahlo\u2019s \u201cPrivate Universe\u201d<\/strong><\/h2>\n\n\n\n<p class=\"has-small-font-size\">\u00abLa Casa Azul es el universo privado de Frida Kahlo\u00bb, se lee en el <a href=\"https:\/\/www.museofridakahlo.org.mx\/museo\/?lang=en#casaazul\">portal digital del museo<\/a>. \u00abAqu\u00ed pas\u00f3 la mayor parte de su vida, primero con su familia y, a\u00f1os m\u00e1s tarde, al lado de Diego Rivera. Recibieron a una fascinante variedad de luminarias de M\u00e9xico y del extranjero, atra\u00eddas por el carisma de ambos artistas\u00bb.<br><img loading=\"lazy\" decoding=\"async\" width=\"600\" height=\"450\" class=\"wp-image-13576\" style=\"width: 600px;\" src=\"https:\/\/nuestrostories.com\/wp-content\/uploads\/2023\/12\/Mexico_-_Musee_Frida_Kahlo_-_Entree-scaled.jpeg\" alt=\"\" srcset=\"https:\/\/nuestrostories.com\/wp-content\/uploads\/2023\/12\/Mexico_-_Musee_Frida_Kahlo_-_Entree-scaled.jpeg 2560w, https:\/\/nuestrostories.com\/wp-content\/uploads\/2023\/12\/Mexico_-_Musee_Frida_Kahlo_-_Entree-300x225.jpeg 300w, https:\/\/nuestrostories.com\/wp-content\/uploads\/2023\/12\/Mexico_-_Musee_Frida_Kahlo_-_Entree-1024x768.jpeg 1024w, https:\/\/nuestrostories.com\/wp-content\/uploads\/2023\/12\/Mexico_-_Musee_Frida_Kahlo_-_Entree-768x576.jpeg 768w, https:\/\/nuestrostories.com\/wp-content\/uploads\/2023\/12\/Mexico_-_Musee_Frida_Kahlo_-_Entree-1536x1152.jpeg 1536w, https:\/\/nuestrostories.com\/wp-content\/uploads\/2023\/12\/Mexico_-_Musee_Frida_Kahlo_-_Entree-2048x1536.jpeg 2048w\" sizes=\"auto, (max-width: 600px) 100vw, 600px\" \/><br><em>Entrada de La Casa Azul, por \u00c9clusette, CC BY 3.0, <\/em><a href=\"https:\/\/creativecommons.org\/licenses\/by\/3.0\"><em>https:\/\/creativecommons.org\/licenses\/by\/3.0<\/em><\/a><em>, v\u00eda Wikimedia Commons.<\/em><\/p>\n\n\n\n<p>Kahlo y su esposo el pintor Diego Rivera planearon inmortalizar su casa como museo, un tesoro cultural accesible a todos los mexicanos. Luego del fallecimiento de Kahlo, la responsabilidad de curar este extraordinario espacio recay\u00f3 en las h\u00e1biles manos de <a href=\"https:\/\/www.nytimes.com\/1977\/02\/17\/archives\/carlos-pellicer-dies-mexican-poet-was-77-fought-in-1917-revolution.html\">Carlos Pellicer<\/a>, querido amigo, muse\u00f3grafo y poeta, a quien se le confi\u00f3 el dise\u00f1o de las exposiciones que representar\u00edan la esencia de estos venerados artistas.<\/p>\n\n\n\n<p>La administraci\u00f3n de la joya cultural recay\u00f3 en el Fideicomiso de los Museos Diego Rivera y Frida Kahlo, supervisado por el Banco de M\u00e9xico.&nbsp;<\/p>\n\n\n\n<p>Concebido por el propio Diego Rivera en 1957, este fideicomiso se erigi\u00f3 como un guardi\u00e1n, asegurando la preservaci\u00f3n y celebraci\u00f3n del legado de la Casa Azul para las generaciones venideras.<\/p>\n\n\n\n<p>En julio de 1958, la Casa Azul le abri\u00f3 sus puertas al mundo, desvelando no solo una casa, sino un tapiz vivo que entrelazaba objetos personales, cautivadoras pinturas de Kahlo y Rivera, un tesoro de arte popular, esculturas precolombinas, fotograf\u00edas, documentos, literatura y muebles, cada pieza un testimonio del ambiente que aliment\u00f3 el esp\u00edritu creativo de Frida.<\/p>\n\n\n\n<p>\u00abAqu\u00ed cada rinc\u00f3n cuenta la historia de su resistencia y su esp\u00edritu inquebrantable. Para Frida, su casa era tambi\u00e9n un refugio\u00bb, <a href=\"https:\/\/www.museofridakahlo.org.mx\/museo\/?lang=en#casaazul\">escribi\u00f3<\/a> el museo.<\/p>\n\n\n\n<h2 class=\"wp-block-heading\"><strong><strong>\u00bfDe visita en Ciudad de M\u00e9xico?<\/strong><\/strong><\/h2>\n\n\n\n<p>La Casa Azul se encuentra en la calle Londres 247, colonia Del Carmen, Coyoac\u00e1n.<\/p>\n\n\n\n<p>La exposici\u00f3n de aniversario <em>Lugar lleno de lugares<\/em> estar\u00e1 abierta hasta el 14 de enero de 2024.&nbsp;<\/p>\n\n\n\n<p>Para quienes deseen participar en esta celebraci\u00f3n, el Museo Frida Kahlo recibe a los visitantes de martes a domingo, con horarios variables. Los martes, jueves y domingos, las puertas est\u00e1n abiertas de 10 a.m. a 6 p.m., mientras que los mi\u00e9rcoles el museo abre sus puertas de 11 a.m. a 8 p.m.<\/p>\n\n\n\n<p><em>\u00danete a nosotros cada viernes para celebrar el enigma que fue Frida Kahlo, una mujer que se atrevi\u00f3 a ser ella misma sin complejos.<\/em><\/p>\n","protected":false},"excerpt":{"rendered":"<p>En el coraz\u00f3n de Ciudad de M\u00e9xico se encuentra un lugar venerado tanto por los entusiastas del arte como por los aficionados a la historia: el Museo Frida Kahlo, conocido cari\u00f1osamente como La Casa Azul. Este a\u00f1o se celebra su 65 aniversario. Durante d\u00e9cadas, este emblem\u00e1tico refugio ha sido un santuario para la exploraci\u00f3n del [&hellip;]<\/p>\n","protected":false},"author":6,"featured_media":13597,"comment_status":"closed","ping_status":"closed","sticky":false,"template":"","format":"standard","meta":{"_acf_changed":false,"footnotes":""},"categories":[1641,1280],"tags":[],"class_list":["post-13856","post","type-post","status-publish","format-standard","has-post-thumbnail","hentry","category-artisticamente-latino","category-cathy-writer-es"],"acf":[],"yoast_head":"<!-- This site is optimized with the Yoast SEO plugin v27.3 - https:\/\/yoast.com\/product\/yoast-seo-wordpress\/ -->\n<title>La c\u00e1psula del tiempo: celebraci\u00f3n de los 65 a\u00f1os de la Casa Azul de Frida Kahlo - Nuestro Stories<\/title>\n<meta name=\"robots\" content=\"index, follow, max-snippet:-1, max-image-preview:large, max-video-preview:-1\" \/>\n<link rel=\"canonical\" href=\"https:\/\/nuestrostories.com\/es\/2023\/12\/la-capsula-del-tiempo-celebracion-de-los-65-anos-de-la-casa-azul-de-frida-kahlo\/\" \/>\n<meta property=\"og:locale\" content=\"es_ES\" \/>\n<meta property=\"og:type\" content=\"article\" \/>\n<meta property=\"og:title\" content=\"La c\u00e1psula del tiempo: celebraci\u00f3n de los 65 a\u00f1os de la Casa Azul de Frida Kahlo - Nuestro Stories\" \/>\n<meta property=\"og:description\" content=\"En el coraz\u00f3n de Ciudad de M\u00e9xico se encuentra un lugar venerado tanto por los entusiastas del arte como por los aficionados a la historia: el Museo Frida Kahlo, conocido cari\u00f1osamente como La Casa Azul. Este a\u00f1o se celebra su 65 aniversario. Durante d\u00e9cadas, este emblem\u00e1tico refugio ha sido un santuario para la exploraci\u00f3n del [&hellip;]\" \/>\n<meta property=\"og:url\" content=\"https:\/\/nuestrostories.com\/es\/2023\/12\/la-capsula-del-tiempo-celebracion-de-los-65-anos-de-la-casa-azul-de-frida-kahlo\/\" \/>\n<meta property=\"og:site_name\" content=\"Nuestro Stories\" \/>\n<meta property=\"article:published_time\" content=\"2023-12-22T14:00:00+00:00\" \/>\n<meta property=\"article:modified_time\" content=\"2024-10-17T18:48:20+00:00\" \/>\n<meta property=\"og:image\" content=\"https:\/\/nuestrostories.com\/wp-content\/uploads\/2023\/12\/The-Time-Capsule-Celebrating-65-Years-of-Frida-Kahlos-Casa-Azul-1024x576.png\" \/>\n\t<meta property=\"og:image:width\" content=\"1024\" \/>\n\t<meta property=\"og:image:height\" content=\"576\" \/>\n\t<meta property=\"og:image:type\" content=\"image\/png\" \/>\n<meta name=\"author\" content=\"Catherine Jones\" \/>\n<meta name=\"twitter:card\" content=\"summary_large_image\" \/>\n<meta name=\"twitter:label1\" content=\"Escrito por\" \/>\n\t<meta name=\"twitter:data1\" content=\"Catherine Jones\" \/>\n\t<meta name=\"twitter:label2\" content=\"Tiempo de lectura\" \/>\n\t<meta name=\"twitter:data2\" content=\"4 minutos\" \/>\n<script type=\"application\/ld+json\" class=\"yoast-schema-graph\">{\"@context\":\"https:\\\/\\\/schema.org\",\"@graph\":[{\"@type\":\"Article\",\"@id\":\"https:\\\/\\\/nuestrostories.com\\\/es\\\/2023\\\/12\\\/la-capsula-del-tiempo-celebracion-de-los-65-anos-de-la-casa-azul-de-frida-kahlo\\\/#article\",\"isPartOf\":{\"@id\":\"https:\\\/\\\/nuestrostories.com\\\/es\\\/2023\\\/12\\\/la-capsula-del-tiempo-celebracion-de-los-65-anos-de-la-casa-azul-de-frida-kahlo\\\/\"},\"author\":{\"name\":\"Catherine Jones\",\"@id\":\"https:\\\/\\\/nuestrostories.com\\\/es\\\/#\\\/schema\\\/person\\\/dc43e0beaa8e71393bfdd7e799a4e9d8\"},\"headline\":\"La c\u00e1psula del tiempo: celebraci\u00f3n de los 65 a\u00f1os de la Casa Azul de Frida Kahlo\",\"datePublished\":\"2023-12-22T14:00:00+00:00\",\"dateModified\":\"2024-10-17T18:48:20+00:00\",\"mainEntityOfPage\":{\"@id\":\"https:\\\/\\\/nuestrostories.com\\\/es\\\/2023\\\/12\\\/la-capsula-del-tiempo-celebracion-de-los-65-anos-de-la-casa-azul-de-frida-kahlo\\\/\"},\"wordCount\":813,\"publisher\":{\"@id\":\"https:\\\/\\\/nuestrostories.com\\\/es\\\/#organization\"},\"image\":{\"@id\":\"https:\\\/\\\/nuestrostories.com\\\/es\\\/2023\\\/12\\\/la-capsula-del-tiempo-celebracion-de-los-65-anos-de-la-casa-azul-de-frida-kahlo\\\/#primaryimage\"},\"thumbnailUrl\":\"https:\\\/\\\/nuestrostories.com\\\/wp-content\\\/uploads\\\/2023\\\/12\\\/The-Time-Capsule-Celebrating-65-Years-of-Frida-Kahlos-Casa-Azul.png\",\"articleSection\":[\"Art\u00edsticamente latino\",\"Cathy\"],\"inLanguage\":\"es\"},{\"@type\":\"WebPage\",\"@id\":\"https:\\\/\\\/nuestrostories.com\\\/es\\\/2023\\\/12\\\/la-capsula-del-tiempo-celebracion-de-los-65-anos-de-la-casa-azul-de-frida-kahlo\\\/\",\"url\":\"https:\\\/\\\/nuestrostories.com\\\/es\\\/2023\\\/12\\\/la-capsula-del-tiempo-celebracion-de-los-65-anos-de-la-casa-azul-de-frida-kahlo\\\/\",\"name\":\"La c\u00e1psula del tiempo: celebraci\u00f3n de los 65 a\u00f1os de la Casa Azul de Frida Kahlo - Nuestro Stories\",\"isPartOf\":{\"@id\":\"https:\\\/\\\/nuestrostories.com\\\/es\\\/#website\"},\"primaryImageOfPage\":{\"@id\":\"https:\\\/\\\/nuestrostories.com\\\/es\\\/2023\\\/12\\\/la-capsula-del-tiempo-celebracion-de-los-65-anos-de-la-casa-azul-de-frida-kahlo\\\/#primaryimage\"},\"image\":{\"@id\":\"https:\\\/\\\/nuestrostories.com\\\/es\\\/2023\\\/12\\\/la-capsula-del-tiempo-celebracion-de-los-65-anos-de-la-casa-azul-de-frida-kahlo\\\/#primaryimage\"},\"thumbnailUrl\":\"https:\\\/\\\/nuestrostories.com\\\/wp-content\\\/uploads\\\/2023\\\/12\\\/The-Time-Capsule-Celebrating-65-Years-of-Frida-Kahlos-Casa-Azul.png\",\"datePublished\":\"2023-12-22T14:00:00+00:00\",\"dateModified\":\"2024-10-17T18:48:20+00:00\",\"breadcrumb\":{\"@id\":\"https:\\\/\\\/nuestrostories.com\\\/es\\\/2023\\\/12\\\/la-capsula-del-tiempo-celebracion-de-los-65-anos-de-la-casa-azul-de-frida-kahlo\\\/#breadcrumb\"},\"inLanguage\":\"es\",\"potentialAction\":[{\"@type\":\"ReadAction\",\"target\":[\"https:\\\/\\\/nuestrostories.com\\\/es\\\/2023\\\/12\\\/la-capsula-del-tiempo-celebracion-de-los-65-anos-de-la-casa-azul-de-frida-kahlo\\\/\"]}]},{\"@type\":\"ImageObject\",\"inLanguage\":\"es\",\"@id\":\"https:\\\/\\\/nuestrostories.com\\\/es\\\/2023\\\/12\\\/la-capsula-del-tiempo-celebracion-de-los-65-anos-de-la-casa-azul-de-frida-kahlo\\\/#primaryimage\",\"url\":\"https:\\\/\\\/nuestrostories.com\\\/wp-content\\\/uploads\\\/2023\\\/12\\\/The-Time-Capsule-Celebrating-65-Years-of-Frida-Kahlos-Casa-Azul.png\",\"contentUrl\":\"https:\\\/\\\/nuestrostories.com\\\/wp-content\\\/uploads\\\/2023\\\/12\\\/The-Time-Capsule-Celebrating-65-Years-of-Frida-Kahlos-Casa-Azul.png\",\"width\":2000,\"height\":1125},{\"@type\":\"BreadcrumbList\",\"@id\":\"https:\\\/\\\/nuestrostories.com\\\/es\\\/2023\\\/12\\\/la-capsula-del-tiempo-celebracion-de-los-65-anos-de-la-casa-azul-de-frida-kahlo\\\/#breadcrumb\",\"itemListElement\":[{\"@type\":\"ListItem\",\"position\":1,\"name\":\"Home\",\"item\":\"https:\\\/\\\/nuestrostories.com\\\/es\\\/\"},{\"@type\":\"ListItem\",\"position\":2,\"name\":\"La c\u00e1psula del tiempo: celebraci\u00f3n de los 65 a\u00f1os de la Casa Azul de Frida Kahlo\"}]},{\"@type\":\"WebSite\",\"@id\":\"https:\\\/\\\/nuestrostories.com\\\/es\\\/#website\",\"url\":\"https:\\\/\\\/nuestrostories.com\\\/es\\\/\",\"name\":\"Nuestro Stories\",\"description\":\"Latino Heritage. Every Day.\",\"publisher\":{\"@id\":\"https:\\\/\\\/nuestrostories.com\\\/es\\\/#organization\"},\"potentialAction\":[{\"@type\":\"SearchAction\",\"target\":{\"@type\":\"EntryPoint\",\"urlTemplate\":\"https:\\\/\\\/nuestrostories.com\\\/es\\\/?s={search_term_string}\"},\"query-input\":{\"@type\":\"PropertyValueSpecification\",\"valueRequired\":true,\"valueName\":\"search_term_string\"}}],\"inLanguage\":\"es\"},{\"@type\":\"Organization\",\"@id\":\"https:\\\/\\\/nuestrostories.com\\\/es\\\/#organization\",\"name\":\"Nuestro Stories\",\"url\":\"https:\\\/\\\/nuestrostories.com\\\/es\\\/\",\"logo\":{\"@type\":\"ImageObject\",\"inLanguage\":\"es\",\"@id\":\"https:\\\/\\\/nuestrostories.com\\\/es\\\/#\\\/schema\\\/logo\\\/image\\\/\",\"url\":\"https:\\\/\\\/nuestrostories.com\\\/wp-content\\\/uploads\\\/2021\\\/11\\\/Nuestro-Stories-Logo.png\",\"contentUrl\":\"https:\\\/\\\/nuestrostories.com\\\/wp-content\\\/uploads\\\/2021\\\/11\\\/Nuestro-Stories-Logo.png\",\"width\":282,\"height\":118,\"caption\":\"Nuestro Stories\"},\"image\":{\"@id\":\"https:\\\/\\\/nuestrostories.com\\\/es\\\/#\\\/schema\\\/logo\\\/image\\\/\"}},{\"@type\":\"Person\",\"@id\":\"https:\\\/\\\/nuestrostories.com\\\/es\\\/#\\\/schema\\\/person\\\/dc43e0beaa8e71393bfdd7e799a4e9d8\",\"name\":\"Catherine Jones\",\"image\":{\"@type\":\"ImageObject\",\"inLanguage\":\"es\",\"@id\":\"https:\\\/\\\/nuestrostories.com\\\/wp-content\\\/uploads\\\/2023\\\/10\\\/IMG_20231112_232913-96x96.jpg\",\"url\":\"https:\\\/\\\/nuestrostories.com\\\/wp-content\\\/uploads\\\/2023\\\/10\\\/IMG_20231112_232913-96x96.jpg\",\"contentUrl\":\"https:\\\/\\\/nuestrostories.com\\\/wp-content\\\/uploads\\\/2023\\\/10\\\/IMG_20231112_232913-96x96.jpg\",\"caption\":\"Catherine Jones\"},\"description\":\"Cathy\u2019s writing has appeared in The Washington Post Magazine, USA Weekend, People, Romper.com, The Miami New Times, and dozens of other media publications and online sites. Her opinion pieces have appeared on Today.com, El Tiempo Latino, and more.\",\"url\":\"https:\\\/\\\/nuestrostories.com\\\/es\\\/author\\\/cathy\\\/\"}]}<\/script>\n<!-- \/ Yoast SEO plugin. -->","yoast_head_json":{"title":"La c\u00e1psula del tiempo: celebraci\u00f3n de los 65 a\u00f1os de la Casa Azul de Frida Kahlo - Nuestro Stories","robots":{"index":"index","follow":"follow","max-snippet":"max-snippet:-1","max-image-preview":"max-image-preview:large","max-video-preview":"max-video-preview:-1"},"canonical":"https:\/\/nuestrostories.com\/es\/2023\/12\/la-capsula-del-tiempo-celebracion-de-los-65-anos-de-la-casa-azul-de-frida-kahlo\/","og_locale":"es_ES","og_type":"article","og_title":"La c\u00e1psula del tiempo: celebraci\u00f3n de los 65 a\u00f1os de la Casa Azul de Frida Kahlo - Nuestro Stories","og_description":"En el coraz\u00f3n de Ciudad de M\u00e9xico se encuentra un lugar venerado tanto por los entusiastas del arte como por los aficionados a la historia: el Museo Frida Kahlo, conocido cari\u00f1osamente como La Casa Azul. Este a\u00f1o se celebra su 65 aniversario. Durante d\u00e9cadas, este emblem\u00e1tico refugio ha sido un santuario para la exploraci\u00f3n del [&hellip;]","og_url":"https:\/\/nuestrostories.com\/es\/2023\/12\/la-capsula-del-tiempo-celebracion-de-los-65-anos-de-la-casa-azul-de-frida-kahlo\/","og_site_name":"Nuestro Stories","article_published_time":"2023-12-22T14:00:00+00:00","article_modified_time":"2024-10-17T18:48:20+00:00","og_image":[{"width":1024,"height":576,"url":"https:\/\/nuestrostories.com\/wp-content\/uploads\/2023\/12\/The-Time-Capsule-Celebrating-65-Years-of-Frida-Kahlos-Casa-Azul-1024x576.png","type":"image\/png"}],"author":"Catherine Jones","twitter_card":"summary_large_image","twitter_misc":{"Escrito por":"Catherine Jones","Tiempo de lectura":"4 minutos"},"schema":{"@context":"https:\/\/schema.org","@graph":[{"@type":"Article","@id":"https:\/\/nuestrostories.com\/es\/2023\/12\/la-capsula-del-tiempo-celebracion-de-los-65-anos-de-la-casa-azul-de-frida-kahlo\/#article","isPartOf":{"@id":"https:\/\/nuestrostories.com\/es\/2023\/12\/la-capsula-del-tiempo-celebracion-de-los-65-anos-de-la-casa-azul-de-frida-kahlo\/"},"author":{"name":"Catherine Jones","@id":"https:\/\/nuestrostories.com\/es\/#\/schema\/person\/dc43e0beaa8e71393bfdd7e799a4e9d8"},"headline":"La c\u00e1psula del tiempo: celebraci\u00f3n de los 65 a\u00f1os de la Casa Azul de Frida Kahlo","datePublished":"2023-12-22T14:00:00+00:00","dateModified":"2024-10-17T18:48:20+00:00","mainEntityOfPage":{"@id":"https:\/\/nuestrostories.com\/es\/2023\/12\/la-capsula-del-tiempo-celebracion-de-los-65-anos-de-la-casa-azul-de-frida-kahlo\/"},"wordCount":813,"publisher":{"@id":"https:\/\/nuestrostories.com\/es\/#organization"},"image":{"@id":"https:\/\/nuestrostories.com\/es\/2023\/12\/la-capsula-del-tiempo-celebracion-de-los-65-anos-de-la-casa-azul-de-frida-kahlo\/#primaryimage"},"thumbnailUrl":"https:\/\/nuestrostories.com\/wp-content\/uploads\/2023\/12\/The-Time-Capsule-Celebrating-65-Years-of-Frida-Kahlos-Casa-Azul.png","articleSection":["Art\u00edsticamente latino","Cathy"],"inLanguage":"es"},{"@type":"WebPage","@id":"https:\/\/nuestrostories.com\/es\/2023\/12\/la-capsula-del-tiempo-celebracion-de-los-65-anos-de-la-casa-azul-de-frida-kahlo\/","url":"https:\/\/nuestrostories.com\/es\/2023\/12\/la-capsula-del-tiempo-celebracion-de-los-65-anos-de-la-casa-azul-de-frida-kahlo\/","name":"La c\u00e1psula del tiempo: celebraci\u00f3n de los 65 a\u00f1os de la Casa Azul de Frida Kahlo - Nuestro Stories","isPartOf":{"@id":"https:\/\/nuestrostories.com\/es\/#website"},"primaryImageOfPage":{"@id":"https:\/\/nuestrostories.com\/es\/2023\/12\/la-capsula-del-tiempo-celebracion-de-los-65-anos-de-la-casa-azul-de-frida-kahlo\/#primaryimage"},"image":{"@id":"https:\/\/nuestrostories.com\/es\/2023\/12\/la-capsula-del-tiempo-celebracion-de-los-65-anos-de-la-casa-azul-de-frida-kahlo\/#primaryimage"},"thumbnailUrl":"https:\/\/nuestrostories.com\/wp-content\/uploads\/2023\/12\/The-Time-Capsule-Celebrating-65-Years-of-Frida-Kahlos-Casa-Azul.png","datePublished":"2023-12-22T14:00:00+00:00","dateModified":"2024-10-17T18:48:20+00:00","breadcrumb":{"@id":"https:\/\/nuestrostories.com\/es\/2023\/12\/la-capsula-del-tiempo-celebracion-de-los-65-anos-de-la-casa-azul-de-frida-kahlo\/#breadcrumb"},"inLanguage":"es","potentialAction":[{"@type":"ReadAction","target":["https:\/\/nuestrostories.com\/es\/2023\/12\/la-capsula-del-tiempo-celebracion-de-los-65-anos-de-la-casa-azul-de-frida-kahlo\/"]}]},{"@type":"ImageObject","inLanguage":"es","@id":"https:\/\/nuestrostories.com\/es\/2023\/12\/la-capsula-del-tiempo-celebracion-de-los-65-anos-de-la-casa-azul-de-frida-kahlo\/#primaryimage","url":"https:\/\/nuestrostories.com\/wp-content\/uploads\/2023\/12\/The-Time-Capsule-Celebrating-65-Years-of-Frida-Kahlos-Casa-Azul.png","contentUrl":"https:\/\/nuestrostories.com\/wp-content\/uploads\/2023\/12\/The-Time-Capsule-Celebrating-65-Years-of-Frida-Kahlos-Casa-Azul.png","width":2000,"height":1125},{"@type":"BreadcrumbList","@id":"https:\/\/nuestrostories.com\/es\/2023\/12\/la-capsula-del-tiempo-celebracion-de-los-65-anos-de-la-casa-azul-de-frida-kahlo\/#breadcrumb","itemListElement":[{"@type":"ListItem","position":1,"name":"Home","item":"https:\/\/nuestrostories.com\/es\/"},{"@type":"ListItem","position":2,"name":"La c\u00e1psula del tiempo: celebraci\u00f3n de los 65 a\u00f1os de la Casa Azul de Frida Kahlo"}]},{"@type":"WebSite","@id":"https:\/\/nuestrostories.com\/es\/#website","url":"https:\/\/nuestrostories.com\/es\/","name":"Nuestro Stories","description":"Latino Heritage. Every Day.","publisher":{"@id":"https:\/\/nuestrostories.com\/es\/#organization"},"potentialAction":[{"@type":"SearchAction","target":{"@type":"EntryPoint","urlTemplate":"https:\/\/nuestrostories.com\/es\/?s={search_term_string}"},"query-input":{"@type":"PropertyValueSpecification","valueRequired":true,"valueName":"search_term_string"}}],"inLanguage":"es"},{"@type":"Organization","@id":"https:\/\/nuestrostories.com\/es\/#organization","name":"Nuestro Stories","url":"https:\/\/nuestrostories.com\/es\/","logo":{"@type":"ImageObject","inLanguage":"es","@id":"https:\/\/nuestrostories.com\/es\/#\/schema\/logo\/image\/","url":"https:\/\/nuestrostories.com\/wp-content\/uploads\/2021\/11\/Nuestro-Stories-Logo.png","contentUrl":"https:\/\/nuestrostories.com\/wp-content\/uploads\/2021\/11\/Nuestro-Stories-Logo.png","width":282,"height":118,"caption":"Nuestro Stories"},"image":{"@id":"https:\/\/nuestrostories.com\/es\/#\/schema\/logo\/image\/"}},{"@type":"Person","@id":"https:\/\/nuestrostories.com\/es\/#\/schema\/person\/dc43e0beaa8e71393bfdd7e799a4e9d8","name":"Catherine Jones","image":{"@type":"ImageObject","inLanguage":"es","@id":"https:\/\/nuestrostories.com\/wp-content\/uploads\/2023\/10\/IMG_20231112_232913-96x96.jpg","url":"https:\/\/nuestrostories.com\/wp-content\/uploads\/2023\/10\/IMG_20231112_232913-96x96.jpg","contentUrl":"https:\/\/nuestrostories.com\/wp-content\/uploads\/2023\/10\/IMG_20231112_232913-96x96.jpg","caption":"Catherine Jones"},"description":"Cathy\u2019s writing has appeared in The Washington Post Magazine, USA Weekend, People, Romper.com, The Miami New Times, and dozens of other media publications and online sites. Her opinion pieces have appeared on Today.com, El Tiempo Latino, and more.","url":"https:\/\/nuestrostories.com\/es\/author\/cathy\/"}]}},"_links":{"self":[{"href":"https:\/\/nuestrostories.com\/es\/wp-json\/wp\/v2\/posts\/13856","targetHints":{"allow":["GET"]}}],"collection":[{"href":"https:\/\/nuestrostories.com\/es\/wp-json\/wp\/v2\/posts"}],"about":[{"href":"https:\/\/nuestrostories.com\/es\/wp-json\/wp\/v2\/types\/post"}],"author":[{"embeddable":true,"href":"https:\/\/nuestrostories.com\/es\/wp-json\/wp\/v2\/users\/6"}],"replies":[{"embeddable":true,"href":"https:\/\/nuestrostories.com\/es\/wp-json\/wp\/v2\/comments?post=13856"}],"version-history":[{"count":1,"href":"https:\/\/nuestrostories.com\/es\/wp-json\/wp\/v2\/posts\/13856\/revisions"}],"predecessor-version":[{"id":13860,"href":"https:\/\/nuestrostories.com\/es\/wp-json\/wp\/v2\/posts\/13856\/revisions\/13860"}],"wp:featuredmedia":[{"embeddable":true,"href":"https:\/\/nuestrostories.com\/es\/wp-json\/wp\/v2\/media\/13597"}],"wp:attachment":[{"href":"https:\/\/nuestrostories.com\/es\/wp-json\/wp\/v2\/media?parent=13856"}],"wp:term":[{"taxonomy":"category","embeddable":true,"href":"https:\/\/nuestrostories.com\/es\/wp-json\/wp\/v2\/categories?post=13856"},{"taxonomy":"post_tag","embeddable":true,"href":"https:\/\/nuestrostories.com\/es\/wp-json\/wp\/v2\/tags?post=13856"}],"curies":[{"name":"wp","href":"https:\/\/api.w.org\/{rel}","templated":true}]}}