{"id":14050,"date":"2024-01-04T09:00:00","date_gmt":"2024-01-04T14:00:00","guid":{"rendered":"https:\/\/nuestrostories.com\/?p=14050"},"modified":"2024-01-04T12:28:40","modified_gmt":"2024-01-04T17:28:40","slug":"dia-de-reyes-un-cuento-de-los-reyes-magos-y-tradiciones-intemporales","status":"publish","type":"post","link":"https:\/\/nuestrostories.com\/es\/2024\/01\/dia-de-reyes-un-cuento-de-los-reyes-magos-y-tradiciones-intemporales\/","title":{"rendered":"D\u00eda de Reyes: Un cuento de los Reyes Magos y tradiciones intemporales"},"content":{"rendered":"\n<p>Quiz\u00e1 Santa Claus ya haya llegado a la ciudad, pero eso no significa que las fiestas hayan terminado.<\/p>\n\n\n\n<p>Es \u00e9poca del D\u00eda de los Tres Reyes Magos, que se celebra la noche del 5 al 6 de enero.<\/p>\n\n\n\n<p>\u00abLa fiesta celebra la historia b\u00edblica en la que los Reyes Magos visitan al Ni\u00f1o Jes\u00fas tras su nacimiento\u00bb, explica la revista<a href=\"https:\/\/www.newsweek.com\/when-three-kings-day-and-how-it-celebrated-epiphany-772690\"> Newsweek<\/a>.<\/p>\n\n\n\n<p>As\u00ed que mant\u00e9n puesto el \u00e1rbol de Navidad y saca unos zapatos viejos, porque estamos a punto de adentrarnos en el D\u00eda de Reyes, una celebraci\u00f3n impregnada de tradiciones y costumbres ancestrales.<\/p>\n\n\n\n<figure class=\"wp-block-embed is-type-video is-provider-youtube wp-block-embed-youtube wp-embed-aspect-16-9 wp-has-aspect-ratio\"><div class=\"wp-block-embed__wrapper\">\n<iframe loading=\"lazy\" title=\"Lin-Manuel Miranda explains the magic of Three Kings Day\" width=\"800\" height=\"450\" src=\"https:\/\/www.youtube.com\/embed\/NHrohZPLyY0?feature=oembed\" frameborder=\"0\" allow=\"accelerometer; autoplay; clipboard-write; encrypted-media; gyroscope; picture-in-picture; web-share\" referrerpolicy=\"strict-origin-when-cross-origin\" allowfullscreen><\/iframe>\n<\/div><\/figure>\n\n\n\n<h2 class=\"wp-block-heading\">El origen b\u00edblico de los Reyes Magos<\/h2>\n\n\n\n<p>La historia del origen del D\u00eda de Reyes tiene sus ra\u00edces en el Nuevo Testamento de la Biblia.<\/p>\n\n\n\n<p>Gira en torno al viaje de los Reyes Magos.<\/p>\n\n\n\n<p>Cuenta la leyenda que estos hombres \u2013Melchor, Gaspar y Baltasar\u2013, estimados reyes de tierras lejanas, se embarcaron en una odisea celestial.<\/p>\n\n\n\n<p>\u00bfSu noble misi\u00f3n? Otorgar preciosos regalos al divino ni\u00f1o Jes\u00fas, el anunciado Hijo de Dios.<\/p>\n\n\n\n<p>Seg\u00fan la narraci\u00f3n b\u00edblica, estos sabios, guiados por una estrella, siguieron su radiante luz que les condujo a Bel\u00e9n. Buscaban el lugar donde hab\u00eda nacido Jes\u00fas, el Mes\u00edas profetizado. Su profunda sabidur\u00eda y fe les impulsaron en esta expedici\u00f3n para honrar al ni\u00f1o divino, ofreci\u00e9ndole regalos simb\u00f3licos: oro, incienso y mirra.<\/p>\n\n\n\n<p>La fiesta en s\u00ed se llama la Epifan\u00eda, o el d\u00eda en que el ni\u00f1o Jes\u00fas fue \u00abrevelado\u00bb. Marca el \u00faltimo d\u00eda de la temporada cristiana de Navidad, el 6 de enero. Tambi\u00e9n se conoce como el duod\u00e9cimo d\u00eda de Navidad.<\/p>\n\n\n\n<p>Con el tiempo, la Epifan\u00eda pas\u00f3 a conocerse como D\u00eda de los Reyes Magos, marcando la culminaci\u00f3n de la temporada navide\u00f1a en diversas culturas, especialmente en Latinoam\u00e9rica, Espa\u00f1a y otras partes del mundo influenciadas por las tradiciones hispanas.<\/p>\n\n\n\n<p>\u00abEn 1885, el gobierno espa\u00f1ol convoc\u00f3 una cabalgata para celebrar esta fiesta tan especial\u00bb, explica el sitio educativo<a href=\"https:\/\/www.enforex.com\/culture\/reyes-magos.html\"> Enforex<\/a>.<\/p>\n\n\n\n<p>Inspirado por el viaje sagrado de los Reyes, el gobierno espa\u00f1ol llam\u00f3 al pueblo a celebrarlo con grandeza, estableciendo la procesi\u00f3n m\u00e1s antigua en Espa\u00f1a.<\/p>\n\n\n\n<p>Adelant\u00e9monos a nuestros d\u00edas y veamos las muchas formas de celebrar el D\u00eda de los Reyes Magos.<\/p>\n\n\n\n<figure class=\"wp-block-embed is-type-video is-provider-youtube wp-block-embed-youtube wp-embed-aspect-16-9 wp-has-aspect-ratio\"><div class=\"wp-block-embed__wrapper\">\n<iframe loading=\"lazy\" title=\"Comerciantes del Centro Hist\u00f3rico esperan a los Reyes Magos\" width=\"800\" height=\"450\" src=\"https:\/\/www.youtube.com\/embed\/uRt9A6qJ3q4?feature=oembed\" frameborder=\"0\" allow=\"accelerometer; autoplay; clipboard-write; encrypted-media; gyroscope; picture-in-picture; web-share\" referrerpolicy=\"strict-origin-when-cross-origin\" allowfullscreen><\/iframe>\n<\/div><\/figure>\n\n\n\n<h2 class=\"wp-block-heading\"><br><strong>M\u00e1s grande que Santa Claus<\/strong><\/h2>\n\n\n\n<p>Desde hace m\u00e1s de 135 a\u00f1os, la localidad de Juana D\u00edaz, en Espa\u00f1a, celebra esta festividad con una fiesta y una cabalgata que congrega a m\u00e1s de 25,000 personas. La principal atracci\u00f3n de los festejos son los Reyes Magos a caballo, representados por actores ataviados con coloridas t\u00fanicas y pobladas barbas.<\/p>\n\n\n\n<p>\u00abLas fiestas comienzan oficialmente la v\u00edspera de Reyes, la noche del 5 de enero, cuando tiene lugar la Cabalgata de los Reyes Magos en todos los pueblos y ciudades, con cientos y cientos de personas que se agolpan en las principales v\u00edas de los n\u00facleos urbanos para ver la representaci\u00f3n de la llegada de los Reyes Magos a la ciudad\u00bb, escribe Enforex.<\/p>\n\n\n\n<p>Aunque la festividad se celebra de forma similar en toda Latinoam\u00e9rica, hay algunas costumbres y tradiciones \u00fanicas que var\u00edan de un pa\u00eds a otro.<\/p>\n\n\n\n<p>En algunas partes de M\u00e9xico, la visita de los Reyes es m\u00e1s importante que la llegada de Santa Claus el 25 de diciembre. Los ni\u00f1os escriben cartas a los Reyes Magos, no a San Nicol\u00e1s, pidiendo regalos.<\/p>\n\n\n\n<p>\u00abLa noche del 5 de enero, los ni\u00f1os dejan uno de sus zapatos en la puerta junto con hierba y agua para los camellos. Al d\u00eda siguiente, los ni\u00f1os se despiertan con numerosos regalos dejados por los Reyes Magos\u00bb, escribe el<a href=\"https:\/\/www.theyucatantimes.com\/2021\/01\/dia-de-los-reyes-is-a-big-tradition-in-mexico\/\"> Yucatan Times<\/a>.&nbsp;<\/p>\n\n\n\n<p>En Puerto Rico, los ni\u00f1os llenan cajas con hierba y las colocan debajo de sus camas para que coman los camellos de los Reyes Magos. A la ma\u00f1ana siguiente, tambi\u00e9n encontrar\u00e1n regalos dejados por los Reyes Magos.<\/p>\n\n\n\n<p>En Argentina, y en otros pa\u00edses y comunidades de Am\u00e9rica Latina, se come un pan dulce llamado Rosca de Reyes, que tiene forma de corona y una figurita del Ni\u00f1o Jes\u00fas horneada en su interior. \u00abQuien consigue la rebanada con la figurita tiene que organizar una fiesta el 2 de febrero o D\u00eda de la Candelaria\u00bb, escribe<a href=\"https:\/\/www.latintimes.com\/what-dia-de-los-reyes-6-facts-about-three-wise-men-day-latin-america-361829\"> LA Times<\/a>.<\/p>\n\n\n\n<p>Y, en Estados Unidos, aunque el D\u00eda de Reyes no es una fiesta nacional, sigue siendo celebrado por muchos.<\/p>\n\n\n\n<p>\u00abPara los ni\u00f1os puertorrique\u00f1os que crecieron en Nueva York, es como una fiesta m\u00e1s\u00bb, dice el compositor, dramaturgo y actor Lin-Manuel Miranda.&nbsp; \u00ab&#8230; Puedes ir a la escuela con tus juguetes nuevos\u00bb.<\/p>\n\n\n\n<figure class=\"wp-block-embed is-type-video is-provider-youtube wp-block-embed-youtube wp-embed-aspect-16-9 wp-has-aspect-ratio\"><div class=\"wp-block-embed__wrapper\">\n<iframe loading=\"lazy\" title=\"ROSCA DE REYES\u2728\u2728 FACIL Y RAPIDA PARA VENTA!!!????????\" width=\"800\" height=\"450\" src=\"https:\/\/www.youtube.com\/embed\/vF3qN_J6YsE?feature=oembed\" frameborder=\"0\" allow=\"accelerometer; autoplay; clipboard-write; encrypted-media; gyroscope; picture-in-picture; web-share\" referrerpolicy=\"strict-origin-when-cross-origin\" allowfullscreen><\/iframe>\n<\/div><\/figure>\n\n\n\n<p class=\"has-small-font-size\"><br><br><em><em>Imagen destacada de la Cabalgata de los Reyes Magos en Madrid, cortes\u00eda de Diario de Madrid. \u00abTras viajar desde lejos, la comitiva de sus Majestades Melchor, Gaspar y Baltasar ha recorrido el centro de la ciudad, precedida por &#8216;La Estrella de Navidad&#8217;, una carroza que transporta m\u00e1s de 6,000 deseos escritos en estrellas de papel por los ciudadanos, creando una galaxia colectiva de deseos para el presente y el futuro\u00bb.<\/em><\/em><\/p>\n","protected":false},"excerpt":{"rendered":"<p>Quiz\u00e1 Santa Claus ya haya llegado a la ciudad, pero eso no significa que las fiestas hayan terminado. Es \u00e9poca del D\u00eda de los Tres Reyes Magos, que se celebra la noche del 5 al 6 de enero. \u00abLa fiesta celebra la historia b\u00edblica en la que los Reyes Magos visitan al Ni\u00f1o Jes\u00fas tras [&hellip;]<\/p>\n","protected":false},"author":15,"featured_media":14012,"comment_status":"closed","ping_status":"open","sticky":false,"template":"","format":"standard","meta":{"_acf_changed":false,"footnotes":""},"categories":[1281],"tags":[],"class_list":["post-14050","post","type-post","status-publish","format-standard","has-post-thumbnail","hentry","category-featured-es"],"acf":[],"yoast_head":"<!-- This site is optimized with the Yoast SEO plugin v27.3 - https:\/\/yoast.com\/product\/yoast-seo-wordpress\/ -->\n<title>D\u00eda de Reyes: Un cuento de los Reyes Magos y tradiciones intemporales - Nuestro Stories<\/title>\n<meta name=\"robots\" content=\"index, follow, max-snippet:-1, max-image-preview:large, max-video-preview:-1\" \/>\n<link rel=\"canonical\" href=\"https:\/\/nuestrostories.com\/es\/2024\/01\/dia-de-reyes-un-cuento-de-los-reyes-magos-y-tradiciones-intemporales\/\" \/>\n<meta property=\"og:locale\" content=\"es_ES\" \/>\n<meta property=\"og:type\" content=\"article\" \/>\n<meta property=\"og:title\" content=\"D\u00eda de Reyes: Un cuento de los Reyes Magos y tradiciones intemporales - Nuestro Stories\" \/>\n<meta property=\"og:description\" content=\"Quiz\u00e1 Santa Claus ya haya llegado a la ciudad, pero eso no significa que las fiestas hayan terminado. Es \u00e9poca del D\u00eda de los Tres Reyes Magos, que se celebra la noche del 5 al 6 de enero. \u00abLa fiesta celebra la historia b\u00edblica en la que los Reyes Magos visitan al Ni\u00f1o Jes\u00fas tras [&hellip;]\" \/>\n<meta property=\"og:url\" content=\"https:\/\/nuestrostories.com\/es\/2024\/01\/dia-de-reyes-un-cuento-de-los-reyes-magos-y-tradiciones-intemporales\/\" \/>\n<meta property=\"og:site_name\" content=\"Nuestro Stories\" \/>\n<meta property=\"article:published_time\" content=\"2024-01-04T14:00:00+00:00\" \/>\n<meta property=\"article:modified_time\" content=\"2024-01-04T17:28:40+00:00\" \/>\n<meta property=\"og:image\" content=\"https:\/\/nuestrostories.com\/wp-content\/uploads\/2024\/01\/Three-Kings-Day.jpg\" \/>\n\t<meta property=\"og:image:width\" content=\"2000\" \/>\n\t<meta property=\"og:image:height\" content=\"1125\" \/>\n\t<meta property=\"og:image:type\" content=\"image\/jpeg\" \/>\n<meta name=\"author\" content=\"Sofia Jones\" \/>\n<meta name=\"twitter:card\" content=\"summary_large_image\" \/>\n<meta name=\"twitter:label1\" content=\"Escrito por\" \/>\n\t<meta name=\"twitter:data1\" content=\"Sofia Jones\" \/>\n\t<meta name=\"twitter:label2\" content=\"Tiempo de lectura\" \/>\n\t<meta name=\"twitter:data2\" content=\"4 minutos\" \/>\n<script type=\"application\/ld+json\" class=\"yoast-schema-graph\">{\"@context\":\"https:\\\/\\\/schema.org\",\"@graph\":[{\"@type\":\"Article\",\"@id\":\"https:\\\/\\\/nuestrostories.com\\\/es\\\/2024\\\/01\\\/dia-de-reyes-un-cuento-de-los-reyes-magos-y-tradiciones-intemporales\\\/#article\",\"isPartOf\":{\"@id\":\"https:\\\/\\\/nuestrostories.com\\\/es\\\/2024\\\/01\\\/dia-de-reyes-un-cuento-de-los-reyes-magos-y-tradiciones-intemporales\\\/\"},\"author\":{\"name\":\"Sofia Jones\",\"@id\":\"https:\\\/\\\/nuestrostories.com\\\/es\\\/#\\\/schema\\\/person\\\/f7bdc8938bd660adb03324112709fb5a\"},\"headline\":\"D\u00eda de Reyes: Un cuento de los Reyes Magos y tradiciones intemporales\",\"datePublished\":\"2024-01-04T14:00:00+00:00\",\"dateModified\":\"2024-01-04T17:28:40+00:00\",\"mainEntityOfPage\":{\"@id\":\"https:\\\/\\\/nuestrostories.com\\\/es\\\/2024\\\/01\\\/dia-de-reyes-un-cuento-de-los-reyes-magos-y-tradiciones-intemporales\\\/\"},\"wordCount\":907,\"publisher\":{\"@id\":\"https:\\\/\\\/nuestrostories.com\\\/es\\\/#organization\"},\"image\":{\"@id\":\"https:\\\/\\\/nuestrostories.com\\\/es\\\/2024\\\/01\\\/dia-de-reyes-un-cuento-de-los-reyes-magos-y-tradiciones-intemporales\\\/#primaryimage\"},\"thumbnailUrl\":\"https:\\\/\\\/nuestrostories.com\\\/wp-content\\\/uploads\\\/2024\\\/01\\\/Three-Kings-Day.jpg\",\"articleSection\":[\"FEATURED\"],\"inLanguage\":\"es\"},{\"@type\":\"WebPage\",\"@id\":\"https:\\\/\\\/nuestrostories.com\\\/es\\\/2024\\\/01\\\/dia-de-reyes-un-cuento-de-los-reyes-magos-y-tradiciones-intemporales\\\/\",\"url\":\"https:\\\/\\\/nuestrostories.com\\\/es\\\/2024\\\/01\\\/dia-de-reyes-un-cuento-de-los-reyes-magos-y-tradiciones-intemporales\\\/\",\"name\":\"D\u00eda de Reyes: Un cuento de los Reyes Magos y tradiciones intemporales - Nuestro Stories\",\"isPartOf\":{\"@id\":\"https:\\\/\\\/nuestrostories.com\\\/es\\\/#website\"},\"primaryImageOfPage\":{\"@id\":\"https:\\\/\\\/nuestrostories.com\\\/es\\\/2024\\\/01\\\/dia-de-reyes-un-cuento-de-los-reyes-magos-y-tradiciones-intemporales\\\/#primaryimage\"},\"image\":{\"@id\":\"https:\\\/\\\/nuestrostories.com\\\/es\\\/2024\\\/01\\\/dia-de-reyes-un-cuento-de-los-reyes-magos-y-tradiciones-intemporales\\\/#primaryimage\"},\"thumbnailUrl\":\"https:\\\/\\\/nuestrostories.com\\\/wp-content\\\/uploads\\\/2024\\\/01\\\/Three-Kings-Day.jpg\",\"datePublished\":\"2024-01-04T14:00:00+00:00\",\"dateModified\":\"2024-01-04T17:28:40+00:00\",\"breadcrumb\":{\"@id\":\"https:\\\/\\\/nuestrostories.com\\\/es\\\/2024\\\/01\\\/dia-de-reyes-un-cuento-de-los-reyes-magos-y-tradiciones-intemporales\\\/#breadcrumb\"},\"inLanguage\":\"es\",\"potentialAction\":[{\"@type\":\"ReadAction\",\"target\":[\"https:\\\/\\\/nuestrostories.com\\\/es\\\/2024\\\/01\\\/dia-de-reyes-un-cuento-de-los-reyes-magos-y-tradiciones-intemporales\\\/\"]}]},{\"@type\":\"ImageObject\",\"inLanguage\":\"es\",\"@id\":\"https:\\\/\\\/nuestrostories.com\\\/es\\\/2024\\\/01\\\/dia-de-reyes-un-cuento-de-los-reyes-magos-y-tradiciones-intemporales\\\/#primaryimage\",\"url\":\"https:\\\/\\\/nuestrostories.com\\\/wp-content\\\/uploads\\\/2024\\\/01\\\/Three-Kings-Day.jpg\",\"contentUrl\":\"https:\\\/\\\/nuestrostories.com\\\/wp-content\\\/uploads\\\/2024\\\/01\\\/Three-Kings-Day.jpg\",\"width\":2000,\"height\":1125},{\"@type\":\"BreadcrumbList\",\"@id\":\"https:\\\/\\\/nuestrostories.com\\\/es\\\/2024\\\/01\\\/dia-de-reyes-un-cuento-de-los-reyes-magos-y-tradiciones-intemporales\\\/#breadcrumb\",\"itemListElement\":[{\"@type\":\"ListItem\",\"position\":1,\"name\":\"Home\",\"item\":\"https:\\\/\\\/nuestrostories.com\\\/es\\\/\"},{\"@type\":\"ListItem\",\"position\":2,\"name\":\"D\u00eda de Reyes: Un cuento de los Reyes Magos y tradiciones intemporales\"}]},{\"@type\":\"WebSite\",\"@id\":\"https:\\\/\\\/nuestrostories.com\\\/es\\\/#website\",\"url\":\"https:\\\/\\\/nuestrostories.com\\\/es\\\/\",\"name\":\"Nuestro Stories\",\"description\":\"Latino Heritage. Every Day.\",\"publisher\":{\"@id\":\"https:\\\/\\\/nuestrostories.com\\\/es\\\/#organization\"},\"potentialAction\":[{\"@type\":\"SearchAction\",\"target\":{\"@type\":\"EntryPoint\",\"urlTemplate\":\"https:\\\/\\\/nuestrostories.com\\\/es\\\/?s={search_term_string}\"},\"query-input\":{\"@type\":\"PropertyValueSpecification\",\"valueRequired\":true,\"valueName\":\"search_term_string\"}}],\"inLanguage\":\"es\"},{\"@type\":\"Organization\",\"@id\":\"https:\\\/\\\/nuestrostories.com\\\/es\\\/#organization\",\"name\":\"Nuestro Stories\",\"url\":\"https:\\\/\\\/nuestrostories.com\\\/es\\\/\",\"logo\":{\"@type\":\"ImageObject\",\"inLanguage\":\"es\",\"@id\":\"https:\\\/\\\/nuestrostories.com\\\/es\\\/#\\\/schema\\\/logo\\\/image\\\/\",\"url\":\"https:\\\/\\\/nuestrostories.com\\\/wp-content\\\/uploads\\\/2021\\\/11\\\/Nuestro-Stories-Logo.png\",\"contentUrl\":\"https:\\\/\\\/nuestrostories.com\\\/wp-content\\\/uploads\\\/2021\\\/11\\\/Nuestro-Stories-Logo.png\",\"width\":282,\"height\":118,\"caption\":\"Nuestro Stories\"},\"image\":{\"@id\":\"https:\\\/\\\/nuestrostories.com\\\/es\\\/#\\\/schema\\\/logo\\\/image\\\/\"}},{\"@type\":\"Person\",\"@id\":\"https:\\\/\\\/nuestrostories.com\\\/es\\\/#\\\/schema\\\/person\\\/f7bdc8938bd660adb03324112709fb5a\",\"name\":\"Sofia Jones\",\"image\":{\"@type\":\"ImageObject\",\"inLanguage\":\"es\",\"@id\":\"https:\\\/\\\/nuestrostories.com\\\/wp-content\\\/uploads\\\/2023\\\/05\\\/Sofia-Jones-Nuestro-Stories-Writer-Image-150x150.png\",\"url\":\"https:\\\/\\\/nuestrostories.com\\\/wp-content\\\/uploads\\\/2023\\\/05\\\/Sofia-Jones-Nuestro-Stories-Writer-Image-150x150.png\",\"contentUrl\":\"https:\\\/\\\/nuestrostories.com\\\/wp-content\\\/uploads\\\/2023\\\/05\\\/Sofia-Jones-Nuestro-Stories-Writer-Image-150x150.png\",\"caption\":\"Sofia Jones\"},\"description\":\"When Sofia Jones is not interviewing Latinx stars for her iHeartRadio podcast, she can be found fostering (and cuddling with) cute small dogs for a South Florida animal rescue nonprofit.\",\"url\":\"https:\\\/\\\/nuestrostories.com\\\/es\\\/author\\\/sofia-jones\\\/\"}]}<\/script>\n<!-- \/ Yoast SEO plugin. -->","yoast_head_json":{"title":"D\u00eda de Reyes: Un cuento de los Reyes Magos y tradiciones intemporales - Nuestro Stories","robots":{"index":"index","follow":"follow","max-snippet":"max-snippet:-1","max-image-preview":"max-image-preview:large","max-video-preview":"max-video-preview:-1"},"canonical":"https:\/\/nuestrostories.com\/es\/2024\/01\/dia-de-reyes-un-cuento-de-los-reyes-magos-y-tradiciones-intemporales\/","og_locale":"es_ES","og_type":"article","og_title":"D\u00eda de Reyes: Un cuento de los Reyes Magos y tradiciones intemporales - Nuestro Stories","og_description":"Quiz\u00e1 Santa Claus ya haya llegado a la ciudad, pero eso no significa que las fiestas hayan terminado. Es \u00e9poca del D\u00eda de los Tres Reyes Magos, que se celebra la noche del 5 al 6 de enero. \u00abLa fiesta celebra la historia b\u00edblica en la que los Reyes Magos visitan al Ni\u00f1o Jes\u00fas tras [&hellip;]","og_url":"https:\/\/nuestrostories.com\/es\/2024\/01\/dia-de-reyes-un-cuento-de-los-reyes-magos-y-tradiciones-intemporales\/","og_site_name":"Nuestro Stories","article_published_time":"2024-01-04T14:00:00+00:00","article_modified_time":"2024-01-04T17:28:40+00:00","og_image":[{"width":2000,"height":1125,"url":"https:\/\/nuestrostories.com\/wp-content\/uploads\/2024\/01\/Three-Kings-Day.jpg","type":"image\/jpeg"}],"author":"Sofia Jones","twitter_card":"summary_large_image","twitter_misc":{"Escrito por":"Sofia Jones","Tiempo de lectura":"4 minutos"},"schema":{"@context":"https:\/\/schema.org","@graph":[{"@type":"Article","@id":"https:\/\/nuestrostories.com\/es\/2024\/01\/dia-de-reyes-un-cuento-de-los-reyes-magos-y-tradiciones-intemporales\/#article","isPartOf":{"@id":"https:\/\/nuestrostories.com\/es\/2024\/01\/dia-de-reyes-un-cuento-de-los-reyes-magos-y-tradiciones-intemporales\/"},"author":{"name":"Sofia Jones","@id":"https:\/\/nuestrostories.com\/es\/#\/schema\/person\/f7bdc8938bd660adb03324112709fb5a"},"headline":"D\u00eda de Reyes: Un cuento de los Reyes Magos y tradiciones intemporales","datePublished":"2024-01-04T14:00:00+00:00","dateModified":"2024-01-04T17:28:40+00:00","mainEntityOfPage":{"@id":"https:\/\/nuestrostories.com\/es\/2024\/01\/dia-de-reyes-un-cuento-de-los-reyes-magos-y-tradiciones-intemporales\/"},"wordCount":907,"publisher":{"@id":"https:\/\/nuestrostories.com\/es\/#organization"},"image":{"@id":"https:\/\/nuestrostories.com\/es\/2024\/01\/dia-de-reyes-un-cuento-de-los-reyes-magos-y-tradiciones-intemporales\/#primaryimage"},"thumbnailUrl":"https:\/\/nuestrostories.com\/wp-content\/uploads\/2024\/01\/Three-Kings-Day.jpg","articleSection":["FEATURED"],"inLanguage":"es"},{"@type":"WebPage","@id":"https:\/\/nuestrostories.com\/es\/2024\/01\/dia-de-reyes-un-cuento-de-los-reyes-magos-y-tradiciones-intemporales\/","url":"https:\/\/nuestrostories.com\/es\/2024\/01\/dia-de-reyes-un-cuento-de-los-reyes-magos-y-tradiciones-intemporales\/","name":"D\u00eda de Reyes: Un cuento de los Reyes Magos y tradiciones intemporales - Nuestro Stories","isPartOf":{"@id":"https:\/\/nuestrostories.com\/es\/#website"},"primaryImageOfPage":{"@id":"https:\/\/nuestrostories.com\/es\/2024\/01\/dia-de-reyes-un-cuento-de-los-reyes-magos-y-tradiciones-intemporales\/#primaryimage"},"image":{"@id":"https:\/\/nuestrostories.com\/es\/2024\/01\/dia-de-reyes-un-cuento-de-los-reyes-magos-y-tradiciones-intemporales\/#primaryimage"},"thumbnailUrl":"https:\/\/nuestrostories.com\/wp-content\/uploads\/2024\/01\/Three-Kings-Day.jpg","datePublished":"2024-01-04T14:00:00+00:00","dateModified":"2024-01-04T17:28:40+00:00","breadcrumb":{"@id":"https:\/\/nuestrostories.com\/es\/2024\/01\/dia-de-reyes-un-cuento-de-los-reyes-magos-y-tradiciones-intemporales\/#breadcrumb"},"inLanguage":"es","potentialAction":[{"@type":"ReadAction","target":["https:\/\/nuestrostories.com\/es\/2024\/01\/dia-de-reyes-un-cuento-de-los-reyes-magos-y-tradiciones-intemporales\/"]}]},{"@type":"ImageObject","inLanguage":"es","@id":"https:\/\/nuestrostories.com\/es\/2024\/01\/dia-de-reyes-un-cuento-de-los-reyes-magos-y-tradiciones-intemporales\/#primaryimage","url":"https:\/\/nuestrostories.com\/wp-content\/uploads\/2024\/01\/Three-Kings-Day.jpg","contentUrl":"https:\/\/nuestrostories.com\/wp-content\/uploads\/2024\/01\/Three-Kings-Day.jpg","width":2000,"height":1125},{"@type":"BreadcrumbList","@id":"https:\/\/nuestrostories.com\/es\/2024\/01\/dia-de-reyes-un-cuento-de-los-reyes-magos-y-tradiciones-intemporales\/#breadcrumb","itemListElement":[{"@type":"ListItem","position":1,"name":"Home","item":"https:\/\/nuestrostories.com\/es\/"},{"@type":"ListItem","position":2,"name":"D\u00eda de Reyes: Un cuento de los Reyes Magos y tradiciones intemporales"}]},{"@type":"WebSite","@id":"https:\/\/nuestrostories.com\/es\/#website","url":"https:\/\/nuestrostories.com\/es\/","name":"Nuestro Stories","description":"Latino Heritage. Every Day.","publisher":{"@id":"https:\/\/nuestrostories.com\/es\/#organization"},"potentialAction":[{"@type":"SearchAction","target":{"@type":"EntryPoint","urlTemplate":"https:\/\/nuestrostories.com\/es\/?s={search_term_string}"},"query-input":{"@type":"PropertyValueSpecification","valueRequired":true,"valueName":"search_term_string"}}],"inLanguage":"es"},{"@type":"Organization","@id":"https:\/\/nuestrostories.com\/es\/#organization","name":"Nuestro Stories","url":"https:\/\/nuestrostories.com\/es\/","logo":{"@type":"ImageObject","inLanguage":"es","@id":"https:\/\/nuestrostories.com\/es\/#\/schema\/logo\/image\/","url":"https:\/\/nuestrostories.com\/wp-content\/uploads\/2021\/11\/Nuestro-Stories-Logo.png","contentUrl":"https:\/\/nuestrostories.com\/wp-content\/uploads\/2021\/11\/Nuestro-Stories-Logo.png","width":282,"height":118,"caption":"Nuestro Stories"},"image":{"@id":"https:\/\/nuestrostories.com\/es\/#\/schema\/logo\/image\/"}},{"@type":"Person","@id":"https:\/\/nuestrostories.com\/es\/#\/schema\/person\/f7bdc8938bd660adb03324112709fb5a","name":"Sofia Jones","image":{"@type":"ImageObject","inLanguage":"es","@id":"https:\/\/nuestrostories.com\/wp-content\/uploads\/2023\/05\/Sofia-Jones-Nuestro-Stories-Writer-Image-150x150.png","url":"https:\/\/nuestrostories.com\/wp-content\/uploads\/2023\/05\/Sofia-Jones-Nuestro-Stories-Writer-Image-150x150.png","contentUrl":"https:\/\/nuestrostories.com\/wp-content\/uploads\/2023\/05\/Sofia-Jones-Nuestro-Stories-Writer-Image-150x150.png","caption":"Sofia Jones"},"description":"When Sofia Jones is not interviewing Latinx stars for her iHeartRadio podcast, she can be found fostering (and cuddling with) cute small dogs for a South Florida animal rescue nonprofit.","url":"https:\/\/nuestrostories.com\/es\/author\/sofia-jones\/"}]}},"_links":{"self":[{"href":"https:\/\/nuestrostories.com\/es\/wp-json\/wp\/v2\/posts\/14050","targetHints":{"allow":["GET"]}}],"collection":[{"href":"https:\/\/nuestrostories.com\/es\/wp-json\/wp\/v2\/posts"}],"about":[{"href":"https:\/\/nuestrostories.com\/es\/wp-json\/wp\/v2\/types\/post"}],"author":[{"embeddable":true,"href":"https:\/\/nuestrostories.com\/es\/wp-json\/wp\/v2\/users\/15"}],"replies":[{"embeddable":true,"href":"https:\/\/nuestrostories.com\/es\/wp-json\/wp\/v2\/comments?post=14050"}],"version-history":[{"count":1,"href":"https:\/\/nuestrostories.com\/es\/wp-json\/wp\/v2\/posts\/14050\/revisions"}],"predecessor-version":[{"id":14051,"href":"https:\/\/nuestrostories.com\/es\/wp-json\/wp\/v2\/posts\/14050\/revisions\/14051"}],"wp:featuredmedia":[{"embeddable":true,"href":"https:\/\/nuestrostories.com\/es\/wp-json\/wp\/v2\/media\/14012"}],"wp:attachment":[{"href":"https:\/\/nuestrostories.com\/es\/wp-json\/wp\/v2\/media?parent=14050"}],"wp:term":[{"taxonomy":"category","embeddable":true,"href":"https:\/\/nuestrostories.com\/es\/wp-json\/wp\/v2\/categories?post=14050"},{"taxonomy":"post_tag","embeddable":true,"href":"https:\/\/nuestrostories.com\/es\/wp-json\/wp\/v2\/tags?post=14050"}],"curies":[{"name":"wp","href":"https:\/\/api.w.org\/{rel}","templated":true}]}}