{"id":14500,"date":"2023-02-09T16:48:10","date_gmt":"2023-02-09T21:48:10","guid":{"rendered":"https:\/\/nuestrostories.com\/?p=14500"},"modified":"2024-01-17T10:03:52","modified_gmt":"2024-01-17T15:03:52","slug":"la-historia-del-origen-del-menudo-mexicano","status":"publish","type":"post","link":"https:\/\/nuestrostories.com\/es\/2023\/02\/la-historia-del-origen-del-menudo-mexicano\/","title":{"rendered":"La historia del origen del menudo mexicano"},"content":{"rendered":"\n<p><em>Cr\u00e9dito: Nuestro Stories.<\/em><\/p>\n\n\n\n<p>Dos cosas me vienen a la mente cuando pienso en el menudo.<\/p>\n\n\n\n<p>Una es ese punto absolutamente sensacional en el radar de la m\u00fasica pop conocido como <a href=\"https:\/\/en.wikipedia.org\/wiki\/Menudo_%28group%29\">Menudo<\/a>, el grupo de pop latino que en un momento dado se hab\u00eda apoderado de la radio \u2013y de los corazones\u2013 de millones de fan\u00e1ticos a finales de los 70 y principios de los 80, un grupo que por un breve momento cont\u00f3 con un jovenc\u00edsimo Ricky Martin antes de que se convirtiera en el l\u00edder de la vanguardia musical de la \u201cExplosi\u00f3n Latina\u201d de 1999, pero \u00bfqu\u00e9 m\u00e1s me viene a la mente cuando pienso en el menudo?<\/p>\n\n\n\n<p>Pues el m\u00e1gico caldo mexicano que de alguna manera logra curar todo lo que te aqueja, ya sea que tengas un resfriado, una gripe o una resaca no tan buena. Es uno de esos elixires especiales que son tan complicados y requieren tanto tiempo que normalmente solo se sirven los fines de semana si sales a buscarlo a un restaurante o tal vez sea solo los fines de semana porque esos son los d\u00edas de mayor resaca.<\/p>\n\n\n\n<p>Lee m\u00e1s: <a href=\"https:\/\/nuestrostories.com\/2023\/02\/history-pan-dulce-mexicano\/\">La breve historia del delicioso pan dulce mexicano<\/a><\/p>\n\n\n\n<h2 class=\"wp-block-heading\">Detr\u00e1s de la creaci\u00f3n de este sabroso plato<\/h2>\n\n\n\n<p>El origen del menudo es, en el mejor de los casos, un poco misterioso. Nunca fue una receta espec\u00edfica ni vino de un lugar espec\u00edfico. Conocida como una sopa del pobre, se dice que el menudo se invent\u00f3 durante la era previa a la revoluci\u00f3n en M\u00e9xico como una forma de garantizar que ninguna parte del animal se desperdiciara, porque era un lujo tirar cualquier alimento en aquellos d\u00edas (como deber\u00eda ser hoy). Tambi\u00e9n es un misterio c\u00f3mo la sopa de este hombre pobre se convirti\u00f3 en un manjar de vecindario conocido por curar las cabezas y las resacas de las masas.\u00a0<\/p>\n\n\n\n<h2 class=\"wp-block-heading\">La receta del menudo<\/h2>\n\n\n\n<p>Esta complicada receta requiere algunos ingredientes, incluidos pancita, pata de res y huesos, que desempe\u00f1an un papel en el sabor intensamente \u00fanico. Ten en cuenta que la preparaci\u00f3n combinada con el tiempo de cocci\u00f3n significa que lleva horas y horas prepararla.<\/p>\n\n\n\n<p>Para ser justos, mi familia rara vez hac\u00eda menudo. En ese caso, normalmente, solo te dar\u00eda mi receta y te dir\u00eda que la disfrutes. Como no puedo, pas\u00e9 un poco de tiempo investigando hasta que encontr\u00e9 una receta que me result\u00f3 sumamente familiar en sus ingredientes y su preparaci\u00f3n. El enlace est\u00e1 incluido <a href=\"https:\/\/www.mexicoinmykitchen.com\/menudo-soup\/\">aqu\u00ed.<\/a><\/p>\n\n\n\n<p>Si bien es posible que nunca sepamos el verdadero origen del menudo, una cosa es segura: ha salvado muchas vidas los domingos por la ma\u00f1ana.<\/p>\n\n\n\n<p>Por Liv Styler<\/p>\n\n\n\n<p>Olivia Monahan es una periodista, editora, educadora y organizadora chicana en Sacramento cuyo \u00fanico objetivo es arrojar luz sobre historias de nuestras comunidades m\u00e1s impactadas y marginadas, pero, a\u00fan m\u00e1s importante, que esas historias humanicen a quienes normalmente quedan excluidos. Es finalista de la Beca Ida B Wells de periodismo de investigaci\u00f3n 2022, miembro de Parenting Journalists Society y ha publicado en The Courier, The Sacramento Bee, The Americano y Submerge Magazine, entre otros.<\/p>\n","protected":false},"excerpt":{"rendered":"<p>Cr\u00e9dito: Nuestro Stories. Dos cosas me vienen a la mente cuando pienso en el menudo. Una es ese punto absolutamente sensacional en el radar de la m\u00fasica pop conocido como Menudo, el grupo de pop latino que en un momento dado se hab\u00eda apoderado de la radio \u2013y de los corazones\u2013 de millones de fan\u00e1ticos [&hellip;]<\/p>\n","protected":false},"author":4,"featured_media":10279,"comment_status":"closed","ping_status":"open","sticky":false,"template":"","format":"standard","meta":{"_acf_changed":false,"footnotes":""},"categories":[1281],"tags":[],"class_list":["post-14500","post","type-post","status-publish","format-standard","has-post-thumbnail","hentry","category-featured-es"],"acf":[],"yoast_head":"<!-- This site is optimized with the Yoast SEO plugin v27.3 - https:\/\/yoast.com\/product\/yoast-seo-wordpress\/ -->\n<title>La historia del origen del menudo mexicano - Nuestro Stories<\/title>\n<meta name=\"robots\" content=\"index, follow, max-snippet:-1, max-image-preview:large, max-video-preview:-1\" \/>\n<link rel=\"canonical\" href=\"https:\/\/nuestrostories.com\/es\/2023\/02\/la-historia-del-origen-del-menudo-mexicano\/\" \/>\n<meta property=\"og:locale\" content=\"es_ES\" \/>\n<meta property=\"og:type\" content=\"article\" \/>\n<meta property=\"og:title\" content=\"La historia del origen del menudo mexicano - Nuestro Stories\" \/>\n<meta property=\"og:description\" content=\"Cr\u00e9dito: Nuestro Stories. Dos cosas me vienen a la mente cuando pienso en el menudo. Una es ese punto absolutamente sensacional en el radar de la m\u00fasica pop conocido como Menudo, el grupo de pop latino que en un momento dado se hab\u00eda apoderado de la radio \u2013y de los corazones\u2013 de millones de fan\u00e1ticos [&hellip;]\" \/>\n<meta property=\"og:url\" content=\"https:\/\/nuestrostories.com\/es\/2023\/02\/la-historia-del-origen-del-menudo-mexicano\/\" \/>\n<meta property=\"og:site_name\" content=\"Nuestro Stories\" \/>\n<meta property=\"article:published_time\" content=\"2023-02-09T21:48:10+00:00\" \/>\n<meta property=\"article:modified_time\" content=\"2024-01-17T15:03:52+00:00\" \/>\n<meta property=\"og:image\" content=\"https:\/\/nuestrostories.com\/wp-content\/uploads\/2023\/02\/Origins-of-Mexico-Menudo.jpg\" \/>\n\t<meta property=\"og:image:width\" content=\"1910\" \/>\n\t<meta property=\"og:image:height\" content=\"1274\" \/>\n\t<meta property=\"og:image:type\" content=\"image\/jpeg\" \/>\n<meta name=\"author\" content=\"Rachel\" \/>\n<meta name=\"twitter:card\" content=\"summary_large_image\" \/>\n<meta name=\"twitter:label1\" content=\"Escrito por\" \/>\n\t<meta name=\"twitter:data1\" content=\"Rachel\" \/>\n\t<meta name=\"twitter:label2\" content=\"Tiempo de lectura\" \/>\n\t<meta name=\"twitter:data2\" content=\"3 minutos\" \/>\n<script type=\"application\/ld+json\" class=\"yoast-schema-graph\">{\"@context\":\"https:\\\/\\\/schema.org\",\"@graph\":[{\"@type\":\"Article\",\"@id\":\"https:\\\/\\\/nuestrostories.com\\\/es\\\/2023\\\/02\\\/la-historia-del-origen-del-menudo-mexicano\\\/#article\",\"isPartOf\":{\"@id\":\"https:\\\/\\\/nuestrostories.com\\\/es\\\/2023\\\/02\\\/la-historia-del-origen-del-menudo-mexicano\\\/\"},\"author\":{\"name\":\"Rachel\",\"@id\":\"https:\\\/\\\/nuestrostories.com\\\/es\\\/#\\\/schema\\\/person\\\/f47422cace2ee5360c765844aa2ab67f\"},\"headline\":\"La historia del origen del menudo mexicano\",\"datePublished\":\"2023-02-09T21:48:10+00:00\",\"dateModified\":\"2024-01-17T15:03:52+00:00\",\"mainEntityOfPage\":{\"@id\":\"https:\\\/\\\/nuestrostories.com\\\/es\\\/2023\\\/02\\\/la-historia-del-origen-del-menudo-mexicano\\\/\"},\"wordCount\":543,\"publisher\":{\"@id\":\"https:\\\/\\\/nuestrostories.com\\\/es\\\/#organization\"},\"image\":{\"@id\":\"https:\\\/\\\/nuestrostories.com\\\/es\\\/2023\\\/02\\\/la-historia-del-origen-del-menudo-mexicano\\\/#primaryimage\"},\"thumbnailUrl\":\"https:\\\/\\\/nuestrostories.com\\\/wp-content\\\/uploads\\\/2023\\\/02\\\/Origins-of-Mexico-Menudo.jpg\",\"articleSection\":[\"FEATURED\"],\"inLanguage\":\"es\"},{\"@type\":\"WebPage\",\"@id\":\"https:\\\/\\\/nuestrostories.com\\\/es\\\/2023\\\/02\\\/la-historia-del-origen-del-menudo-mexicano\\\/\",\"url\":\"https:\\\/\\\/nuestrostories.com\\\/es\\\/2023\\\/02\\\/la-historia-del-origen-del-menudo-mexicano\\\/\",\"name\":\"La historia del origen del menudo mexicano - Nuestro Stories\",\"isPartOf\":{\"@id\":\"https:\\\/\\\/nuestrostories.com\\\/es\\\/#website\"},\"primaryImageOfPage\":{\"@id\":\"https:\\\/\\\/nuestrostories.com\\\/es\\\/2023\\\/02\\\/la-historia-del-origen-del-menudo-mexicano\\\/#primaryimage\"},\"image\":{\"@id\":\"https:\\\/\\\/nuestrostories.com\\\/es\\\/2023\\\/02\\\/la-historia-del-origen-del-menudo-mexicano\\\/#primaryimage\"},\"thumbnailUrl\":\"https:\\\/\\\/nuestrostories.com\\\/wp-content\\\/uploads\\\/2023\\\/02\\\/Origins-of-Mexico-Menudo.jpg\",\"datePublished\":\"2023-02-09T21:48:10+00:00\",\"dateModified\":\"2024-01-17T15:03:52+00:00\",\"breadcrumb\":{\"@id\":\"https:\\\/\\\/nuestrostories.com\\\/es\\\/2023\\\/02\\\/la-historia-del-origen-del-menudo-mexicano\\\/#breadcrumb\"},\"inLanguage\":\"es\",\"potentialAction\":[{\"@type\":\"ReadAction\",\"target\":[\"https:\\\/\\\/nuestrostories.com\\\/es\\\/2023\\\/02\\\/la-historia-del-origen-del-menudo-mexicano\\\/\"]}]},{\"@type\":\"ImageObject\",\"inLanguage\":\"es\",\"@id\":\"https:\\\/\\\/nuestrostories.com\\\/es\\\/2023\\\/02\\\/la-historia-del-origen-del-menudo-mexicano\\\/#primaryimage\",\"url\":\"https:\\\/\\\/nuestrostories.com\\\/wp-content\\\/uploads\\\/2023\\\/02\\\/Origins-of-Mexico-Menudo.jpg\",\"contentUrl\":\"https:\\\/\\\/nuestrostories.com\\\/wp-content\\\/uploads\\\/2023\\\/02\\\/Origins-of-Mexico-Menudo.jpg\",\"width\":1910,\"height\":1274},{\"@type\":\"BreadcrumbList\",\"@id\":\"https:\\\/\\\/nuestrostories.com\\\/es\\\/2023\\\/02\\\/la-historia-del-origen-del-menudo-mexicano\\\/#breadcrumb\",\"itemListElement\":[{\"@type\":\"ListItem\",\"position\":1,\"name\":\"Home\",\"item\":\"https:\\\/\\\/nuestrostories.com\\\/es\\\/\"},{\"@type\":\"ListItem\",\"position\":2,\"name\":\"La historia del origen del menudo mexicano\"}]},{\"@type\":\"WebSite\",\"@id\":\"https:\\\/\\\/nuestrostories.com\\\/es\\\/#website\",\"url\":\"https:\\\/\\\/nuestrostories.com\\\/es\\\/\",\"name\":\"Nuestro Stories\",\"description\":\"Latino Heritage. Every Day.\",\"publisher\":{\"@id\":\"https:\\\/\\\/nuestrostories.com\\\/es\\\/#organization\"},\"potentialAction\":[{\"@type\":\"SearchAction\",\"target\":{\"@type\":\"EntryPoint\",\"urlTemplate\":\"https:\\\/\\\/nuestrostories.com\\\/es\\\/?s={search_term_string}\"},\"query-input\":{\"@type\":\"PropertyValueSpecification\",\"valueRequired\":true,\"valueName\":\"search_term_string\"}}],\"inLanguage\":\"es\"},{\"@type\":\"Organization\",\"@id\":\"https:\\\/\\\/nuestrostories.com\\\/es\\\/#organization\",\"name\":\"Nuestro Stories\",\"url\":\"https:\\\/\\\/nuestrostories.com\\\/es\\\/\",\"logo\":{\"@type\":\"ImageObject\",\"inLanguage\":\"es\",\"@id\":\"https:\\\/\\\/nuestrostories.com\\\/es\\\/#\\\/schema\\\/logo\\\/image\\\/\",\"url\":\"https:\\\/\\\/nuestrostories.com\\\/wp-content\\\/uploads\\\/2021\\\/11\\\/Nuestro-Stories-Logo.png\",\"contentUrl\":\"https:\\\/\\\/nuestrostories.com\\\/wp-content\\\/uploads\\\/2021\\\/11\\\/Nuestro-Stories-Logo.png\",\"width\":282,\"height\":118,\"caption\":\"Nuestro Stories\"},\"image\":{\"@id\":\"https:\\\/\\\/nuestrostories.com\\\/es\\\/#\\\/schema\\\/logo\\\/image\\\/\"}},{\"@type\":\"Person\",\"@id\":\"https:\\\/\\\/nuestrostories.com\\\/es\\\/#\\\/schema\\\/person\\\/f47422cace2ee5360c765844aa2ab67f\",\"name\":\"Rachel\",\"image\":{\"@type\":\"ImageObject\",\"inLanguage\":\"es\",\"@id\":\"https:\\\/\\\/nuestrostories.com\\\/wp-content\\\/uploads\\\/2023\\\/06\\\/RachelBio-150x150.jpg\",\"url\":\"https:\\\/\\\/nuestrostories.com\\\/wp-content\\\/uploads\\\/2023\\\/06\\\/RachelBio-150x150.jpg\",\"contentUrl\":\"https:\\\/\\\/nuestrostories.com\\\/wp-content\\\/uploads\\\/2023\\\/06\\\/RachelBio-150x150.jpg\",\"caption\":\"Rachel\"},\"description\":\"Olivia Monahan Chicana journalist, editor, educator, and organizer in Sacramento whose sole focus is to shed light on stories on our most impacted and marginalized communities, but even more importantly, for those stories to humanize those normally left out. She is an Ida B Wells Investigative Journalism Fellow 2022 Finalist, a member of the Parenting Journalists Society, and has bylines in The Courier, The Sacramento Bee, The Americano, Submerge Magazine among others.\",\"url\":\"https:\\\/\\\/nuestrostories.com\\\/es\\\/author\\\/rachel\\\/\"}]}<\/script>\n<!-- \/ Yoast SEO plugin. -->","yoast_head_json":{"title":"La historia del origen del menudo mexicano - Nuestro Stories","robots":{"index":"index","follow":"follow","max-snippet":"max-snippet:-1","max-image-preview":"max-image-preview:large","max-video-preview":"max-video-preview:-1"},"canonical":"https:\/\/nuestrostories.com\/es\/2023\/02\/la-historia-del-origen-del-menudo-mexicano\/","og_locale":"es_ES","og_type":"article","og_title":"La historia del origen del menudo mexicano - Nuestro Stories","og_description":"Cr\u00e9dito: Nuestro Stories. Dos cosas me vienen a la mente cuando pienso en el menudo. Una es ese punto absolutamente sensacional en el radar de la m\u00fasica pop conocido como Menudo, el grupo de pop latino que en un momento dado se hab\u00eda apoderado de la radio \u2013y de los corazones\u2013 de millones de fan\u00e1ticos [&hellip;]","og_url":"https:\/\/nuestrostories.com\/es\/2023\/02\/la-historia-del-origen-del-menudo-mexicano\/","og_site_name":"Nuestro Stories","article_published_time":"2023-02-09T21:48:10+00:00","article_modified_time":"2024-01-17T15:03:52+00:00","og_image":[{"width":1910,"height":1274,"url":"https:\/\/nuestrostories.com\/wp-content\/uploads\/2023\/02\/Origins-of-Mexico-Menudo.jpg","type":"image\/jpeg"}],"author":"Rachel","twitter_card":"summary_large_image","twitter_misc":{"Escrito por":"Rachel","Tiempo de lectura":"3 minutos"},"schema":{"@context":"https:\/\/schema.org","@graph":[{"@type":"Article","@id":"https:\/\/nuestrostories.com\/es\/2023\/02\/la-historia-del-origen-del-menudo-mexicano\/#article","isPartOf":{"@id":"https:\/\/nuestrostories.com\/es\/2023\/02\/la-historia-del-origen-del-menudo-mexicano\/"},"author":{"name":"Rachel","@id":"https:\/\/nuestrostories.com\/es\/#\/schema\/person\/f47422cace2ee5360c765844aa2ab67f"},"headline":"La historia del origen del menudo mexicano","datePublished":"2023-02-09T21:48:10+00:00","dateModified":"2024-01-17T15:03:52+00:00","mainEntityOfPage":{"@id":"https:\/\/nuestrostories.com\/es\/2023\/02\/la-historia-del-origen-del-menudo-mexicano\/"},"wordCount":543,"publisher":{"@id":"https:\/\/nuestrostories.com\/es\/#organization"},"image":{"@id":"https:\/\/nuestrostories.com\/es\/2023\/02\/la-historia-del-origen-del-menudo-mexicano\/#primaryimage"},"thumbnailUrl":"https:\/\/nuestrostories.com\/wp-content\/uploads\/2023\/02\/Origins-of-Mexico-Menudo.jpg","articleSection":["FEATURED"],"inLanguage":"es"},{"@type":"WebPage","@id":"https:\/\/nuestrostories.com\/es\/2023\/02\/la-historia-del-origen-del-menudo-mexicano\/","url":"https:\/\/nuestrostories.com\/es\/2023\/02\/la-historia-del-origen-del-menudo-mexicano\/","name":"La historia del origen del menudo mexicano - Nuestro Stories","isPartOf":{"@id":"https:\/\/nuestrostories.com\/es\/#website"},"primaryImageOfPage":{"@id":"https:\/\/nuestrostories.com\/es\/2023\/02\/la-historia-del-origen-del-menudo-mexicano\/#primaryimage"},"image":{"@id":"https:\/\/nuestrostories.com\/es\/2023\/02\/la-historia-del-origen-del-menudo-mexicano\/#primaryimage"},"thumbnailUrl":"https:\/\/nuestrostories.com\/wp-content\/uploads\/2023\/02\/Origins-of-Mexico-Menudo.jpg","datePublished":"2023-02-09T21:48:10+00:00","dateModified":"2024-01-17T15:03:52+00:00","breadcrumb":{"@id":"https:\/\/nuestrostories.com\/es\/2023\/02\/la-historia-del-origen-del-menudo-mexicano\/#breadcrumb"},"inLanguage":"es","potentialAction":[{"@type":"ReadAction","target":["https:\/\/nuestrostories.com\/es\/2023\/02\/la-historia-del-origen-del-menudo-mexicano\/"]}]},{"@type":"ImageObject","inLanguage":"es","@id":"https:\/\/nuestrostories.com\/es\/2023\/02\/la-historia-del-origen-del-menudo-mexicano\/#primaryimage","url":"https:\/\/nuestrostories.com\/wp-content\/uploads\/2023\/02\/Origins-of-Mexico-Menudo.jpg","contentUrl":"https:\/\/nuestrostories.com\/wp-content\/uploads\/2023\/02\/Origins-of-Mexico-Menudo.jpg","width":1910,"height":1274},{"@type":"BreadcrumbList","@id":"https:\/\/nuestrostories.com\/es\/2023\/02\/la-historia-del-origen-del-menudo-mexicano\/#breadcrumb","itemListElement":[{"@type":"ListItem","position":1,"name":"Home","item":"https:\/\/nuestrostories.com\/es\/"},{"@type":"ListItem","position":2,"name":"La historia del origen del menudo mexicano"}]},{"@type":"WebSite","@id":"https:\/\/nuestrostories.com\/es\/#website","url":"https:\/\/nuestrostories.com\/es\/","name":"Nuestro Stories","description":"Latino Heritage. Every Day.","publisher":{"@id":"https:\/\/nuestrostories.com\/es\/#organization"},"potentialAction":[{"@type":"SearchAction","target":{"@type":"EntryPoint","urlTemplate":"https:\/\/nuestrostories.com\/es\/?s={search_term_string}"},"query-input":{"@type":"PropertyValueSpecification","valueRequired":true,"valueName":"search_term_string"}}],"inLanguage":"es"},{"@type":"Organization","@id":"https:\/\/nuestrostories.com\/es\/#organization","name":"Nuestro Stories","url":"https:\/\/nuestrostories.com\/es\/","logo":{"@type":"ImageObject","inLanguage":"es","@id":"https:\/\/nuestrostories.com\/es\/#\/schema\/logo\/image\/","url":"https:\/\/nuestrostories.com\/wp-content\/uploads\/2021\/11\/Nuestro-Stories-Logo.png","contentUrl":"https:\/\/nuestrostories.com\/wp-content\/uploads\/2021\/11\/Nuestro-Stories-Logo.png","width":282,"height":118,"caption":"Nuestro Stories"},"image":{"@id":"https:\/\/nuestrostories.com\/es\/#\/schema\/logo\/image\/"}},{"@type":"Person","@id":"https:\/\/nuestrostories.com\/es\/#\/schema\/person\/f47422cace2ee5360c765844aa2ab67f","name":"Rachel","image":{"@type":"ImageObject","inLanguage":"es","@id":"https:\/\/nuestrostories.com\/wp-content\/uploads\/2023\/06\/RachelBio-150x150.jpg","url":"https:\/\/nuestrostories.com\/wp-content\/uploads\/2023\/06\/RachelBio-150x150.jpg","contentUrl":"https:\/\/nuestrostories.com\/wp-content\/uploads\/2023\/06\/RachelBio-150x150.jpg","caption":"Rachel"},"description":"Olivia Monahan Chicana journalist, editor, educator, and organizer in Sacramento whose sole focus is to shed light on stories on our most impacted and marginalized communities, but even more importantly, for those stories to humanize those normally left out. She is an Ida B Wells Investigative Journalism Fellow 2022 Finalist, a member of the Parenting Journalists Society, and has bylines in The Courier, The Sacramento Bee, The Americano, Submerge Magazine among others.","url":"https:\/\/nuestrostories.com\/es\/author\/rachel\/"}]}},"_links":{"self":[{"href":"https:\/\/nuestrostories.com\/es\/wp-json\/wp\/v2\/posts\/14500","targetHints":{"allow":["GET"]}}],"collection":[{"href":"https:\/\/nuestrostories.com\/es\/wp-json\/wp\/v2\/posts"}],"about":[{"href":"https:\/\/nuestrostories.com\/es\/wp-json\/wp\/v2\/types\/post"}],"author":[{"embeddable":true,"href":"https:\/\/nuestrostories.com\/es\/wp-json\/wp\/v2\/users\/4"}],"replies":[{"embeddable":true,"href":"https:\/\/nuestrostories.com\/es\/wp-json\/wp\/v2\/comments?post=14500"}],"version-history":[{"count":1,"href":"https:\/\/nuestrostories.com\/es\/wp-json\/wp\/v2\/posts\/14500\/revisions"}],"predecessor-version":[{"id":14503,"href":"https:\/\/nuestrostories.com\/es\/wp-json\/wp\/v2\/posts\/14500\/revisions\/14503"}],"wp:featuredmedia":[{"embeddable":true,"href":"https:\/\/nuestrostories.com\/es\/wp-json\/wp\/v2\/media\/10279"}],"wp:attachment":[{"href":"https:\/\/nuestrostories.com\/es\/wp-json\/wp\/v2\/media?parent=14500"}],"wp:term":[{"taxonomy":"category","embeddable":true,"href":"https:\/\/nuestrostories.com\/es\/wp-json\/wp\/v2\/categories?post=14500"},{"taxonomy":"post_tag","embeddable":true,"href":"https:\/\/nuestrostories.com\/es\/wp-json\/wp\/v2\/tags?post=14500"}],"curies":[{"name":"wp","href":"https:\/\/api.w.org\/{rel}","templated":true}]}}