{"id":14803,"date":"2023-01-12T16:35:37","date_gmt":"2023-01-12T21:35:37","guid":{"rendered":"https:\/\/nuestrostories.com\/?p=14803"},"modified":"2024-01-25T10:26:38","modified_gmt":"2024-01-25T15:26:38","slug":"luis-federico-leloir-un-premio-nobel-del-que-tal-vez-no-hayas-oido-hablar","status":"publish","type":"post","link":"https:\/\/nuestrostories.com\/es\/2023\/01\/luis-federico-leloir-un-premio-nobel-del-que-tal-vez-no-hayas-oido-hablar\/","title":{"rendered":"Luis Federico Leloir, un premio Nobel del que tal vez no hayas o\u00eddo hablar"},"content":{"rendered":"\n<p><em>Imagen cortes\u00eda de Nuestro Stories.<\/em><\/p>\n\n\n\n<p>Luis Federico Leloir fue un m\u00e9dico y bioqu\u00edmico argentino que <a href=\"https:\/\/www.nobelprize.org\/prizes\/chemistry\/1970\/leloir\/biographical\/\">recibi\u00f3<\/a> el Premio Nobel de Qu\u00edmica en 1970 por descubrir las rutas metab\u00f3licas de la lactosa. Su investigaci\u00f3n sobre los nucle\u00f3tidos de az\u00facar, el metabolismo de los carbohidratos y la hipertensi\u00f3n renal atrajo atenci\u00f3n internacional y avanz\u00f3 en la comprensi\u00f3n, el diagn\u00f3stico y el tratamiento de enfermedades cong\u00e9nitas.<\/p>\n\n\n\n<p>El Premio Nobel es el galard\u00f3n m\u00e1s alto que alguien puede recibir por su trabajo. Es un premio internacional anual otorgado por primera vez en 1901 por logros en F\u00edsica, Qu\u00edmica, Fisiolog\u00eda o <a href=\"https:\/\/nuestrostories.com\/2022\/11\/baruj-benacerraf-the-venezuelan-immunologist-who-won-the-nobel-prize\/\">Medicina<\/a>, Literatura y Paz. Se han otorgado premios Nobel a m\u00e1s de 900 personas, muchas de ellas de Am\u00e9rica Latina.<\/p>\n\n\n\n<p>Diecisiete latinoamericanos, 15 hombres y dos mujeres, han ganado el Premio Nobel. De ellos, dos latinoamericanos recibieron el Premio Nobel de Qu\u00edmica: Leloir en 1970 y Mario J. Molina de M\u00e9xico en 1995.<\/p>\n\n\n\n<p>Leloir <a href=\"https:\/\/www.britannica.com\/biography\/Luis-Federico-Leloir\">naci\u00f3<\/a> en Francia en 1906. Sus padres hab\u00edan ido a ese pa\u00eds para tratar a Federico, el hermano de Luis, quien sucumbi\u00f3 a su enfermedad en Par\u00eds. Luis naci\u00f3 d\u00edas despu\u00e9s en una antigua casa de la calle V\u00edctor Hugo 81 de esa ciudad, a pocas cuadras del Arco de Triunfo.<\/p>\n\n\n\n<p>Leloir y su familia regresaron a Argentina en 1908. Viv\u00eda con sus ocho hermanos en la propiedad familiar, comprada por sus abuelos cuando emigraron del Pa\u00eds Vasco, en Espa\u00f1a.<\/p>\n\n\n\n<p>Aunque naci\u00f3 en Francia, Leloir se educ\u00f3 principalmente en la Universidad de Buenos Aires (UBA) y fue director de la Fundaci\u00f3n Instituto Campomar, un grupo de investigaci\u00f3n privado, hasta su muerte en 1987.<\/p>\n\n\n\n<h2 class=\"wp-block-heading\">Una infancia de observaci\u00f3n<\/h2>\n\n\n\n<p>Leloir estaba fascinado por las conexiones entre las ciencias naturales y la biolog\u00eda, lo que es evidente en sus lecturas y escritos escolares.<\/p>\n\n\n\n<p>Despu\u00e9s de graduarse en el Departamento de Medicina de UBA (necesit\u00f3 cuatro intentos para doctorarse), en 1933 conoci\u00f3 a Bernardo Houssay, quien le propuso investigar las gl\u00e1ndulas suprarrenales y el metabolismo de los carbohidratos en su tesis doctoral.<\/p>\n\n\n\n<p>Leloir le dio cr\u00e9dito a Houssay, quien en 1947 obtuvo el Premio Nobel de Fisiolog\u00eda o Medicina, por dirigir su atenci\u00f3n hacia el trabajo con el que luego gan\u00f3 su Premio Nobel.<\/p>\n\n\n\n<p>Despu\u00e9s de ganar el Nobel de Qu\u00edmica, Leloir dijo en una conferencia que \u201ctoda su carrera investigadora ha sido influenciada por una sola persona, el profesor Bernardo A. Houssay\u201d.<\/p>\n\n\n\n<p>En 1936, viaj\u00f3 a Inglaterra para iniciar estudios avanzados en la Universidad de Cambridge bajo la supervisi\u00f3n de otro premio Nobel, Sir Frederick Gowland Hopkins.<\/p>\n\n\n\n<p>Regres\u00f3 a Buenos Aires en 1937, pero fue expulsado de UBA por firmar con su nombre una petici\u00f3n p\u00fablica oponi\u00e9ndose al r\u00e9gimen nazi en Alemania y al gobierno militar argentino.<\/p>\n\n\n\n<p>Leloir huy\u00f3 a Estados Unidos y asumi\u00f3 el puesto de profesor asociado en el Departamento de Farmacolog\u00eda de la Universidad de Washington en St. Louis.<\/p>\n\n\n\n<p>En 1945, regres\u00f3 a Argentina para colaborar con Houssay en el Instituto de Investigaciones Bioqu\u00edmicas de la Fundaci\u00f3n Campomar, en donde trabaj\u00f3 hasta su muerte.<\/p>\n\n\n\n<p>Despu\u00e9s de ganar el Premio Nobel, se cit\u00f3 a Leloir, diciendo \u00abPodr\u00eda parafrasear a Churchill y decir \u2018nunca he recibido tanto por tan poco\u2019\u00bb.<\/p>\n\n\n\n<p><strong>Por Susanne Ram\u00edrez de Arellano<\/strong><\/p>\n\n\n\n<p>Susanne Ram\u00edrez de Arellano es una escritora y cr\u00edtica cultural que fue periodista, productora de televisi\u00f3n y directora de noticias. Vive entre San Juan y Nueva York y actualmente est\u00e1 haciendo su primer intento de escribir una novela.<\/p>\n","protected":false},"excerpt":{"rendered":"<p>Imagen cortes\u00eda de Nuestro Stories. Luis Federico Leloir fue un m\u00e9dico y bioqu\u00edmico argentino que recibi\u00f3 el Premio Nobel de Qu\u00edmica en 1970 por descubrir las rutas metab\u00f3licas de la lactosa. Su investigaci\u00f3n sobre los nucle\u00f3tidos de az\u00facar, el metabolismo de los carbohidratos y la hipertensi\u00f3n renal atrajo atenci\u00f3n internacional y avanz\u00f3 en la comprensi\u00f3n, [&hellip;]<\/p>\n","protected":false},"author":16,"featured_media":10239,"comment_status":"closed","ping_status":"open","sticky":false,"template":"","format":"standard","meta":{"_acf_changed":false,"footnotes":""},"categories":[1281],"tags":[],"class_list":["post-14803","post","type-post","status-publish","format-standard","has-post-thumbnail","hentry","category-featured-es"],"acf":[],"yoast_head":"<!-- This site is optimized with the Yoast SEO plugin v27.3 - https:\/\/yoast.com\/product\/yoast-seo-wordpress\/ -->\n<title>Luis Federico Leloir, un premio Nobel del que tal vez no hayas o\u00eddo hablar - Nuestro Stories<\/title>\n<meta name=\"robots\" content=\"index, follow, max-snippet:-1, max-image-preview:large, max-video-preview:-1\" \/>\n<link rel=\"canonical\" href=\"https:\/\/nuestrostories.com\/es\/2023\/01\/luis-federico-leloir-un-premio-nobel-del-que-tal-vez-no-hayas-oido-hablar\/\" \/>\n<meta property=\"og:locale\" content=\"es_ES\" \/>\n<meta property=\"og:type\" content=\"article\" \/>\n<meta property=\"og:title\" content=\"Luis Federico Leloir, un premio Nobel del que tal vez no hayas o\u00eddo hablar - Nuestro Stories\" \/>\n<meta property=\"og:description\" content=\"Imagen cortes\u00eda de Nuestro Stories. Luis Federico Leloir fue un m\u00e9dico y bioqu\u00edmico argentino que recibi\u00f3 el Premio Nobel de Qu\u00edmica en 1970 por descubrir las rutas metab\u00f3licas de la lactosa. Su investigaci\u00f3n sobre los nucle\u00f3tidos de az\u00facar, el metabolismo de los carbohidratos y la hipertensi\u00f3n renal atrajo atenci\u00f3n internacional y avanz\u00f3 en la comprensi\u00f3n, [&hellip;]\" \/>\n<meta property=\"og:url\" content=\"https:\/\/nuestrostories.com\/es\/2023\/01\/luis-federico-leloir-un-premio-nobel-del-que-tal-vez-no-hayas-oido-hablar\/\" \/>\n<meta property=\"og:site_name\" content=\"Nuestro Stories\" \/>\n<meta property=\"article:published_time\" content=\"2023-01-12T21:35:37+00:00\" \/>\n<meta property=\"article:modified_time\" content=\"2024-01-25T15:26:38+00:00\" \/>\n<meta property=\"og:image\" content=\"https:\/\/nuestrostories.com\/wp-content\/uploads\/2023\/01\/Luis-Federico-Leloir-Nuestro-Stories.jpeg\" \/>\n\t<meta property=\"og:image:width\" content=\"1910\" \/>\n\t<meta property=\"og:image:height\" content=\"1274\" \/>\n\t<meta property=\"og:image:type\" content=\"image\/jpeg\" \/>\n<meta name=\"author\" content=\"Susanne Ram\u00edrez de Arellano\" \/>\n<meta name=\"twitter:card\" content=\"summary_large_image\" \/>\n<meta name=\"twitter:label1\" content=\"Escrito por\" \/>\n\t<meta name=\"twitter:data1\" content=\"Susanne Ram\u00edrez de Arellano\" \/>\n\t<meta name=\"twitter:label2\" content=\"Tiempo de lectura\" \/>\n\t<meta name=\"twitter:data2\" content=\"3 minutos\" \/>\n<script type=\"application\/ld+json\" class=\"yoast-schema-graph\">{\"@context\":\"https:\\\/\\\/schema.org\",\"@graph\":[{\"@type\":\"Article\",\"@id\":\"https:\\\/\\\/nuestrostories.com\\\/es\\\/2023\\\/01\\\/luis-federico-leloir-un-premio-nobel-del-que-tal-vez-no-hayas-oido-hablar\\\/#article\",\"isPartOf\":{\"@id\":\"https:\\\/\\\/nuestrostories.com\\\/es\\\/2023\\\/01\\\/luis-federico-leloir-un-premio-nobel-del-que-tal-vez-no-hayas-oido-hablar\\\/\"},\"author\":{\"name\":\"Susanne Ram\u00edrez de Arellano\",\"@id\":\"https:\\\/\\\/nuestrostories.com\\\/es\\\/#\\\/schema\\\/person\\\/8d4f4f6466a1c50c4760661ba3d1ab6a\"},\"headline\":\"Luis Federico Leloir, un premio Nobel del que tal vez no hayas o\u00eddo hablar\",\"datePublished\":\"2023-01-12T21:35:37+00:00\",\"dateModified\":\"2024-01-25T15:26:38+00:00\",\"mainEntityOfPage\":{\"@id\":\"https:\\\/\\\/nuestrostories.com\\\/es\\\/2023\\\/01\\\/luis-federico-leloir-un-premio-nobel-del-que-tal-vez-no-hayas-oido-hablar\\\/\"},\"wordCount\":617,\"publisher\":{\"@id\":\"https:\\\/\\\/nuestrostories.com\\\/es\\\/#organization\"},\"image\":{\"@id\":\"https:\\\/\\\/nuestrostories.com\\\/es\\\/2023\\\/01\\\/luis-federico-leloir-un-premio-nobel-del-que-tal-vez-no-hayas-oido-hablar\\\/#primaryimage\"},\"thumbnailUrl\":\"https:\\\/\\\/nuestrostories.com\\\/wp-content\\\/uploads\\\/2023\\\/01\\\/Luis-Federico-Leloir-Nuestro-Stories.jpeg\",\"articleSection\":[\"FEATURED\"],\"inLanguage\":\"es\"},{\"@type\":\"WebPage\",\"@id\":\"https:\\\/\\\/nuestrostories.com\\\/es\\\/2023\\\/01\\\/luis-federico-leloir-un-premio-nobel-del-que-tal-vez-no-hayas-oido-hablar\\\/\",\"url\":\"https:\\\/\\\/nuestrostories.com\\\/es\\\/2023\\\/01\\\/luis-federico-leloir-un-premio-nobel-del-que-tal-vez-no-hayas-oido-hablar\\\/\",\"name\":\"Luis Federico Leloir, un premio Nobel del que tal vez no hayas o\u00eddo hablar - Nuestro Stories\",\"isPartOf\":{\"@id\":\"https:\\\/\\\/nuestrostories.com\\\/es\\\/#website\"},\"primaryImageOfPage\":{\"@id\":\"https:\\\/\\\/nuestrostories.com\\\/es\\\/2023\\\/01\\\/luis-federico-leloir-un-premio-nobel-del-que-tal-vez-no-hayas-oido-hablar\\\/#primaryimage\"},\"image\":{\"@id\":\"https:\\\/\\\/nuestrostories.com\\\/es\\\/2023\\\/01\\\/luis-federico-leloir-un-premio-nobel-del-que-tal-vez-no-hayas-oido-hablar\\\/#primaryimage\"},\"thumbnailUrl\":\"https:\\\/\\\/nuestrostories.com\\\/wp-content\\\/uploads\\\/2023\\\/01\\\/Luis-Federico-Leloir-Nuestro-Stories.jpeg\",\"datePublished\":\"2023-01-12T21:35:37+00:00\",\"dateModified\":\"2024-01-25T15:26:38+00:00\",\"breadcrumb\":{\"@id\":\"https:\\\/\\\/nuestrostories.com\\\/es\\\/2023\\\/01\\\/luis-federico-leloir-un-premio-nobel-del-que-tal-vez-no-hayas-oido-hablar\\\/#breadcrumb\"},\"inLanguage\":\"es\",\"potentialAction\":[{\"@type\":\"ReadAction\",\"target\":[\"https:\\\/\\\/nuestrostories.com\\\/es\\\/2023\\\/01\\\/luis-federico-leloir-un-premio-nobel-del-que-tal-vez-no-hayas-oido-hablar\\\/\"]}]},{\"@type\":\"ImageObject\",\"inLanguage\":\"es\",\"@id\":\"https:\\\/\\\/nuestrostories.com\\\/es\\\/2023\\\/01\\\/luis-federico-leloir-un-premio-nobel-del-que-tal-vez-no-hayas-oido-hablar\\\/#primaryimage\",\"url\":\"https:\\\/\\\/nuestrostories.com\\\/wp-content\\\/uploads\\\/2023\\\/01\\\/Luis-Federico-Leloir-Nuestro-Stories.jpeg\",\"contentUrl\":\"https:\\\/\\\/nuestrostories.com\\\/wp-content\\\/uploads\\\/2023\\\/01\\\/Luis-Federico-Leloir-Nuestro-Stories.jpeg\",\"width\":1910,\"height\":1274,\"caption\":\"Image courtesy of Nuestro Stories.\"},{\"@type\":\"BreadcrumbList\",\"@id\":\"https:\\\/\\\/nuestrostories.com\\\/es\\\/2023\\\/01\\\/luis-federico-leloir-un-premio-nobel-del-que-tal-vez-no-hayas-oido-hablar\\\/#breadcrumb\",\"itemListElement\":[{\"@type\":\"ListItem\",\"position\":1,\"name\":\"Home\",\"item\":\"https:\\\/\\\/nuestrostories.com\\\/es\\\/\"},{\"@type\":\"ListItem\",\"position\":2,\"name\":\"Luis Federico Leloir, un premio Nobel del que tal vez no hayas o\u00eddo hablar\"}]},{\"@type\":\"WebSite\",\"@id\":\"https:\\\/\\\/nuestrostories.com\\\/es\\\/#website\",\"url\":\"https:\\\/\\\/nuestrostories.com\\\/es\\\/\",\"name\":\"Nuestro Stories\",\"description\":\"Latino Heritage. Every Day.\",\"publisher\":{\"@id\":\"https:\\\/\\\/nuestrostories.com\\\/es\\\/#organization\"},\"potentialAction\":[{\"@type\":\"SearchAction\",\"target\":{\"@type\":\"EntryPoint\",\"urlTemplate\":\"https:\\\/\\\/nuestrostories.com\\\/es\\\/?s={search_term_string}\"},\"query-input\":{\"@type\":\"PropertyValueSpecification\",\"valueRequired\":true,\"valueName\":\"search_term_string\"}}],\"inLanguage\":\"es\"},{\"@type\":\"Organization\",\"@id\":\"https:\\\/\\\/nuestrostories.com\\\/es\\\/#organization\",\"name\":\"Nuestro Stories\",\"url\":\"https:\\\/\\\/nuestrostories.com\\\/es\\\/\",\"logo\":{\"@type\":\"ImageObject\",\"inLanguage\":\"es\",\"@id\":\"https:\\\/\\\/nuestrostories.com\\\/es\\\/#\\\/schema\\\/logo\\\/image\\\/\",\"url\":\"https:\\\/\\\/nuestrostories.com\\\/wp-content\\\/uploads\\\/2021\\\/11\\\/Nuestro-Stories-Logo.png\",\"contentUrl\":\"https:\\\/\\\/nuestrostories.com\\\/wp-content\\\/uploads\\\/2021\\\/11\\\/Nuestro-Stories-Logo.png\",\"width\":282,\"height\":118,\"caption\":\"Nuestro Stories\"},\"image\":{\"@id\":\"https:\\\/\\\/nuestrostories.com\\\/es\\\/#\\\/schema\\\/logo\\\/image\\\/\"}},{\"@type\":\"Person\",\"@id\":\"https:\\\/\\\/nuestrostories.com\\\/es\\\/#\\\/schema\\\/person\\\/8d4f4f6466a1c50c4760661ba3d1ab6a\",\"name\":\"Susanne Ram\u00edrez de Arellano\",\"image\":{\"@type\":\"ImageObject\",\"inLanguage\":\"es\",\"@id\":\"https:\\\/\\\/nuestrostories.com\\\/wp-content\\\/uploads\\\/2022\\\/06\\\/Susanne-150x150.jpeg\",\"url\":\"https:\\\/\\\/nuestrostories.com\\\/wp-content\\\/uploads\\\/2022\\\/06\\\/Susanne-150x150.jpeg\",\"contentUrl\":\"https:\\\/\\\/nuestrostories.com\\\/wp-content\\\/uploads\\\/2022\\\/06\\\/Susanne-150x150.jpeg\",\"caption\":\"Susanne Ram\u00edrez de Arellano\"},\"description\":\"Susanne Ramirez de Arellano is a writer and cultural critic who used to be a journalist, television producer, and news director. She lives between San Juan and New York and is, at present, making her first attempt at writing a novel.\",\"url\":\"https:\\\/\\\/nuestrostories.com\\\/es\\\/author\\\/susanne-ramirez-de-arellano\\\/\"}]}<\/script>\n<!-- \/ Yoast SEO plugin. -->","yoast_head_json":{"title":"Luis Federico Leloir, un premio Nobel del que tal vez no hayas o\u00eddo hablar - Nuestro Stories","robots":{"index":"index","follow":"follow","max-snippet":"max-snippet:-1","max-image-preview":"max-image-preview:large","max-video-preview":"max-video-preview:-1"},"canonical":"https:\/\/nuestrostories.com\/es\/2023\/01\/luis-federico-leloir-un-premio-nobel-del-que-tal-vez-no-hayas-oido-hablar\/","og_locale":"es_ES","og_type":"article","og_title":"Luis Federico Leloir, un premio Nobel del que tal vez no hayas o\u00eddo hablar - Nuestro Stories","og_description":"Imagen cortes\u00eda de Nuestro Stories. Luis Federico Leloir fue un m\u00e9dico y bioqu\u00edmico argentino que recibi\u00f3 el Premio Nobel de Qu\u00edmica en 1970 por descubrir las rutas metab\u00f3licas de la lactosa. Su investigaci\u00f3n sobre los nucle\u00f3tidos de az\u00facar, el metabolismo de los carbohidratos y la hipertensi\u00f3n renal atrajo atenci\u00f3n internacional y avanz\u00f3 en la comprensi\u00f3n, [&hellip;]","og_url":"https:\/\/nuestrostories.com\/es\/2023\/01\/luis-federico-leloir-un-premio-nobel-del-que-tal-vez-no-hayas-oido-hablar\/","og_site_name":"Nuestro Stories","article_published_time":"2023-01-12T21:35:37+00:00","article_modified_time":"2024-01-25T15:26:38+00:00","og_image":[{"width":1910,"height":1274,"url":"https:\/\/nuestrostories.com\/wp-content\/uploads\/2023\/01\/Luis-Federico-Leloir-Nuestro-Stories.jpeg","type":"image\/jpeg"}],"author":"Susanne Ram\u00edrez de Arellano","twitter_card":"summary_large_image","twitter_misc":{"Escrito por":"Susanne Ram\u00edrez de Arellano","Tiempo de lectura":"3 minutos"},"schema":{"@context":"https:\/\/schema.org","@graph":[{"@type":"Article","@id":"https:\/\/nuestrostories.com\/es\/2023\/01\/luis-federico-leloir-un-premio-nobel-del-que-tal-vez-no-hayas-oido-hablar\/#article","isPartOf":{"@id":"https:\/\/nuestrostories.com\/es\/2023\/01\/luis-federico-leloir-un-premio-nobel-del-que-tal-vez-no-hayas-oido-hablar\/"},"author":{"name":"Susanne Ram\u00edrez de Arellano","@id":"https:\/\/nuestrostories.com\/es\/#\/schema\/person\/8d4f4f6466a1c50c4760661ba3d1ab6a"},"headline":"Luis Federico Leloir, un premio Nobel del que tal vez no hayas o\u00eddo hablar","datePublished":"2023-01-12T21:35:37+00:00","dateModified":"2024-01-25T15:26:38+00:00","mainEntityOfPage":{"@id":"https:\/\/nuestrostories.com\/es\/2023\/01\/luis-federico-leloir-un-premio-nobel-del-que-tal-vez-no-hayas-oido-hablar\/"},"wordCount":617,"publisher":{"@id":"https:\/\/nuestrostories.com\/es\/#organization"},"image":{"@id":"https:\/\/nuestrostories.com\/es\/2023\/01\/luis-federico-leloir-un-premio-nobel-del-que-tal-vez-no-hayas-oido-hablar\/#primaryimage"},"thumbnailUrl":"https:\/\/nuestrostories.com\/wp-content\/uploads\/2023\/01\/Luis-Federico-Leloir-Nuestro-Stories.jpeg","articleSection":["FEATURED"],"inLanguage":"es"},{"@type":"WebPage","@id":"https:\/\/nuestrostories.com\/es\/2023\/01\/luis-federico-leloir-un-premio-nobel-del-que-tal-vez-no-hayas-oido-hablar\/","url":"https:\/\/nuestrostories.com\/es\/2023\/01\/luis-federico-leloir-un-premio-nobel-del-que-tal-vez-no-hayas-oido-hablar\/","name":"Luis Federico Leloir, un premio Nobel del que tal vez no hayas o\u00eddo hablar - Nuestro Stories","isPartOf":{"@id":"https:\/\/nuestrostories.com\/es\/#website"},"primaryImageOfPage":{"@id":"https:\/\/nuestrostories.com\/es\/2023\/01\/luis-federico-leloir-un-premio-nobel-del-que-tal-vez-no-hayas-oido-hablar\/#primaryimage"},"image":{"@id":"https:\/\/nuestrostories.com\/es\/2023\/01\/luis-federico-leloir-un-premio-nobel-del-que-tal-vez-no-hayas-oido-hablar\/#primaryimage"},"thumbnailUrl":"https:\/\/nuestrostories.com\/wp-content\/uploads\/2023\/01\/Luis-Federico-Leloir-Nuestro-Stories.jpeg","datePublished":"2023-01-12T21:35:37+00:00","dateModified":"2024-01-25T15:26:38+00:00","breadcrumb":{"@id":"https:\/\/nuestrostories.com\/es\/2023\/01\/luis-federico-leloir-un-premio-nobel-del-que-tal-vez-no-hayas-oido-hablar\/#breadcrumb"},"inLanguage":"es","potentialAction":[{"@type":"ReadAction","target":["https:\/\/nuestrostories.com\/es\/2023\/01\/luis-federico-leloir-un-premio-nobel-del-que-tal-vez-no-hayas-oido-hablar\/"]}]},{"@type":"ImageObject","inLanguage":"es","@id":"https:\/\/nuestrostories.com\/es\/2023\/01\/luis-federico-leloir-un-premio-nobel-del-que-tal-vez-no-hayas-oido-hablar\/#primaryimage","url":"https:\/\/nuestrostories.com\/wp-content\/uploads\/2023\/01\/Luis-Federico-Leloir-Nuestro-Stories.jpeg","contentUrl":"https:\/\/nuestrostories.com\/wp-content\/uploads\/2023\/01\/Luis-Federico-Leloir-Nuestro-Stories.jpeg","width":1910,"height":1274,"caption":"Image courtesy of Nuestro Stories."},{"@type":"BreadcrumbList","@id":"https:\/\/nuestrostories.com\/es\/2023\/01\/luis-federico-leloir-un-premio-nobel-del-que-tal-vez-no-hayas-oido-hablar\/#breadcrumb","itemListElement":[{"@type":"ListItem","position":1,"name":"Home","item":"https:\/\/nuestrostories.com\/es\/"},{"@type":"ListItem","position":2,"name":"Luis Federico Leloir, un premio Nobel del que tal vez no hayas o\u00eddo hablar"}]},{"@type":"WebSite","@id":"https:\/\/nuestrostories.com\/es\/#website","url":"https:\/\/nuestrostories.com\/es\/","name":"Nuestro Stories","description":"Latino Heritage. Every Day.","publisher":{"@id":"https:\/\/nuestrostories.com\/es\/#organization"},"potentialAction":[{"@type":"SearchAction","target":{"@type":"EntryPoint","urlTemplate":"https:\/\/nuestrostories.com\/es\/?s={search_term_string}"},"query-input":{"@type":"PropertyValueSpecification","valueRequired":true,"valueName":"search_term_string"}}],"inLanguage":"es"},{"@type":"Organization","@id":"https:\/\/nuestrostories.com\/es\/#organization","name":"Nuestro Stories","url":"https:\/\/nuestrostories.com\/es\/","logo":{"@type":"ImageObject","inLanguage":"es","@id":"https:\/\/nuestrostories.com\/es\/#\/schema\/logo\/image\/","url":"https:\/\/nuestrostories.com\/wp-content\/uploads\/2021\/11\/Nuestro-Stories-Logo.png","contentUrl":"https:\/\/nuestrostories.com\/wp-content\/uploads\/2021\/11\/Nuestro-Stories-Logo.png","width":282,"height":118,"caption":"Nuestro Stories"},"image":{"@id":"https:\/\/nuestrostories.com\/es\/#\/schema\/logo\/image\/"}},{"@type":"Person","@id":"https:\/\/nuestrostories.com\/es\/#\/schema\/person\/8d4f4f6466a1c50c4760661ba3d1ab6a","name":"Susanne Ram\u00edrez de Arellano","image":{"@type":"ImageObject","inLanguage":"es","@id":"https:\/\/nuestrostories.com\/wp-content\/uploads\/2022\/06\/Susanne-150x150.jpeg","url":"https:\/\/nuestrostories.com\/wp-content\/uploads\/2022\/06\/Susanne-150x150.jpeg","contentUrl":"https:\/\/nuestrostories.com\/wp-content\/uploads\/2022\/06\/Susanne-150x150.jpeg","caption":"Susanne Ram\u00edrez de Arellano"},"description":"Susanne Ramirez de Arellano is a writer and cultural critic who used to be a journalist, television producer, and news director. She lives between San Juan and New York and is, at present, making her first attempt at writing a novel.","url":"https:\/\/nuestrostories.com\/es\/author\/susanne-ramirez-de-arellano\/"}]}},"_links":{"self":[{"href":"https:\/\/nuestrostories.com\/es\/wp-json\/wp\/v2\/posts\/14803","targetHints":{"allow":["GET"]}}],"collection":[{"href":"https:\/\/nuestrostories.com\/es\/wp-json\/wp\/v2\/posts"}],"about":[{"href":"https:\/\/nuestrostories.com\/es\/wp-json\/wp\/v2\/types\/post"}],"author":[{"embeddable":true,"href":"https:\/\/nuestrostories.com\/es\/wp-json\/wp\/v2\/users\/16"}],"replies":[{"embeddable":true,"href":"https:\/\/nuestrostories.com\/es\/wp-json\/wp\/v2\/comments?post=14803"}],"version-history":[{"count":1,"href":"https:\/\/nuestrostories.com\/es\/wp-json\/wp\/v2\/posts\/14803\/revisions"}],"predecessor-version":[{"id":14806,"href":"https:\/\/nuestrostories.com\/es\/wp-json\/wp\/v2\/posts\/14803\/revisions\/14806"}],"wp:featuredmedia":[{"embeddable":true,"href":"https:\/\/nuestrostories.com\/es\/wp-json\/wp\/v2\/media\/10239"}],"wp:attachment":[{"href":"https:\/\/nuestrostories.com\/es\/wp-json\/wp\/v2\/media?parent=14803"}],"wp:term":[{"taxonomy":"category","embeddable":true,"href":"https:\/\/nuestrostories.com\/es\/wp-json\/wp\/v2\/categories?post=14803"},{"taxonomy":"post_tag","embeddable":true,"href":"https:\/\/nuestrostories.com\/es\/wp-json\/wp\/v2\/tags?post=14803"}],"curies":[{"name":"wp","href":"https:\/\/api.w.org\/{rel}","templated":true}]}}