{"id":15420,"date":"2022-12-08T19:46:04","date_gmt":"2022-12-09T00:46:04","guid":{"rendered":"https:\/\/nuestrostories.com\/?p=15420"},"modified":"2024-02-09T16:37:16","modified_gmt":"2024-02-09T21:37:16","slug":"rudy-martinez-el-comienzo-del-impacto-latino-en-la-segunda-guerra-mundial","status":"publish","type":"post","link":"https:\/\/nuestrostories.com\/es\/2022\/12\/rudy-martinez-el-comienzo-del-impacto-latino-en-la-segunda-guerra-mundial\/","title":{"rendered":"Rudy Mart\u00ednez: El comienzo del impacto latino en la Segunda Guerra Mundial"},"content":{"rendered":"\n<p><em>Cr\u00e9dito: Nuestro Stories<\/em><\/p>\n\n\n\n<p>En su \u00faltima carta a casa ped\u00eda una foto de su madre, Amelia. La siguiente carta que ella recibi\u00f3 le informaba que su hijo, Rudolph \u201cRudy\u201d Machado Mart\u00ednez, hab\u00eda muerto en el ataque japon\u00e9s a Pearl Harbor.<\/p>\n\n\n\n<p>Mart\u00ednez era un marino mexicano-estadounidense de 21 a\u00f1os de la Armada de Estados Unidos, uno de los m\u00e1s de 500,000 latinos que lucharon por Estados Unidos en la Segunda Guerra Mundial.<\/p>\n\n\n\n<p>Criado en San Diego, fue boxeador y campe\u00f3n de lucha libre en la preparatoria. Mart\u00ednez acababa de dejar a su familia para unirse a la Armada de Estados Unidos. Fue destinado a Pearl Harbor en el USS Utah, como compa\u00f1ero de electricista de tercera clase, probablemente uno de los m\u00e1s j\u00f3venes de su clase.<\/p>\n\n\n\n<p>El 7 de diciembre de 1941, una fecha que, en palabras del presidente Franklin D. Roosevelt, \u201cvivir\u00eda en la infamia\u201d, la armada imperial japonesa lanz\u00f3 un ataque sorpresa contra la base militar estadounidense en Pearl Harbor, Haw\u00e1i.<\/p>\n\n\n\n<p>Rudy Mart\u00ednez se convertir\u00eda en la primera v\u00edctima latina de la Segunda Guerra Mundial, muerto durante el ataque japon\u00e9s. Estaba destinado en Haw\u00e1i cuando su acorazado, el USS Utah, fue alcanzado por dos torpedos japoneses. Cincuenta y ocho hombres, incluido Mart\u00ednez, quedaron atrapados en el barco y murieron cuando se hundi\u00f3 ese d\u00eda.<\/p>\n\n\n\n<p>Mart\u00ednez y sus compa\u00f1eros siguen su servicio en el barco incluso hoy, 81 a\u00f1os despu\u00e9s, sepultados dentro del USS Utah. Recibi\u00f3 p\u00f3stumamente el Coraz\u00f3n P\u00farpura y las Medallas de la Victoria de la Segunda Guerra Mundial por servir a su pa\u00eds. Adem\u00e1s, el American Legion Post 624 en Mansfield, Texas, tom\u00f3 su nombre en su honor.<\/p>\n\n\n\n<p>El telegrama que recibi\u00f3 su madre, Amelia, dec\u00eda: \u201cEl Departamento de la Armada lamenta profundamente informarle que su hijo Rudolph Machado Mart\u00ednez\u2026 perdi\u00f3 en combate en el cumplimiento de su deber y el servicio a su pa\u00eds. El departamento le expresa su m\u00e1s sentido <a href=\"https:\/\/remezcla.com\/culture\/remembering-rudy-martinez-first-latino-killed-wwii-pearl-harbor\/\">p\u00e9same por su gran p\u00e9rdida<\/a>\u00ab.<\/p>\n\n\n\n<p>La muerte de Mart\u00ednez inici\u00f3 la oleada de latinos en las fuerzas militares estadounidenses en la Segunda Guerra Mundial. Como se mencion\u00f3 anteriormente, alrededor de medio mill\u00f3n de latinos sirvieron en esa guerra.<\/p>\n\n\n\n<p><strong>Lee m\u00e1s:<\/strong><a href=\"https:\/\/nuestrostories.com\/2022\/12\/garibaldi-guard-spanish-company\/\">\u00a0La Guardia Garibaldi es otro ejemplo de lo cruciales que han sido los hispanos en EEUU<\/a><\/p>\n\n\n\n<h2 class=\"wp-block-heading\">La importancia de Rudy Mart\u00ednez y los latinos en las guerras de EEUU<\/h2>\n\n\n\n<p>Incluso el general Douglas MacArthur tuvo que admitir cu\u00e1n buena fuerza de combate eran los latinos y cu\u00e1nto contribuyeron a la eventual victoria de Estados Unidos.<\/p>\n\n\n\n<p>MacArthur llam\u00f3 al 158\u00ba Regimiento de Infanter\u00eda de la Guardia Nacional de Arizona, conocido como \u201cBushmasters\u201d y formado por muchos soldados latinos, \u201cuno de <a href=\"https:\/\/www.pbs.org\/kenburns\/the-war\/latino-native-americans\">los mejores equipos de combate jam\u00e1s desplegados para la batalla<\/a>\u201d.<\/p>\n\n\n\n<p>La historia de los latinos en el Ej\u00e9rcito comienza con la Guerra de 1812, cuando los soldados latinos lucharon en lo que algunos llaman \u201cla segunda guerra de independencia de Estados Unidos\u201d. Los soldados latinos en las fuerzas militares estadounidenses siguen siendo prominentes hoy en las guerras m\u00e1s recientes en Irak y Afganist\u00e1n.<\/p>\n\n\n\n<p>M\u00e1s de 40 latinos han recibido la Medalla de Honor del Congreso, <a href=\"https:\/\/www.ussutah1941.org\/rudy-martinez.html\">la m\u00e1s alta condecoraci\u00f3n militar de Estados Unidos.<\/a><\/p>\n\n\n\n<p>La familia Mart\u00ednez tuvo la amabilidad de donar su Coraz\u00f3n P\u00farpura, el telegrama que anunci\u00f3 su muerte y otros art\u00edculos al Museo Nacional de Pearl Harbor.<\/p>\n\n\n\n<p>Debemos entender y celebrar c\u00f3mo los latinos han desempe\u00f1ado un papel decisivo al luchar en guerras en nombre de Estados Unidos, para que los latinos nacidos en Estados Unidos entiendan hasta qu\u00e9 punto son parte de esta naci\u00f3n.<\/p>\n\n\n\n<p><\/p>\n\n\n\n<p><a href=\"https:\/\/nuestrostories.com\/wp-content\/uploads\/2022\/04\/Nuestro-Stories-Writer-Image-Placeholder-218\">https:\/\/nuestrostories.com\/wp-content\/uploads\/2022\/04\/Nuestro-Stories-Writer-Image-Placeholder-218<\/a> \u00d7300.png<\/p>\n\n\n\n<p><strong>Por Susanne Ram\u00edrez de Arellano<\/strong><\/p>\n\n\n\n<p>Susanne Ram\u00edrez de Arellano es una escritora y cr\u00edtica cultural que fue periodista, productora de televisi\u00f3n y directora de noticias. Vive entre San Juan y Nueva York y actualmente est\u00e1 haciendo su primer intento de escribir una novela.<\/p>\n","protected":false},"excerpt":{"rendered":"<p>Cr\u00e9dito: Nuestro Stories En su \u00faltima carta a casa ped\u00eda una foto de su madre, Amelia. La siguiente carta que ella recibi\u00f3 le informaba que su hijo, Rudolph \u201cRudy\u201d Machado Mart\u00ednez, hab\u00eda muerto en el ataque japon\u00e9s a Pearl Harbor. Mart\u00ednez era un marino mexicano-estadounidense de 21 a\u00f1os de la Armada de Estados Unidos, uno [&hellip;]<\/p>\n","protected":false},"author":16,"featured_media":10179,"comment_status":"closed","ping_status":"open","sticky":false,"template":"","format":"standard","meta":{"_acf_changed":false,"footnotes":""},"categories":[1281],"tags":[],"class_list":["post-15420","post","type-post","status-publish","format-standard","has-post-thumbnail","hentry","category-featured-es"],"acf":[],"yoast_head":"<!-- This site is optimized with the Yoast SEO plugin v27.3 - https:\/\/yoast.com\/product\/yoast-seo-wordpress\/ -->\n<title>Rudy Mart\u00ednez: El comienzo del impacto latino en la Segunda Guerra Mundial - Nuestro Stories<\/title>\n<meta name=\"robots\" content=\"index, follow, max-snippet:-1, max-image-preview:large, max-video-preview:-1\" \/>\n<link rel=\"canonical\" href=\"https:\/\/nuestrostories.com\/es\/2022\/12\/rudy-martinez-el-comienzo-del-impacto-latino-en-la-segunda-guerra-mundial\/\" \/>\n<meta property=\"og:locale\" content=\"es_ES\" \/>\n<meta property=\"og:type\" content=\"article\" \/>\n<meta property=\"og:title\" content=\"Rudy Mart\u00ednez: El comienzo del impacto latino en la Segunda Guerra Mundial - Nuestro Stories\" \/>\n<meta property=\"og:description\" content=\"Cr\u00e9dito: Nuestro Stories En su \u00faltima carta a casa ped\u00eda una foto de su madre, Amelia. La siguiente carta que ella recibi\u00f3 le informaba que su hijo, Rudolph \u201cRudy\u201d Machado Mart\u00ednez, hab\u00eda muerto en el ataque japon\u00e9s a Pearl Harbor. Mart\u00ednez era un marino mexicano-estadounidense de 21 a\u00f1os de la Armada de Estados Unidos, uno [&hellip;]\" \/>\n<meta property=\"og:url\" content=\"https:\/\/nuestrostories.com\/es\/2022\/12\/rudy-martinez-el-comienzo-del-impacto-latino-en-la-segunda-guerra-mundial\/\" \/>\n<meta property=\"og:site_name\" content=\"Nuestro Stories\" \/>\n<meta property=\"article:published_time\" content=\"2022-12-09T00:46:04+00:00\" \/>\n<meta property=\"article:modified_time\" content=\"2024-02-09T21:37:16+00:00\" \/>\n<meta property=\"og:image\" content=\"https:\/\/nuestrostories.com\/wp-content\/uploads\/2022\/12\/Rudy-Martinez.jpg\" \/>\n\t<meta property=\"og:image:width\" content=\"1910\" \/>\n\t<meta property=\"og:image:height\" content=\"1274\" \/>\n\t<meta property=\"og:image:type\" content=\"image\/jpeg\" \/>\n<meta name=\"author\" content=\"Susanne Ram\u00edrez de Arellano\" \/>\n<meta name=\"twitter:card\" content=\"summary_large_image\" \/>\n<meta name=\"twitter:label1\" content=\"Escrito por\" \/>\n\t<meta name=\"twitter:data1\" content=\"Susanne Ram\u00edrez de Arellano\" \/>\n\t<meta name=\"twitter:label2\" content=\"Tiempo de lectura\" \/>\n\t<meta name=\"twitter:data2\" content=\"3 minutos\" \/>\n<script type=\"application\/ld+json\" class=\"yoast-schema-graph\">{\"@context\":\"https:\\\/\\\/schema.org\",\"@graph\":[{\"@type\":\"Article\",\"@id\":\"https:\\\/\\\/nuestrostories.com\\\/es\\\/2022\\\/12\\\/rudy-martinez-el-comienzo-del-impacto-latino-en-la-segunda-guerra-mundial\\\/#article\",\"isPartOf\":{\"@id\":\"https:\\\/\\\/nuestrostories.com\\\/es\\\/2022\\\/12\\\/rudy-martinez-el-comienzo-del-impacto-latino-en-la-segunda-guerra-mundial\\\/\"},\"author\":{\"name\":\"Susanne Ram\u00edrez de Arellano\",\"@id\":\"https:\\\/\\\/nuestrostories.com\\\/es\\\/#\\\/schema\\\/person\\\/8d4f4f6466a1c50c4760661ba3d1ab6a\"},\"headline\":\"Rudy Mart\u00ednez: El comienzo del impacto latino en la Segunda Guerra Mundial\",\"datePublished\":\"2022-12-09T00:46:04+00:00\",\"dateModified\":\"2024-02-09T21:37:16+00:00\",\"mainEntityOfPage\":{\"@id\":\"https:\\\/\\\/nuestrostories.com\\\/es\\\/2022\\\/12\\\/rudy-martinez-el-comienzo-del-impacto-latino-en-la-segunda-guerra-mundial\\\/\"},\"wordCount\":697,\"publisher\":{\"@id\":\"https:\\\/\\\/nuestrostories.com\\\/es\\\/#organization\"},\"image\":{\"@id\":\"https:\\\/\\\/nuestrostories.com\\\/es\\\/2022\\\/12\\\/rudy-martinez-el-comienzo-del-impacto-latino-en-la-segunda-guerra-mundial\\\/#primaryimage\"},\"thumbnailUrl\":\"https:\\\/\\\/nuestrostories.com\\\/wp-content\\\/uploads\\\/2022\\\/12\\\/Rudy-Martinez.jpg\",\"articleSection\":[\"FEATURED\"],\"inLanguage\":\"es\"},{\"@type\":\"WebPage\",\"@id\":\"https:\\\/\\\/nuestrostories.com\\\/es\\\/2022\\\/12\\\/rudy-martinez-el-comienzo-del-impacto-latino-en-la-segunda-guerra-mundial\\\/\",\"url\":\"https:\\\/\\\/nuestrostories.com\\\/es\\\/2022\\\/12\\\/rudy-martinez-el-comienzo-del-impacto-latino-en-la-segunda-guerra-mundial\\\/\",\"name\":\"Rudy Mart\u00ednez: El comienzo del impacto latino en la Segunda Guerra Mundial - Nuestro Stories\",\"isPartOf\":{\"@id\":\"https:\\\/\\\/nuestrostories.com\\\/es\\\/#website\"},\"primaryImageOfPage\":{\"@id\":\"https:\\\/\\\/nuestrostories.com\\\/es\\\/2022\\\/12\\\/rudy-martinez-el-comienzo-del-impacto-latino-en-la-segunda-guerra-mundial\\\/#primaryimage\"},\"image\":{\"@id\":\"https:\\\/\\\/nuestrostories.com\\\/es\\\/2022\\\/12\\\/rudy-martinez-el-comienzo-del-impacto-latino-en-la-segunda-guerra-mundial\\\/#primaryimage\"},\"thumbnailUrl\":\"https:\\\/\\\/nuestrostories.com\\\/wp-content\\\/uploads\\\/2022\\\/12\\\/Rudy-Martinez.jpg\",\"datePublished\":\"2022-12-09T00:46:04+00:00\",\"dateModified\":\"2024-02-09T21:37:16+00:00\",\"breadcrumb\":{\"@id\":\"https:\\\/\\\/nuestrostories.com\\\/es\\\/2022\\\/12\\\/rudy-martinez-el-comienzo-del-impacto-latino-en-la-segunda-guerra-mundial\\\/#breadcrumb\"},\"inLanguage\":\"es\",\"potentialAction\":[{\"@type\":\"ReadAction\",\"target\":[\"https:\\\/\\\/nuestrostories.com\\\/es\\\/2022\\\/12\\\/rudy-martinez-el-comienzo-del-impacto-latino-en-la-segunda-guerra-mundial\\\/\"]}]},{\"@type\":\"ImageObject\",\"inLanguage\":\"es\",\"@id\":\"https:\\\/\\\/nuestrostories.com\\\/es\\\/2022\\\/12\\\/rudy-martinez-el-comienzo-del-impacto-latino-en-la-segunda-guerra-mundial\\\/#primaryimage\",\"url\":\"https:\\\/\\\/nuestrostories.com\\\/wp-content\\\/uploads\\\/2022\\\/12\\\/Rudy-Martinez.jpg\",\"contentUrl\":\"https:\\\/\\\/nuestrostories.com\\\/wp-content\\\/uploads\\\/2022\\\/12\\\/Rudy-Martinez.jpg\",\"width\":1910,\"height\":1274},{\"@type\":\"BreadcrumbList\",\"@id\":\"https:\\\/\\\/nuestrostories.com\\\/es\\\/2022\\\/12\\\/rudy-martinez-el-comienzo-del-impacto-latino-en-la-segunda-guerra-mundial\\\/#breadcrumb\",\"itemListElement\":[{\"@type\":\"ListItem\",\"position\":1,\"name\":\"Home\",\"item\":\"https:\\\/\\\/nuestrostories.com\\\/es\\\/\"},{\"@type\":\"ListItem\",\"position\":2,\"name\":\"Rudy Mart\u00ednez: El comienzo del impacto latino en la Segunda Guerra Mundial\"}]},{\"@type\":\"WebSite\",\"@id\":\"https:\\\/\\\/nuestrostories.com\\\/es\\\/#website\",\"url\":\"https:\\\/\\\/nuestrostories.com\\\/es\\\/\",\"name\":\"Nuestro Stories\",\"description\":\"Latino Heritage. Every Day.\",\"publisher\":{\"@id\":\"https:\\\/\\\/nuestrostories.com\\\/es\\\/#organization\"},\"potentialAction\":[{\"@type\":\"SearchAction\",\"target\":{\"@type\":\"EntryPoint\",\"urlTemplate\":\"https:\\\/\\\/nuestrostories.com\\\/es\\\/?s={search_term_string}\"},\"query-input\":{\"@type\":\"PropertyValueSpecification\",\"valueRequired\":true,\"valueName\":\"search_term_string\"}}],\"inLanguage\":\"es\"},{\"@type\":\"Organization\",\"@id\":\"https:\\\/\\\/nuestrostories.com\\\/es\\\/#organization\",\"name\":\"Nuestro Stories\",\"url\":\"https:\\\/\\\/nuestrostories.com\\\/es\\\/\",\"logo\":{\"@type\":\"ImageObject\",\"inLanguage\":\"es\",\"@id\":\"https:\\\/\\\/nuestrostories.com\\\/es\\\/#\\\/schema\\\/logo\\\/image\\\/\",\"url\":\"https:\\\/\\\/nuestrostories.com\\\/wp-content\\\/uploads\\\/2021\\\/11\\\/Nuestro-Stories-Logo.png\",\"contentUrl\":\"https:\\\/\\\/nuestrostories.com\\\/wp-content\\\/uploads\\\/2021\\\/11\\\/Nuestro-Stories-Logo.png\",\"width\":282,\"height\":118,\"caption\":\"Nuestro Stories\"},\"image\":{\"@id\":\"https:\\\/\\\/nuestrostories.com\\\/es\\\/#\\\/schema\\\/logo\\\/image\\\/\"}},{\"@type\":\"Person\",\"@id\":\"https:\\\/\\\/nuestrostories.com\\\/es\\\/#\\\/schema\\\/person\\\/8d4f4f6466a1c50c4760661ba3d1ab6a\",\"name\":\"Susanne Ram\u00edrez de Arellano\",\"image\":{\"@type\":\"ImageObject\",\"inLanguage\":\"es\",\"@id\":\"https:\\\/\\\/nuestrostories.com\\\/wp-content\\\/uploads\\\/2022\\\/06\\\/Susanne-150x150.jpeg\",\"url\":\"https:\\\/\\\/nuestrostories.com\\\/wp-content\\\/uploads\\\/2022\\\/06\\\/Susanne-150x150.jpeg\",\"contentUrl\":\"https:\\\/\\\/nuestrostories.com\\\/wp-content\\\/uploads\\\/2022\\\/06\\\/Susanne-150x150.jpeg\",\"caption\":\"Susanne Ram\u00edrez de Arellano\"},\"description\":\"Susanne Ramirez de Arellano is a writer and cultural critic who used to be a journalist, television producer, and news director. She lives between San Juan and New York and is, at present, making her first attempt at writing a novel.\",\"url\":\"https:\\\/\\\/nuestrostories.com\\\/es\\\/author\\\/susanne-ramirez-de-arellano\\\/\"}]}<\/script>\n<!-- \/ Yoast SEO plugin. -->","yoast_head_json":{"title":"Rudy Mart\u00ednez: El comienzo del impacto latino en la Segunda Guerra Mundial - Nuestro Stories","robots":{"index":"index","follow":"follow","max-snippet":"max-snippet:-1","max-image-preview":"max-image-preview:large","max-video-preview":"max-video-preview:-1"},"canonical":"https:\/\/nuestrostories.com\/es\/2022\/12\/rudy-martinez-el-comienzo-del-impacto-latino-en-la-segunda-guerra-mundial\/","og_locale":"es_ES","og_type":"article","og_title":"Rudy Mart\u00ednez: El comienzo del impacto latino en la Segunda Guerra Mundial - Nuestro Stories","og_description":"Cr\u00e9dito: Nuestro Stories En su \u00faltima carta a casa ped\u00eda una foto de su madre, Amelia. La siguiente carta que ella recibi\u00f3 le informaba que su hijo, Rudolph \u201cRudy\u201d Machado Mart\u00ednez, hab\u00eda muerto en el ataque japon\u00e9s a Pearl Harbor. Mart\u00ednez era un marino mexicano-estadounidense de 21 a\u00f1os de la Armada de Estados Unidos, uno [&hellip;]","og_url":"https:\/\/nuestrostories.com\/es\/2022\/12\/rudy-martinez-el-comienzo-del-impacto-latino-en-la-segunda-guerra-mundial\/","og_site_name":"Nuestro Stories","article_published_time":"2022-12-09T00:46:04+00:00","article_modified_time":"2024-02-09T21:37:16+00:00","og_image":[{"width":1910,"height":1274,"url":"https:\/\/nuestrostories.com\/wp-content\/uploads\/2022\/12\/Rudy-Martinez.jpg","type":"image\/jpeg"}],"author":"Susanne Ram\u00edrez de Arellano","twitter_card":"summary_large_image","twitter_misc":{"Escrito por":"Susanne Ram\u00edrez de Arellano","Tiempo de lectura":"3 minutos"},"schema":{"@context":"https:\/\/schema.org","@graph":[{"@type":"Article","@id":"https:\/\/nuestrostories.com\/es\/2022\/12\/rudy-martinez-el-comienzo-del-impacto-latino-en-la-segunda-guerra-mundial\/#article","isPartOf":{"@id":"https:\/\/nuestrostories.com\/es\/2022\/12\/rudy-martinez-el-comienzo-del-impacto-latino-en-la-segunda-guerra-mundial\/"},"author":{"name":"Susanne Ram\u00edrez de Arellano","@id":"https:\/\/nuestrostories.com\/es\/#\/schema\/person\/8d4f4f6466a1c50c4760661ba3d1ab6a"},"headline":"Rudy Mart\u00ednez: El comienzo del impacto latino en la Segunda Guerra Mundial","datePublished":"2022-12-09T00:46:04+00:00","dateModified":"2024-02-09T21:37:16+00:00","mainEntityOfPage":{"@id":"https:\/\/nuestrostories.com\/es\/2022\/12\/rudy-martinez-el-comienzo-del-impacto-latino-en-la-segunda-guerra-mundial\/"},"wordCount":697,"publisher":{"@id":"https:\/\/nuestrostories.com\/es\/#organization"},"image":{"@id":"https:\/\/nuestrostories.com\/es\/2022\/12\/rudy-martinez-el-comienzo-del-impacto-latino-en-la-segunda-guerra-mundial\/#primaryimage"},"thumbnailUrl":"https:\/\/nuestrostories.com\/wp-content\/uploads\/2022\/12\/Rudy-Martinez.jpg","articleSection":["FEATURED"],"inLanguage":"es"},{"@type":"WebPage","@id":"https:\/\/nuestrostories.com\/es\/2022\/12\/rudy-martinez-el-comienzo-del-impacto-latino-en-la-segunda-guerra-mundial\/","url":"https:\/\/nuestrostories.com\/es\/2022\/12\/rudy-martinez-el-comienzo-del-impacto-latino-en-la-segunda-guerra-mundial\/","name":"Rudy Mart\u00ednez: El comienzo del impacto latino en la Segunda Guerra Mundial - Nuestro Stories","isPartOf":{"@id":"https:\/\/nuestrostories.com\/es\/#website"},"primaryImageOfPage":{"@id":"https:\/\/nuestrostories.com\/es\/2022\/12\/rudy-martinez-el-comienzo-del-impacto-latino-en-la-segunda-guerra-mundial\/#primaryimage"},"image":{"@id":"https:\/\/nuestrostories.com\/es\/2022\/12\/rudy-martinez-el-comienzo-del-impacto-latino-en-la-segunda-guerra-mundial\/#primaryimage"},"thumbnailUrl":"https:\/\/nuestrostories.com\/wp-content\/uploads\/2022\/12\/Rudy-Martinez.jpg","datePublished":"2022-12-09T00:46:04+00:00","dateModified":"2024-02-09T21:37:16+00:00","breadcrumb":{"@id":"https:\/\/nuestrostories.com\/es\/2022\/12\/rudy-martinez-el-comienzo-del-impacto-latino-en-la-segunda-guerra-mundial\/#breadcrumb"},"inLanguage":"es","potentialAction":[{"@type":"ReadAction","target":["https:\/\/nuestrostories.com\/es\/2022\/12\/rudy-martinez-el-comienzo-del-impacto-latino-en-la-segunda-guerra-mundial\/"]}]},{"@type":"ImageObject","inLanguage":"es","@id":"https:\/\/nuestrostories.com\/es\/2022\/12\/rudy-martinez-el-comienzo-del-impacto-latino-en-la-segunda-guerra-mundial\/#primaryimage","url":"https:\/\/nuestrostories.com\/wp-content\/uploads\/2022\/12\/Rudy-Martinez.jpg","contentUrl":"https:\/\/nuestrostories.com\/wp-content\/uploads\/2022\/12\/Rudy-Martinez.jpg","width":1910,"height":1274},{"@type":"BreadcrumbList","@id":"https:\/\/nuestrostories.com\/es\/2022\/12\/rudy-martinez-el-comienzo-del-impacto-latino-en-la-segunda-guerra-mundial\/#breadcrumb","itemListElement":[{"@type":"ListItem","position":1,"name":"Home","item":"https:\/\/nuestrostories.com\/es\/"},{"@type":"ListItem","position":2,"name":"Rudy Mart\u00ednez: El comienzo del impacto latino en la Segunda Guerra Mundial"}]},{"@type":"WebSite","@id":"https:\/\/nuestrostories.com\/es\/#website","url":"https:\/\/nuestrostories.com\/es\/","name":"Nuestro Stories","description":"Latino Heritage. Every Day.","publisher":{"@id":"https:\/\/nuestrostories.com\/es\/#organization"},"potentialAction":[{"@type":"SearchAction","target":{"@type":"EntryPoint","urlTemplate":"https:\/\/nuestrostories.com\/es\/?s={search_term_string}"},"query-input":{"@type":"PropertyValueSpecification","valueRequired":true,"valueName":"search_term_string"}}],"inLanguage":"es"},{"@type":"Organization","@id":"https:\/\/nuestrostories.com\/es\/#organization","name":"Nuestro Stories","url":"https:\/\/nuestrostories.com\/es\/","logo":{"@type":"ImageObject","inLanguage":"es","@id":"https:\/\/nuestrostories.com\/es\/#\/schema\/logo\/image\/","url":"https:\/\/nuestrostories.com\/wp-content\/uploads\/2021\/11\/Nuestro-Stories-Logo.png","contentUrl":"https:\/\/nuestrostories.com\/wp-content\/uploads\/2021\/11\/Nuestro-Stories-Logo.png","width":282,"height":118,"caption":"Nuestro Stories"},"image":{"@id":"https:\/\/nuestrostories.com\/es\/#\/schema\/logo\/image\/"}},{"@type":"Person","@id":"https:\/\/nuestrostories.com\/es\/#\/schema\/person\/8d4f4f6466a1c50c4760661ba3d1ab6a","name":"Susanne Ram\u00edrez de Arellano","image":{"@type":"ImageObject","inLanguage":"es","@id":"https:\/\/nuestrostories.com\/wp-content\/uploads\/2022\/06\/Susanne-150x150.jpeg","url":"https:\/\/nuestrostories.com\/wp-content\/uploads\/2022\/06\/Susanne-150x150.jpeg","contentUrl":"https:\/\/nuestrostories.com\/wp-content\/uploads\/2022\/06\/Susanne-150x150.jpeg","caption":"Susanne Ram\u00edrez de Arellano"},"description":"Susanne Ramirez de Arellano is a writer and cultural critic who used to be a journalist, television producer, and news director. She lives between San Juan and New York and is, at present, making her first attempt at writing a novel.","url":"https:\/\/nuestrostories.com\/es\/author\/susanne-ramirez-de-arellano\/"}]}},"_links":{"self":[{"href":"https:\/\/nuestrostories.com\/es\/wp-json\/wp\/v2\/posts\/15420","targetHints":{"allow":["GET"]}}],"collection":[{"href":"https:\/\/nuestrostories.com\/es\/wp-json\/wp\/v2\/posts"}],"about":[{"href":"https:\/\/nuestrostories.com\/es\/wp-json\/wp\/v2\/types\/post"}],"author":[{"embeddable":true,"href":"https:\/\/nuestrostories.com\/es\/wp-json\/wp\/v2\/users\/16"}],"replies":[{"embeddable":true,"href":"https:\/\/nuestrostories.com\/es\/wp-json\/wp\/v2\/comments?post=15420"}],"version-history":[{"count":1,"href":"https:\/\/nuestrostories.com\/es\/wp-json\/wp\/v2\/posts\/15420\/revisions"}],"predecessor-version":[{"id":15421,"href":"https:\/\/nuestrostories.com\/es\/wp-json\/wp\/v2\/posts\/15420\/revisions\/15421"}],"wp:featuredmedia":[{"embeddable":true,"href":"https:\/\/nuestrostories.com\/es\/wp-json\/wp\/v2\/media\/10179"}],"wp:attachment":[{"href":"https:\/\/nuestrostories.com\/es\/wp-json\/wp\/v2\/media?parent=15420"}],"wp:term":[{"taxonomy":"category","embeddable":true,"href":"https:\/\/nuestrostories.com\/es\/wp-json\/wp\/v2\/categories?post=15420"},{"taxonomy":"post_tag","embeddable":true,"href":"https:\/\/nuestrostories.com\/es\/wp-json\/wp\/v2\/tags?post=15420"}],"curies":[{"name":"wp","href":"https:\/\/api.w.org\/{rel}","templated":true}]}}