{"id":15686,"date":"2022-11-28T18:46:32","date_gmt":"2022-11-28T23:46:32","guid":{"rendered":"https:\/\/nuestrostories.com\/?p=15686"},"modified":"2024-02-15T13:38:27","modified_gmt":"2024-02-15T18:38:27","slug":"las-mejores-voces-latinas-del-futbol","status":"publish","type":"post","link":"https:\/\/nuestrostories.com\/es\/2022\/11\/las-mejores-voces-latinas-del-futbol\/","title":{"rendered":"Las mejores voces latinas del f\u00fatbol"},"content":{"rendered":"\n<p>Hay algo el\u00e9ctrico en la emoci\u00f3n de un <a href=\"https:\/\/nuestrostories.com\/2022\/11\/the-beautiful-game-the-history-of-soccer\/\">partido de f\u00fatbol<\/a>.<\/p>\n\n\n\n<p>Miles de fan\u00e1ticos voraces est\u00e1n en las gradas con la esperanza de captar cuando sucede la magia, con las banderas y colores de sus respectivos equipos ondeando en la brisa.<\/p>\n\n\n\n<p>El estruendo de los sonidos que salen de los labios de los espectadores es todo un espect\u00e1culo. No hay nada parecido.<\/p>\n\n\n\n<p>Sin embargo, cuando se trata del juego, hay un componente esencial sobre el que queremos llamar la atenci\u00f3n: esas voces famosas que nos guiaron en cada paso, cada triplete y cada inevitable \u00ab\u00a1<em>gooooool!\u00bb.<\/em><\/p>\n\n\n\n<p>Estos son los comentaristas latinos m\u00e1s reconocidos de la historia del f\u00fatbol.<\/p>\n\n\n\n<h2 class=\"wp-block-heading\"><span style=\"font-weight: 400;\">Enrique \u2018Perro\u2019 Berm\u00fadez\u00a0<\/span><\/h2>\n\n\n\n<p>Despu\u00e9s de 46 a\u00f1os en la industria, uno de los comentaristas de f\u00fatbol m\u00e1s conocidos podr\u00eda dejar su cargo despu\u00e9s de la Copa de Qatar, por lo que nos corresponde comenzar esta lista hablando de Enrique el &#8216;Perro&#8217; Berm\u00fadez. Ha narrado 11 Mundiales y es un activo comentarista deportivo desde 1976. Si bien es inevitable que pase el tiempo y la gente <a href=\"https:\/\/www.infobae.com\/america\/deportes\/2022\/03\/25\/el-perro-bermudez-se-retira-de-la-narracion-deportiva-qatar-2022-es-el-ultimo\/\">renuncie<\/a>, no ser\u00e1 f\u00fatbol sin la voz de El Perro retumbando por los parlantes.<\/p>\n\n\n\n<h2 class=\"wp-block-heading\"><span style=\"font-weight: 400;\">L\u00e1zaro \u2018Papa\u00edto\u2019 Candal\u00a0<\/span><\/h2>\n\n\n\n<p>\u00a1Ay, Papa\u00edto! <a href=\"https:\/\/enterate24.com\/4-de-diciembre-de-1931-nace-el-narrador-deportivo-lazaro-papaito-candal\/\">L\u00e1zaro Candal<\/a> , quien comenz\u00f3 su carrera de periodismo deportivo a principios de la d\u00e9cada de 1950, estuvo narrando partidos&nbsp; hasta 2011, una carrera que abarc\u00f3 m\u00e1s de cinco d\u00e9cadas de f\u00fatbol, \u200b\u200bincluidas algunas presentaciones en la cabina de locutores de la Copa Mundial.<\/p>\n\n\n\n<p>Candal pas\u00f3 a ser conocido cari\u00f1osamente como Papa\u00edto por el preg\u00f3n que gritaba cada vez que un jugador comet\u00eda un error: \u201cPapa\u00edto\u201d, queriendo decir algo como \u201cPap\u00e1, \u00bfqu\u00e9 est\u00e1s haciendo?\u201d y todav\u00eda es conocido as\u00ed en el mundo del f\u00fatbol.<\/p>\n\n\n\n<h2 class=\"wp-block-heading\"><span style=\"font-weight: 400;\">Andr\u00e9s Cantor\u00a0<\/span><\/h2>\n\n\n\n<p>Incluso si no ves f\u00fatbol o nunca lo has jugado en tu vida, es casi seguro que conoces a Andr\u00e9s Cantor, el <a href=\"https:\/\/www.latimes.com\/entertainment-arts\/tv\/story\/2022-11-20\/andres-cantor-world-cup-telemundo-goal-calls\">famoso locutor de f\u00fatbol<\/a> que lanz\u00f3 el grito de batalla que se extendi\u00f3 por todo el mundo.<\/p>\n\n\n\n<p>Andr\u00e9s Cantor es el hombre que grit\u00f3 un largo \u201c\u00a1Gol!\u201d&nbsp; durante los Mundiales de los a\u00f1os 90, que pas\u00f3 a formar parte del l\u00e9xico cultural. Su carrera abarca d\u00e9cadas y actualmente contin\u00faa sirviendo al mundo del f\u00fatbol como comentarista de habla hispana para el p\u00fablico estadounidense.<\/p>\n\n\n\n<h2 class=\"wp-block-heading\"><span style=\"font-weight: 400;\">Luis Omar Tapia&nbsp;<\/span><\/h2>\n\n\n\n<p>Conocido como una de las voces de la prestigiosa Liga de Campeones, Luis Omar Tapia <a href=\"https:\/\/luisomartapia.com\/english\">narra<\/a> partidos de f\u00fatbol desde hace 27 a\u00f1os y no da se\u00f1ales de detenerse. Como muchos locutores, su eslogan ha obtenido reconocimiento mundial, especialmente cuando se asegura de honrar el deporte y a todos aquellos que lo aman: \u201c <em>90 minutos del deporte m\u00e1s hermoso del mundo<\/em>\u00ab.<\/p>\n\n\n\n<h2 class=\"wp-block-heading\"><span style=\"font-weight: 400;\">Christian Martinoli&nbsp;<\/span><\/h2>\n\n\n\n<p>Es posible que la voz de <a href=\"https:\/\/www.elfutbolero.us\/mexiconationalteam\/Christian-Martinoli-finally-sets-an-exit-date-for-TV-Azteca-and-reveals-if-it-will-reach-TUDN-20220722-0004.html\">TV Azteca<\/a> ya no sea la voz del canal que lo vio prosperar, ya que posiblemnte Martinoli tome el lugar del Perro en TUDN, aunque eso es incierto actualmente. Lo seguro es que Christian Martinoli, el locutor deportivo nacido en Argentina y criado en M\u00e9xico, tuvo un ascenso mete\u00f3rico a la fama como locutor debido a su ingenio r\u00e1pido y su capacidad para narrar la historia con humor y alegr\u00eda, y todo mientras lo hac\u00eda velozmente en tiempo real. Es l\u00f3gico que si el Perro dimite, Martinoli pueda ocupar su lugar.<\/p>\n\n\n\n<h2 class=\"wp-block-heading\"><span style=\"font-weight: 400;\">Mariano Closs<\/span><\/h2>\n\n\n\n<p>Completando nuestra lista est\u00e1 Mariano Closs, quien es actualmente <a href=\"https:\/\/www.mdzol.com\/deportes\/2022\/11\/27\/el-preciso-relato-de-mariano-closs-del-golazo-de-messi-ante-mexico-294812.html\">comentarista<\/a> de habla hispana de ESPN y, antes de eso, estuvo en Fox Sports. Closs es uno de los pocos comentaristas de habla hispana que ha logrado llegar al p\u00fablico estadounidense. Sin embargo, la audiencia del f\u00fatbol en Estados Unidos es menor que en el resto del mundo.<\/p>\n\n\n\n<p>Por Liv Styler<\/p>\n\n\n\n<p>Olivia Monahan \u2013 Periodista, editora, educadora y organizadora chicana en Sacramento cuyo \u00fanico objetivo es arrojar luz sobre historias de nuestras comunidades m\u00e1s impactadas y marginadas pero, a\u00fan m\u00e1s importante, que esas historias humanicen a quienes normalmente quedan excluidos. Es finalista de la Beca Ida B Wells de periodismo de investigaci\u00f3n 2022, miembro de la Parenting Journalists Society y ha publicado en The Courier, The Sacramento Bee, The Americano y Submerge Magazine, entre otros.<\/p>\n","protected":false},"excerpt":{"rendered":"<p>Hay algo el\u00e9ctrico en la emoci\u00f3n de un partido de f\u00fatbol. Miles de fan\u00e1ticos voraces est\u00e1n en las gradas con la esperanza de captar cuando sucede la magia, con las banderas y colores de sus respectivos equipos ondeando en la brisa. El estruendo de los sonidos que salen de los labios de los espectadores es [&hellip;]<\/p>\n","protected":false},"author":4,"featured_media":10150,"comment_status":"closed","ping_status":"open","sticky":false,"template":"","format":"standard","meta":{"_acf_changed":false,"footnotes":""},"categories":[1279],"tags":[],"class_list":["post-15686","post","type-post","status-publish","format-standard","has-post-thumbnail","hentry","category-videos-de-origen"],"acf":[],"yoast_head":"<!-- This site is optimized with the Yoast SEO plugin v27.3 - https:\/\/yoast.com\/product\/yoast-seo-wordpress\/ -->\n<title>Las mejores voces latinas del f\u00fatbol - Nuestro Stories<\/title>\n<meta name=\"robots\" content=\"index, follow, max-snippet:-1, max-image-preview:large, max-video-preview:-1\" \/>\n<link rel=\"canonical\" href=\"https:\/\/nuestrostories.com\/es\/2022\/11\/las-mejores-voces-latinas-del-futbol\/\" \/>\n<meta property=\"og:locale\" content=\"es_ES\" \/>\n<meta property=\"og:type\" content=\"article\" \/>\n<meta property=\"og:title\" content=\"Las mejores voces latinas del f\u00fatbol - Nuestro Stories\" \/>\n<meta property=\"og:description\" content=\"Hay algo el\u00e9ctrico en la emoci\u00f3n de un partido de f\u00fatbol. Miles de fan\u00e1ticos voraces est\u00e1n en las gradas con la esperanza de captar cuando sucede la magia, con las banderas y colores de sus respectivos equipos ondeando en la brisa. El estruendo de los sonidos que salen de los labios de los espectadores es [&hellip;]\" \/>\n<meta property=\"og:url\" content=\"https:\/\/nuestrostories.com\/es\/2022\/11\/las-mejores-voces-latinas-del-futbol\/\" \/>\n<meta property=\"og:site_name\" content=\"Nuestro Stories\" \/>\n<meta property=\"article:published_time\" content=\"2022-11-28T23:46:32+00:00\" \/>\n<meta property=\"article:modified_time\" content=\"2024-02-15T18:38:27+00:00\" \/>\n<meta property=\"og:image\" content=\"https:\/\/nuestrostories.com\/wp-content\/uploads\/2022\/11\/The-Greatest-Latino-Soccer-Voices.jpeg\" \/>\n\t<meta property=\"og:image:width\" content=\"1910\" \/>\n\t<meta property=\"og:image:height\" content=\"1274\" \/>\n\t<meta property=\"og:image:type\" content=\"image\/jpeg\" \/>\n<meta name=\"author\" content=\"Rachel\" \/>\n<meta name=\"twitter:card\" content=\"summary_large_image\" \/>\n<meta name=\"twitter:label1\" content=\"Escrito por\" \/>\n\t<meta name=\"twitter:data1\" content=\"Rachel\" \/>\n\t<meta name=\"twitter:label2\" content=\"Tiempo de lectura\" \/>\n\t<meta name=\"twitter:data2\" content=\"4 minutos\" \/>\n<script type=\"application\/ld+json\" class=\"yoast-schema-graph\">{\"@context\":\"https:\\\/\\\/schema.org\",\"@graph\":[{\"@type\":\"Article\",\"@id\":\"https:\\\/\\\/nuestrostories.com\\\/es\\\/2022\\\/11\\\/las-mejores-voces-latinas-del-futbol\\\/#article\",\"isPartOf\":{\"@id\":\"https:\\\/\\\/nuestrostories.com\\\/es\\\/2022\\\/11\\\/las-mejores-voces-latinas-del-futbol\\\/\"},\"author\":{\"name\":\"Rachel\",\"@id\":\"https:\\\/\\\/nuestrostories.com\\\/es\\\/#\\\/schema\\\/person\\\/f47422cace2ee5360c765844aa2ab67f\"},\"headline\":\"Las mejores voces latinas del f\u00fatbol\",\"datePublished\":\"2022-11-28T23:46:32+00:00\",\"dateModified\":\"2024-02-15T18:38:27+00:00\",\"mainEntityOfPage\":{\"@id\":\"https:\\\/\\\/nuestrostories.com\\\/es\\\/2022\\\/11\\\/las-mejores-voces-latinas-del-futbol\\\/\"},\"wordCount\":722,\"publisher\":{\"@id\":\"https:\\\/\\\/nuestrostories.com\\\/es\\\/#organization\"},\"image\":{\"@id\":\"https:\\\/\\\/nuestrostories.com\\\/es\\\/2022\\\/11\\\/las-mejores-voces-latinas-del-futbol\\\/#primaryimage\"},\"thumbnailUrl\":\"https:\\\/\\\/nuestrostories.com\\\/wp-content\\\/uploads\\\/2022\\\/11\\\/The-Greatest-Latino-Soccer-Voices.jpeg\",\"articleSection\":[\"VIDEOS DE ORIGEN\"],\"inLanguage\":\"es\"},{\"@type\":\"WebPage\",\"@id\":\"https:\\\/\\\/nuestrostories.com\\\/es\\\/2022\\\/11\\\/las-mejores-voces-latinas-del-futbol\\\/\",\"url\":\"https:\\\/\\\/nuestrostories.com\\\/es\\\/2022\\\/11\\\/las-mejores-voces-latinas-del-futbol\\\/\",\"name\":\"Las mejores voces latinas del f\u00fatbol - Nuestro Stories\",\"isPartOf\":{\"@id\":\"https:\\\/\\\/nuestrostories.com\\\/es\\\/#website\"},\"primaryImageOfPage\":{\"@id\":\"https:\\\/\\\/nuestrostories.com\\\/es\\\/2022\\\/11\\\/las-mejores-voces-latinas-del-futbol\\\/#primaryimage\"},\"image\":{\"@id\":\"https:\\\/\\\/nuestrostories.com\\\/es\\\/2022\\\/11\\\/las-mejores-voces-latinas-del-futbol\\\/#primaryimage\"},\"thumbnailUrl\":\"https:\\\/\\\/nuestrostories.com\\\/wp-content\\\/uploads\\\/2022\\\/11\\\/The-Greatest-Latino-Soccer-Voices.jpeg\",\"datePublished\":\"2022-11-28T23:46:32+00:00\",\"dateModified\":\"2024-02-15T18:38:27+00:00\",\"breadcrumb\":{\"@id\":\"https:\\\/\\\/nuestrostories.com\\\/es\\\/2022\\\/11\\\/las-mejores-voces-latinas-del-futbol\\\/#breadcrumb\"},\"inLanguage\":\"es\",\"potentialAction\":[{\"@type\":\"ReadAction\",\"target\":[\"https:\\\/\\\/nuestrostories.com\\\/es\\\/2022\\\/11\\\/las-mejores-voces-latinas-del-futbol\\\/\"]}]},{\"@type\":\"ImageObject\",\"inLanguage\":\"es\",\"@id\":\"https:\\\/\\\/nuestrostories.com\\\/es\\\/2022\\\/11\\\/las-mejores-voces-latinas-del-futbol\\\/#primaryimage\",\"url\":\"https:\\\/\\\/nuestrostories.com\\\/wp-content\\\/uploads\\\/2022\\\/11\\\/The-Greatest-Latino-Soccer-Voices.jpeg\",\"contentUrl\":\"https:\\\/\\\/nuestrostories.com\\\/wp-content\\\/uploads\\\/2022\\\/11\\\/The-Greatest-Latino-Soccer-Voices.jpeg\",\"width\":1910,\"height\":1274,\"caption\":\"Image courtesy of Nuestro Stories.\"},{\"@type\":\"BreadcrumbList\",\"@id\":\"https:\\\/\\\/nuestrostories.com\\\/es\\\/2022\\\/11\\\/las-mejores-voces-latinas-del-futbol\\\/#breadcrumb\",\"itemListElement\":[{\"@type\":\"ListItem\",\"position\":1,\"name\":\"Home\",\"item\":\"https:\\\/\\\/nuestrostories.com\\\/es\\\/\"},{\"@type\":\"ListItem\",\"position\":2,\"name\":\"Las mejores voces latinas del f\u00fatbol\"}]},{\"@type\":\"WebSite\",\"@id\":\"https:\\\/\\\/nuestrostories.com\\\/es\\\/#website\",\"url\":\"https:\\\/\\\/nuestrostories.com\\\/es\\\/\",\"name\":\"Nuestro Stories\",\"description\":\"Latino Heritage. Every Day.\",\"publisher\":{\"@id\":\"https:\\\/\\\/nuestrostories.com\\\/es\\\/#organization\"},\"potentialAction\":[{\"@type\":\"SearchAction\",\"target\":{\"@type\":\"EntryPoint\",\"urlTemplate\":\"https:\\\/\\\/nuestrostories.com\\\/es\\\/?s={search_term_string}\"},\"query-input\":{\"@type\":\"PropertyValueSpecification\",\"valueRequired\":true,\"valueName\":\"search_term_string\"}}],\"inLanguage\":\"es\"},{\"@type\":\"Organization\",\"@id\":\"https:\\\/\\\/nuestrostories.com\\\/es\\\/#organization\",\"name\":\"Nuestro Stories\",\"url\":\"https:\\\/\\\/nuestrostories.com\\\/es\\\/\",\"logo\":{\"@type\":\"ImageObject\",\"inLanguage\":\"es\",\"@id\":\"https:\\\/\\\/nuestrostories.com\\\/es\\\/#\\\/schema\\\/logo\\\/image\\\/\",\"url\":\"https:\\\/\\\/nuestrostories.com\\\/wp-content\\\/uploads\\\/2021\\\/11\\\/Nuestro-Stories-Logo.png\",\"contentUrl\":\"https:\\\/\\\/nuestrostories.com\\\/wp-content\\\/uploads\\\/2021\\\/11\\\/Nuestro-Stories-Logo.png\",\"width\":282,\"height\":118,\"caption\":\"Nuestro Stories\"},\"image\":{\"@id\":\"https:\\\/\\\/nuestrostories.com\\\/es\\\/#\\\/schema\\\/logo\\\/image\\\/\"}},{\"@type\":\"Person\",\"@id\":\"https:\\\/\\\/nuestrostories.com\\\/es\\\/#\\\/schema\\\/person\\\/f47422cace2ee5360c765844aa2ab67f\",\"name\":\"Rachel\",\"image\":{\"@type\":\"ImageObject\",\"inLanguage\":\"es\",\"@id\":\"https:\\\/\\\/nuestrostories.com\\\/wp-content\\\/uploads\\\/2023\\\/06\\\/RachelBio-150x150.jpg\",\"url\":\"https:\\\/\\\/nuestrostories.com\\\/wp-content\\\/uploads\\\/2023\\\/06\\\/RachelBio-150x150.jpg\",\"contentUrl\":\"https:\\\/\\\/nuestrostories.com\\\/wp-content\\\/uploads\\\/2023\\\/06\\\/RachelBio-150x150.jpg\",\"caption\":\"Rachel\"},\"description\":\"Olivia Monahan Chicana journalist, editor, educator, and organizer in Sacramento whose sole focus is to shed light on stories on our most impacted and marginalized communities, but even more importantly, for those stories to humanize those normally left out. She is an Ida B Wells Investigative Journalism Fellow 2022 Finalist, a member of the Parenting Journalists Society, and has bylines in The Courier, The Sacramento Bee, The Americano, Submerge Magazine among others.\",\"url\":\"https:\\\/\\\/nuestrostories.com\\\/es\\\/author\\\/rachel\\\/\"}]}<\/script>\n<!-- \/ Yoast SEO plugin. -->","yoast_head_json":{"title":"Las mejores voces latinas del f\u00fatbol - Nuestro Stories","robots":{"index":"index","follow":"follow","max-snippet":"max-snippet:-1","max-image-preview":"max-image-preview:large","max-video-preview":"max-video-preview:-1"},"canonical":"https:\/\/nuestrostories.com\/es\/2022\/11\/las-mejores-voces-latinas-del-futbol\/","og_locale":"es_ES","og_type":"article","og_title":"Las mejores voces latinas del f\u00fatbol - Nuestro Stories","og_description":"Hay algo el\u00e9ctrico en la emoci\u00f3n de un partido de f\u00fatbol. Miles de fan\u00e1ticos voraces est\u00e1n en las gradas con la esperanza de captar cuando sucede la magia, con las banderas y colores de sus respectivos equipos ondeando en la brisa. El estruendo de los sonidos que salen de los labios de los espectadores es [&hellip;]","og_url":"https:\/\/nuestrostories.com\/es\/2022\/11\/las-mejores-voces-latinas-del-futbol\/","og_site_name":"Nuestro Stories","article_published_time":"2022-11-28T23:46:32+00:00","article_modified_time":"2024-02-15T18:38:27+00:00","og_image":[{"width":1910,"height":1274,"url":"https:\/\/nuestrostories.com\/wp-content\/uploads\/2022\/11\/The-Greatest-Latino-Soccer-Voices.jpeg","type":"image\/jpeg"}],"author":"Rachel","twitter_card":"summary_large_image","twitter_misc":{"Escrito por":"Rachel","Tiempo de lectura":"4 minutos"},"schema":{"@context":"https:\/\/schema.org","@graph":[{"@type":"Article","@id":"https:\/\/nuestrostories.com\/es\/2022\/11\/las-mejores-voces-latinas-del-futbol\/#article","isPartOf":{"@id":"https:\/\/nuestrostories.com\/es\/2022\/11\/las-mejores-voces-latinas-del-futbol\/"},"author":{"name":"Rachel","@id":"https:\/\/nuestrostories.com\/es\/#\/schema\/person\/f47422cace2ee5360c765844aa2ab67f"},"headline":"Las mejores voces latinas del f\u00fatbol","datePublished":"2022-11-28T23:46:32+00:00","dateModified":"2024-02-15T18:38:27+00:00","mainEntityOfPage":{"@id":"https:\/\/nuestrostories.com\/es\/2022\/11\/las-mejores-voces-latinas-del-futbol\/"},"wordCount":722,"publisher":{"@id":"https:\/\/nuestrostories.com\/es\/#organization"},"image":{"@id":"https:\/\/nuestrostories.com\/es\/2022\/11\/las-mejores-voces-latinas-del-futbol\/#primaryimage"},"thumbnailUrl":"https:\/\/nuestrostories.com\/wp-content\/uploads\/2022\/11\/The-Greatest-Latino-Soccer-Voices.jpeg","articleSection":["VIDEOS DE ORIGEN"],"inLanguage":"es"},{"@type":"WebPage","@id":"https:\/\/nuestrostories.com\/es\/2022\/11\/las-mejores-voces-latinas-del-futbol\/","url":"https:\/\/nuestrostories.com\/es\/2022\/11\/las-mejores-voces-latinas-del-futbol\/","name":"Las mejores voces latinas del f\u00fatbol - Nuestro Stories","isPartOf":{"@id":"https:\/\/nuestrostories.com\/es\/#website"},"primaryImageOfPage":{"@id":"https:\/\/nuestrostories.com\/es\/2022\/11\/las-mejores-voces-latinas-del-futbol\/#primaryimage"},"image":{"@id":"https:\/\/nuestrostories.com\/es\/2022\/11\/las-mejores-voces-latinas-del-futbol\/#primaryimage"},"thumbnailUrl":"https:\/\/nuestrostories.com\/wp-content\/uploads\/2022\/11\/The-Greatest-Latino-Soccer-Voices.jpeg","datePublished":"2022-11-28T23:46:32+00:00","dateModified":"2024-02-15T18:38:27+00:00","breadcrumb":{"@id":"https:\/\/nuestrostories.com\/es\/2022\/11\/las-mejores-voces-latinas-del-futbol\/#breadcrumb"},"inLanguage":"es","potentialAction":[{"@type":"ReadAction","target":["https:\/\/nuestrostories.com\/es\/2022\/11\/las-mejores-voces-latinas-del-futbol\/"]}]},{"@type":"ImageObject","inLanguage":"es","@id":"https:\/\/nuestrostories.com\/es\/2022\/11\/las-mejores-voces-latinas-del-futbol\/#primaryimage","url":"https:\/\/nuestrostories.com\/wp-content\/uploads\/2022\/11\/The-Greatest-Latino-Soccer-Voices.jpeg","contentUrl":"https:\/\/nuestrostories.com\/wp-content\/uploads\/2022\/11\/The-Greatest-Latino-Soccer-Voices.jpeg","width":1910,"height":1274,"caption":"Image courtesy of Nuestro Stories."},{"@type":"BreadcrumbList","@id":"https:\/\/nuestrostories.com\/es\/2022\/11\/las-mejores-voces-latinas-del-futbol\/#breadcrumb","itemListElement":[{"@type":"ListItem","position":1,"name":"Home","item":"https:\/\/nuestrostories.com\/es\/"},{"@type":"ListItem","position":2,"name":"Las mejores voces latinas del f\u00fatbol"}]},{"@type":"WebSite","@id":"https:\/\/nuestrostories.com\/es\/#website","url":"https:\/\/nuestrostories.com\/es\/","name":"Nuestro Stories","description":"Latino Heritage. Every Day.","publisher":{"@id":"https:\/\/nuestrostories.com\/es\/#organization"},"potentialAction":[{"@type":"SearchAction","target":{"@type":"EntryPoint","urlTemplate":"https:\/\/nuestrostories.com\/es\/?s={search_term_string}"},"query-input":{"@type":"PropertyValueSpecification","valueRequired":true,"valueName":"search_term_string"}}],"inLanguage":"es"},{"@type":"Organization","@id":"https:\/\/nuestrostories.com\/es\/#organization","name":"Nuestro Stories","url":"https:\/\/nuestrostories.com\/es\/","logo":{"@type":"ImageObject","inLanguage":"es","@id":"https:\/\/nuestrostories.com\/es\/#\/schema\/logo\/image\/","url":"https:\/\/nuestrostories.com\/wp-content\/uploads\/2021\/11\/Nuestro-Stories-Logo.png","contentUrl":"https:\/\/nuestrostories.com\/wp-content\/uploads\/2021\/11\/Nuestro-Stories-Logo.png","width":282,"height":118,"caption":"Nuestro Stories"},"image":{"@id":"https:\/\/nuestrostories.com\/es\/#\/schema\/logo\/image\/"}},{"@type":"Person","@id":"https:\/\/nuestrostories.com\/es\/#\/schema\/person\/f47422cace2ee5360c765844aa2ab67f","name":"Rachel","image":{"@type":"ImageObject","inLanguage":"es","@id":"https:\/\/nuestrostories.com\/wp-content\/uploads\/2023\/06\/RachelBio-150x150.jpg","url":"https:\/\/nuestrostories.com\/wp-content\/uploads\/2023\/06\/RachelBio-150x150.jpg","contentUrl":"https:\/\/nuestrostories.com\/wp-content\/uploads\/2023\/06\/RachelBio-150x150.jpg","caption":"Rachel"},"description":"Olivia Monahan Chicana journalist, editor, educator, and organizer in Sacramento whose sole focus is to shed light on stories on our most impacted and marginalized communities, but even more importantly, for those stories to humanize those normally left out. She is an Ida B Wells Investigative Journalism Fellow 2022 Finalist, a member of the Parenting Journalists Society, and has bylines in The Courier, The Sacramento Bee, The Americano, Submerge Magazine among others.","url":"https:\/\/nuestrostories.com\/es\/author\/rachel\/"}]}},"_links":{"self":[{"href":"https:\/\/nuestrostories.com\/es\/wp-json\/wp\/v2\/posts\/15686","targetHints":{"allow":["GET"]}}],"collection":[{"href":"https:\/\/nuestrostories.com\/es\/wp-json\/wp\/v2\/posts"}],"about":[{"href":"https:\/\/nuestrostories.com\/es\/wp-json\/wp\/v2\/types\/post"}],"author":[{"embeddable":true,"href":"https:\/\/nuestrostories.com\/es\/wp-json\/wp\/v2\/users\/4"}],"replies":[{"embeddable":true,"href":"https:\/\/nuestrostories.com\/es\/wp-json\/wp\/v2\/comments?post=15686"}],"version-history":[{"count":1,"href":"https:\/\/nuestrostories.com\/es\/wp-json\/wp\/v2\/posts\/15686\/revisions"}],"predecessor-version":[{"id":15687,"href":"https:\/\/nuestrostories.com\/es\/wp-json\/wp\/v2\/posts\/15686\/revisions\/15687"}],"wp:featuredmedia":[{"embeddable":true,"href":"https:\/\/nuestrostories.com\/es\/wp-json\/wp\/v2\/media\/10150"}],"wp:attachment":[{"href":"https:\/\/nuestrostories.com\/es\/wp-json\/wp\/v2\/media?parent=15686"}],"wp:term":[{"taxonomy":"category","embeddable":true,"href":"https:\/\/nuestrostories.com\/es\/wp-json\/wp\/v2\/categories?post=15686"},{"taxonomy":"post_tag","embeddable":true,"href":"https:\/\/nuestrostories.com\/es\/wp-json\/wp\/v2\/tags?post=15686"}],"curies":[{"name":"wp","href":"https:\/\/api.w.org\/{rel}","templated":true}]}}