{"id":15738,"date":"2022-11-25T18:09:57","date_gmt":"2022-11-25T23:09:57","guid":{"rendered":"https:\/\/nuestrostories.com\/?p=15738"},"modified":"2024-02-16T09:29:35","modified_gmt":"2024-02-16T14:29:35","slug":"el-centro-de-artes-museum-mantiene-viva-la-cultura-en-san-antonio","status":"publish","type":"post","link":"https:\/\/nuestrostories.com\/es\/2022\/11\/el-centro-de-artes-museum-mantiene-viva-la-cultura-en-san-antonio\/","title":{"rendered":"El Centro de Artes Museum mantiene viva la cultura en San Antonio"},"content":{"rendered":"\n<p><em>Imagen cortes\u00eda de Nuestro Stories<\/em><\/p>\n\n\n\n<p>Ubicado en el centro de San Antonio, el museo Centro de Artes es un centro moderno de arte, historia y cultura con el objetivo principal de contar las historias de la experiencia latina en territorio estadounidense. Tiene una lente espec\u00edfica orientada al suroeste.<\/p>\n\n\n\n<p>El impacto de los latinos\/ind\u00edgenas en el suroeste es, por supuesto, innegable. Antes de que se trazaran fronteras y se produjera una separaci\u00f3n entre M\u00e9xico y Estados Unidos, hab\u00eda tribus repartidas a lo largo de los pueblos de lo que hoy se conoce como Estados Unidos. El Centro de Artes se preocupa por preservar ese legado enfoc\u00e1ndose tanto en la historia del \u00e1rea como en el presente y el futuro de la regi\u00f3n y las artes creadas dentro de ella.<\/p>\n\n\n\n<h2 class=\"wp-block-heading\"><span style=\"font-weight: 400;\">El Centro de Artes crea un espacio donde se escucha la voz de nuestra comunidad<\/span><\/h2>\n\n\n\n<p>Cerrado durante casi dos a\u00f1os despu\u00e9s del COVID-19, el museo reabri\u00f3 a principios de 2022 con una muestra en combinaci\u00f3n con la Exposici\u00f3n del Programa de Mentor\u00eda de Artistas Inmigrantes de la NYFA (Fundaci\u00f3n para las Artes de Nueva York). Una organizaci\u00f3n que uni\u00f3 a artistas inmigrantes\/artistas de primera generaci\u00f3n con artistas experimentados para orientar y desarrollar las historias que intentaban contar a trav\u00e9s de la t\u00e9cnica elegida. Esa exposici\u00f3n cerr\u00f3 recientemente y, en su lugar, tomaron su lugar dos exposiciones.<\/p>\n\n\n\n<figure class=\"wp-block-image alignright wp-image-6940\"><img loading=\"lazy\" decoding=\"async\" width=\"237\" height=\"250\" src=\"https:\/\/nuestrostories.com\/wp-content\/uploads\/2022\/11\/delete-237x250.png\" alt=\"The Centro de Artes Museum Keeps Culture Alive in San Antonio nuestro stories\" class=\"wp-image-6940\" srcset=\"https:\/\/nuestrostories.com\/wp-content\/uploads\/2022\/11\/delete-237x250.png 237w, https:\/\/nuestrostories.com\/wp-content\/uploads\/2022\/11\/delete-200x211.png 200w, https:\/\/nuestrostories.com\/wp-content\/uploads\/2022\/11\/delete-400x423.png 400w, https:\/\/nuestrostories.com\/wp-content\/uploads\/2022\/11\/delete.png 600w\" sizes=\"auto, (max-width: 237px) 100vw, 237px\" \/><figcaption class=\"wp-element-caption\"><em>Cr\u00e9dito:<\/em><a href=\"http:\/\/getcreativesanantonio.com\/La\"><em> getcreativesanantonio.com\/La Veladora<\/em><\/a><em>,de Jesse Trevi\u00f1o<\/em><\/figcaption><\/figure>\n\n\n\n<p>Abierta actualmente y hasta el pr\u00f3ximo mes, la exhibici\u00f3n de dos plantas presenta un piso dedicado a la experiencia de los inmigrantes que se centra en la sangre, el sudor y las l\u00e1grimas que a menudo ponen en el trabajo que hacen para sobrevivir en Estados Unidos y se titula \u201cLa Visa Negra\u201d, por la artista Leila Hern\u00e1ndez. Otro piso alberga una exposici\u00f3n dedicada a los bailarines ind\u00edgenas que transmiten tradiciones culturales en sus movimientos, titulada \u201cLa danza euf\u00f3rica de la mente invicta\u201d.<\/p>\n\n\n\n<p>El museo Centro de Artes es siempre gratuito y est\u00e1 abierto al p\u00fablico.<\/p>\n\n\n\n<p><strong>Lee m\u00e1s:<\/strong><a href=\"https:\/\/nuestrostories.com\/2022\/11\/barrio-duranguito-neighborhood-that-resists-destruction\/\">\u00a0Barrio Duranguito, el barrio latino que resiste la destrucci\u00f3n<\/a><\/p>\n\n\n\n<h2 class=\"wp-block-heading\"><span style=\"font-weight: 400;\">Planea tu visita<\/span><\/h2>\n\n\n\n<p><strong>Ubicaci\u00f3n:<\/strong> San Antonio, TX 78207<\/p>\n\n\n\n<p><strong>Direcci\u00f3n:<\/strong> 101 S Santa Rosa Ave<\/p>\n\n\n\n<p>Disfr\u00fatalo <a href=\"https:\/\/www.google.com\/local\/place\/fid\/0x865c5f4cd6e3a2cd:0x17fd10785c0a9897\/photosphere?iu=https:\/\/streetviewpixels-pa.googleapis.com\/v1\/thumbnail?panoid%3DLOTMum03Y7GAI1yJpXevPQ%26cb_client%3Dlu.gallery.gps%26w%3D160%26h%3D106%26yaw%3D324.3225%26pitch%3D0%26thumbfov%3D100&amp;ik=CAISFkxPVE11bTAzWTdHQUkxeUpwWGV2UFE%3D\"><strong>aqu\u00ed.<\/strong><\/a><\/p>\n\n\n\n<figure class=\"wp-block-embed\"><div class=\"wp-block-embed__wrapper\">\nhttps:\/\/nuestrostories.com\/wp-content\/uploads\/2022\/06\/Liv-182\u00d7250.jpeg\n<\/div><\/figure>\n\n\n\n<p>Por Liv Styler<\/p>\n\n\n\n<p>Olivia Monahan \u2013 Periodista, editora, educadora y organizadora chicana en Sacramento cuyo \u00fanico objetivo es arrojar luz sobre historias de nuestras comunidades m\u00e1s impactadas y marginadas pero, a\u00fan m\u00e1s importante, que esas historias humanicen a quienes normalmente quedan excluidos. Es finalista de la Beca Ida B Wells de periodismo de investigaci\u00f3n 2022, miembro de la Parenting Journalists Society y ha publicado en The Courier, The Sacramento Bee, The Americano y Submerge Magazine, entre otros.<\/p>\n","protected":false},"excerpt":{"rendered":"<p>Imagen cortes\u00eda de Nuestro Stories Ubicado en el centro de San Antonio, el museo Centro de Artes es un centro moderno de arte, historia y cultura con el objetivo principal de contar las historias de la experiencia latina en territorio estadounidense. Tiene una lente espec\u00edfica orientada al suroeste. El impacto de los latinos\/ind\u00edgenas en el [&hellip;]<\/p>\n","protected":false},"author":4,"featured_media":10149,"comment_status":"closed","ping_status":"open","sticky":false,"template":"","format":"standard","meta":{"_acf_changed":false,"footnotes":""},"categories":[1319],"tags":[],"class_list":["post-15738","post","type-post","status-publish","format-standard","has-post-thumbnail","hentry","category-lugares-de-interes-latinos"],"acf":[],"yoast_head":"<!-- This site is optimized with the Yoast SEO plugin v27.3 - https:\/\/yoast.com\/product\/yoast-seo-wordpress\/ -->\n<title>El Centro de Artes Museum mantiene viva la cultura en San Antonio - Nuestro Stories<\/title>\n<meta name=\"robots\" content=\"index, follow, max-snippet:-1, max-image-preview:large, max-video-preview:-1\" \/>\n<link rel=\"canonical\" href=\"https:\/\/nuestrostories.com\/es\/2022\/11\/el-centro-de-artes-museum-mantiene-viva-la-cultura-en-san-antonio\/\" \/>\n<meta property=\"og:locale\" content=\"es_ES\" \/>\n<meta property=\"og:type\" content=\"article\" \/>\n<meta property=\"og:title\" content=\"El Centro de Artes Museum mantiene viva la cultura en San Antonio - Nuestro Stories\" \/>\n<meta property=\"og:description\" content=\"Imagen cortes\u00eda de Nuestro Stories Ubicado en el centro de San Antonio, el museo Centro de Artes es un centro moderno de arte, historia y cultura con el objetivo principal de contar las historias de la experiencia latina en territorio estadounidense. Tiene una lente espec\u00edfica orientada al suroeste. El impacto de los latinos\/ind\u00edgenas en el [&hellip;]\" \/>\n<meta property=\"og:url\" content=\"https:\/\/nuestrostories.com\/es\/2022\/11\/el-centro-de-artes-museum-mantiene-viva-la-cultura-en-san-antonio\/\" \/>\n<meta property=\"og:site_name\" content=\"Nuestro Stories\" \/>\n<meta property=\"article:published_time\" content=\"2022-11-25T23:09:57+00:00\" \/>\n<meta property=\"article:modified_time\" content=\"2024-02-16T14:29:35+00:00\" \/>\n<meta property=\"og:image\" content=\"https:\/\/nuestrostories.com\/wp-content\/uploads\/2022\/11\/Centro-de-Artes-San-Antonio.jpeg\" \/>\n\t<meta property=\"og:image:width\" content=\"1910\" \/>\n\t<meta property=\"og:image:height\" content=\"1274\" \/>\n\t<meta property=\"og:image:type\" content=\"image\/jpeg\" \/>\n<meta name=\"author\" content=\"Rachel\" \/>\n<meta name=\"twitter:card\" content=\"summary_large_image\" \/>\n<meta name=\"twitter:label1\" content=\"Escrito por\" \/>\n\t<meta name=\"twitter:data1\" content=\"Rachel\" \/>\n\t<meta name=\"twitter:label2\" content=\"Tiempo de lectura\" \/>\n\t<meta name=\"twitter:data2\" content=\"3 minutos\" \/>\n<script type=\"application\/ld+json\" class=\"yoast-schema-graph\">{\"@context\":\"https:\\\/\\\/schema.org\",\"@graph\":[{\"@type\":\"Article\",\"@id\":\"https:\\\/\\\/nuestrostories.com\\\/es\\\/2022\\\/11\\\/el-centro-de-artes-museum-mantiene-viva-la-cultura-en-san-antonio\\\/#article\",\"isPartOf\":{\"@id\":\"https:\\\/\\\/nuestrostories.com\\\/es\\\/2022\\\/11\\\/el-centro-de-artes-museum-mantiene-viva-la-cultura-en-san-antonio\\\/\"},\"author\":{\"name\":\"Rachel\",\"@id\":\"https:\\\/\\\/nuestrostories.com\\\/es\\\/#\\\/schema\\\/person\\\/f47422cace2ee5360c765844aa2ab67f\"},\"headline\":\"El Centro de Artes Museum mantiene viva la cultura en San Antonio\",\"datePublished\":\"2022-11-25T23:09:57+00:00\",\"dateModified\":\"2024-02-16T14:29:35+00:00\",\"mainEntityOfPage\":{\"@id\":\"https:\\\/\\\/nuestrostories.com\\\/es\\\/2022\\\/11\\\/el-centro-de-artes-museum-mantiene-viva-la-cultura-en-san-antonio\\\/\"},\"wordCount\":486,\"publisher\":{\"@id\":\"https:\\\/\\\/nuestrostories.com\\\/es\\\/#organization\"},\"image\":{\"@id\":\"https:\\\/\\\/nuestrostories.com\\\/es\\\/2022\\\/11\\\/el-centro-de-artes-museum-mantiene-viva-la-cultura-en-san-antonio\\\/#primaryimage\"},\"thumbnailUrl\":\"https:\\\/\\\/nuestrostories.com\\\/wp-content\\\/uploads\\\/2022\\\/11\\\/Centro-de-Artes-San-Antonio.jpeg\",\"articleSection\":[\"LUGARES DE INTER\u00c9S LATINOS\"],\"inLanguage\":\"es\"},{\"@type\":\"WebPage\",\"@id\":\"https:\\\/\\\/nuestrostories.com\\\/es\\\/2022\\\/11\\\/el-centro-de-artes-museum-mantiene-viva-la-cultura-en-san-antonio\\\/\",\"url\":\"https:\\\/\\\/nuestrostories.com\\\/es\\\/2022\\\/11\\\/el-centro-de-artes-museum-mantiene-viva-la-cultura-en-san-antonio\\\/\",\"name\":\"El Centro de Artes Museum mantiene viva la cultura en San Antonio - Nuestro Stories\",\"isPartOf\":{\"@id\":\"https:\\\/\\\/nuestrostories.com\\\/es\\\/#website\"},\"primaryImageOfPage\":{\"@id\":\"https:\\\/\\\/nuestrostories.com\\\/es\\\/2022\\\/11\\\/el-centro-de-artes-museum-mantiene-viva-la-cultura-en-san-antonio\\\/#primaryimage\"},\"image\":{\"@id\":\"https:\\\/\\\/nuestrostories.com\\\/es\\\/2022\\\/11\\\/el-centro-de-artes-museum-mantiene-viva-la-cultura-en-san-antonio\\\/#primaryimage\"},\"thumbnailUrl\":\"https:\\\/\\\/nuestrostories.com\\\/wp-content\\\/uploads\\\/2022\\\/11\\\/Centro-de-Artes-San-Antonio.jpeg\",\"datePublished\":\"2022-11-25T23:09:57+00:00\",\"dateModified\":\"2024-02-16T14:29:35+00:00\",\"breadcrumb\":{\"@id\":\"https:\\\/\\\/nuestrostories.com\\\/es\\\/2022\\\/11\\\/el-centro-de-artes-museum-mantiene-viva-la-cultura-en-san-antonio\\\/#breadcrumb\"},\"inLanguage\":\"es\",\"potentialAction\":[{\"@type\":\"ReadAction\",\"target\":[\"https:\\\/\\\/nuestrostories.com\\\/es\\\/2022\\\/11\\\/el-centro-de-artes-museum-mantiene-viva-la-cultura-en-san-antonio\\\/\"]}]},{\"@type\":\"ImageObject\",\"inLanguage\":\"es\",\"@id\":\"https:\\\/\\\/nuestrostories.com\\\/es\\\/2022\\\/11\\\/el-centro-de-artes-museum-mantiene-viva-la-cultura-en-san-antonio\\\/#primaryimage\",\"url\":\"https:\\\/\\\/nuestrostories.com\\\/wp-content\\\/uploads\\\/2022\\\/11\\\/Centro-de-Artes-San-Antonio.jpeg\",\"contentUrl\":\"https:\\\/\\\/nuestrostories.com\\\/wp-content\\\/uploads\\\/2022\\\/11\\\/Centro-de-Artes-San-Antonio.jpeg\",\"width\":1910,\"height\":1274,\"caption\":\"Image courtesy of Nuestro Stories.\"},{\"@type\":\"BreadcrumbList\",\"@id\":\"https:\\\/\\\/nuestrostories.com\\\/es\\\/2022\\\/11\\\/el-centro-de-artes-museum-mantiene-viva-la-cultura-en-san-antonio\\\/#breadcrumb\",\"itemListElement\":[{\"@type\":\"ListItem\",\"position\":1,\"name\":\"Home\",\"item\":\"https:\\\/\\\/nuestrostories.com\\\/es\\\/\"},{\"@type\":\"ListItem\",\"position\":2,\"name\":\"El Centro de Artes Museum mantiene viva la cultura en San Antonio\"}]},{\"@type\":\"WebSite\",\"@id\":\"https:\\\/\\\/nuestrostories.com\\\/es\\\/#website\",\"url\":\"https:\\\/\\\/nuestrostories.com\\\/es\\\/\",\"name\":\"Nuestro Stories\",\"description\":\"Latino Heritage. Every Day.\",\"publisher\":{\"@id\":\"https:\\\/\\\/nuestrostories.com\\\/es\\\/#organization\"},\"potentialAction\":[{\"@type\":\"SearchAction\",\"target\":{\"@type\":\"EntryPoint\",\"urlTemplate\":\"https:\\\/\\\/nuestrostories.com\\\/es\\\/?s={search_term_string}\"},\"query-input\":{\"@type\":\"PropertyValueSpecification\",\"valueRequired\":true,\"valueName\":\"search_term_string\"}}],\"inLanguage\":\"es\"},{\"@type\":\"Organization\",\"@id\":\"https:\\\/\\\/nuestrostories.com\\\/es\\\/#organization\",\"name\":\"Nuestro Stories\",\"url\":\"https:\\\/\\\/nuestrostories.com\\\/es\\\/\",\"logo\":{\"@type\":\"ImageObject\",\"inLanguage\":\"es\",\"@id\":\"https:\\\/\\\/nuestrostories.com\\\/es\\\/#\\\/schema\\\/logo\\\/image\\\/\",\"url\":\"https:\\\/\\\/nuestrostories.com\\\/wp-content\\\/uploads\\\/2021\\\/11\\\/Nuestro-Stories-Logo.png\",\"contentUrl\":\"https:\\\/\\\/nuestrostories.com\\\/wp-content\\\/uploads\\\/2021\\\/11\\\/Nuestro-Stories-Logo.png\",\"width\":282,\"height\":118,\"caption\":\"Nuestro Stories\"},\"image\":{\"@id\":\"https:\\\/\\\/nuestrostories.com\\\/es\\\/#\\\/schema\\\/logo\\\/image\\\/\"}},{\"@type\":\"Person\",\"@id\":\"https:\\\/\\\/nuestrostories.com\\\/es\\\/#\\\/schema\\\/person\\\/f47422cace2ee5360c765844aa2ab67f\",\"name\":\"Rachel\",\"image\":{\"@type\":\"ImageObject\",\"inLanguage\":\"es\",\"@id\":\"https:\\\/\\\/nuestrostories.com\\\/wp-content\\\/uploads\\\/2023\\\/06\\\/RachelBio-150x150.jpg\",\"url\":\"https:\\\/\\\/nuestrostories.com\\\/wp-content\\\/uploads\\\/2023\\\/06\\\/RachelBio-150x150.jpg\",\"contentUrl\":\"https:\\\/\\\/nuestrostories.com\\\/wp-content\\\/uploads\\\/2023\\\/06\\\/RachelBio-150x150.jpg\",\"caption\":\"Rachel\"},\"description\":\"Olivia Monahan Chicana journalist, editor, educator, and organizer in Sacramento whose sole focus is to shed light on stories on our most impacted and marginalized communities, but even more importantly, for those stories to humanize those normally left out. She is an Ida B Wells Investigative Journalism Fellow 2022 Finalist, a member of the Parenting Journalists Society, and has bylines in The Courier, The Sacramento Bee, The Americano, Submerge Magazine among others.\",\"url\":\"https:\\\/\\\/nuestrostories.com\\\/es\\\/author\\\/rachel\\\/\"}]}<\/script>\n<!-- \/ Yoast SEO plugin. -->","yoast_head_json":{"title":"El Centro de Artes Museum mantiene viva la cultura en San Antonio - Nuestro Stories","robots":{"index":"index","follow":"follow","max-snippet":"max-snippet:-1","max-image-preview":"max-image-preview:large","max-video-preview":"max-video-preview:-1"},"canonical":"https:\/\/nuestrostories.com\/es\/2022\/11\/el-centro-de-artes-museum-mantiene-viva-la-cultura-en-san-antonio\/","og_locale":"es_ES","og_type":"article","og_title":"El Centro de Artes Museum mantiene viva la cultura en San Antonio - Nuestro Stories","og_description":"Imagen cortes\u00eda de Nuestro Stories Ubicado en el centro de San Antonio, el museo Centro de Artes es un centro moderno de arte, historia y cultura con el objetivo principal de contar las historias de la experiencia latina en territorio estadounidense. Tiene una lente espec\u00edfica orientada al suroeste. El impacto de los latinos\/ind\u00edgenas en el [&hellip;]","og_url":"https:\/\/nuestrostories.com\/es\/2022\/11\/el-centro-de-artes-museum-mantiene-viva-la-cultura-en-san-antonio\/","og_site_name":"Nuestro Stories","article_published_time":"2022-11-25T23:09:57+00:00","article_modified_time":"2024-02-16T14:29:35+00:00","og_image":[{"width":1910,"height":1274,"url":"https:\/\/nuestrostories.com\/wp-content\/uploads\/2022\/11\/Centro-de-Artes-San-Antonio.jpeg","type":"image\/jpeg"}],"author":"Rachel","twitter_card":"summary_large_image","twitter_misc":{"Escrito por":"Rachel","Tiempo de lectura":"3 minutos"},"schema":{"@context":"https:\/\/schema.org","@graph":[{"@type":"Article","@id":"https:\/\/nuestrostories.com\/es\/2022\/11\/el-centro-de-artes-museum-mantiene-viva-la-cultura-en-san-antonio\/#article","isPartOf":{"@id":"https:\/\/nuestrostories.com\/es\/2022\/11\/el-centro-de-artes-museum-mantiene-viva-la-cultura-en-san-antonio\/"},"author":{"name":"Rachel","@id":"https:\/\/nuestrostories.com\/es\/#\/schema\/person\/f47422cace2ee5360c765844aa2ab67f"},"headline":"El Centro de Artes Museum mantiene viva la cultura en San Antonio","datePublished":"2022-11-25T23:09:57+00:00","dateModified":"2024-02-16T14:29:35+00:00","mainEntityOfPage":{"@id":"https:\/\/nuestrostories.com\/es\/2022\/11\/el-centro-de-artes-museum-mantiene-viva-la-cultura-en-san-antonio\/"},"wordCount":486,"publisher":{"@id":"https:\/\/nuestrostories.com\/es\/#organization"},"image":{"@id":"https:\/\/nuestrostories.com\/es\/2022\/11\/el-centro-de-artes-museum-mantiene-viva-la-cultura-en-san-antonio\/#primaryimage"},"thumbnailUrl":"https:\/\/nuestrostories.com\/wp-content\/uploads\/2022\/11\/Centro-de-Artes-San-Antonio.jpeg","articleSection":["LUGARES DE INTER\u00c9S LATINOS"],"inLanguage":"es"},{"@type":"WebPage","@id":"https:\/\/nuestrostories.com\/es\/2022\/11\/el-centro-de-artes-museum-mantiene-viva-la-cultura-en-san-antonio\/","url":"https:\/\/nuestrostories.com\/es\/2022\/11\/el-centro-de-artes-museum-mantiene-viva-la-cultura-en-san-antonio\/","name":"El Centro de Artes Museum mantiene viva la cultura en San Antonio - Nuestro Stories","isPartOf":{"@id":"https:\/\/nuestrostories.com\/es\/#website"},"primaryImageOfPage":{"@id":"https:\/\/nuestrostories.com\/es\/2022\/11\/el-centro-de-artes-museum-mantiene-viva-la-cultura-en-san-antonio\/#primaryimage"},"image":{"@id":"https:\/\/nuestrostories.com\/es\/2022\/11\/el-centro-de-artes-museum-mantiene-viva-la-cultura-en-san-antonio\/#primaryimage"},"thumbnailUrl":"https:\/\/nuestrostories.com\/wp-content\/uploads\/2022\/11\/Centro-de-Artes-San-Antonio.jpeg","datePublished":"2022-11-25T23:09:57+00:00","dateModified":"2024-02-16T14:29:35+00:00","breadcrumb":{"@id":"https:\/\/nuestrostories.com\/es\/2022\/11\/el-centro-de-artes-museum-mantiene-viva-la-cultura-en-san-antonio\/#breadcrumb"},"inLanguage":"es","potentialAction":[{"@type":"ReadAction","target":["https:\/\/nuestrostories.com\/es\/2022\/11\/el-centro-de-artes-museum-mantiene-viva-la-cultura-en-san-antonio\/"]}]},{"@type":"ImageObject","inLanguage":"es","@id":"https:\/\/nuestrostories.com\/es\/2022\/11\/el-centro-de-artes-museum-mantiene-viva-la-cultura-en-san-antonio\/#primaryimage","url":"https:\/\/nuestrostories.com\/wp-content\/uploads\/2022\/11\/Centro-de-Artes-San-Antonio.jpeg","contentUrl":"https:\/\/nuestrostories.com\/wp-content\/uploads\/2022\/11\/Centro-de-Artes-San-Antonio.jpeg","width":1910,"height":1274,"caption":"Image courtesy of Nuestro Stories."},{"@type":"BreadcrumbList","@id":"https:\/\/nuestrostories.com\/es\/2022\/11\/el-centro-de-artes-museum-mantiene-viva-la-cultura-en-san-antonio\/#breadcrumb","itemListElement":[{"@type":"ListItem","position":1,"name":"Home","item":"https:\/\/nuestrostories.com\/es\/"},{"@type":"ListItem","position":2,"name":"El Centro de Artes Museum mantiene viva la cultura en San Antonio"}]},{"@type":"WebSite","@id":"https:\/\/nuestrostories.com\/es\/#website","url":"https:\/\/nuestrostories.com\/es\/","name":"Nuestro Stories","description":"Latino Heritage. Every Day.","publisher":{"@id":"https:\/\/nuestrostories.com\/es\/#organization"},"potentialAction":[{"@type":"SearchAction","target":{"@type":"EntryPoint","urlTemplate":"https:\/\/nuestrostories.com\/es\/?s={search_term_string}"},"query-input":{"@type":"PropertyValueSpecification","valueRequired":true,"valueName":"search_term_string"}}],"inLanguage":"es"},{"@type":"Organization","@id":"https:\/\/nuestrostories.com\/es\/#organization","name":"Nuestro Stories","url":"https:\/\/nuestrostories.com\/es\/","logo":{"@type":"ImageObject","inLanguage":"es","@id":"https:\/\/nuestrostories.com\/es\/#\/schema\/logo\/image\/","url":"https:\/\/nuestrostories.com\/wp-content\/uploads\/2021\/11\/Nuestro-Stories-Logo.png","contentUrl":"https:\/\/nuestrostories.com\/wp-content\/uploads\/2021\/11\/Nuestro-Stories-Logo.png","width":282,"height":118,"caption":"Nuestro Stories"},"image":{"@id":"https:\/\/nuestrostories.com\/es\/#\/schema\/logo\/image\/"}},{"@type":"Person","@id":"https:\/\/nuestrostories.com\/es\/#\/schema\/person\/f47422cace2ee5360c765844aa2ab67f","name":"Rachel","image":{"@type":"ImageObject","inLanguage":"es","@id":"https:\/\/nuestrostories.com\/wp-content\/uploads\/2023\/06\/RachelBio-150x150.jpg","url":"https:\/\/nuestrostories.com\/wp-content\/uploads\/2023\/06\/RachelBio-150x150.jpg","contentUrl":"https:\/\/nuestrostories.com\/wp-content\/uploads\/2023\/06\/RachelBio-150x150.jpg","caption":"Rachel"},"description":"Olivia Monahan Chicana journalist, editor, educator, and organizer in Sacramento whose sole focus is to shed light on stories on our most impacted and marginalized communities, but even more importantly, for those stories to humanize those normally left out. She is an Ida B Wells Investigative Journalism Fellow 2022 Finalist, a member of the Parenting Journalists Society, and has bylines in The Courier, The Sacramento Bee, The Americano, Submerge Magazine among others.","url":"https:\/\/nuestrostories.com\/es\/author\/rachel\/"}]}},"_links":{"self":[{"href":"https:\/\/nuestrostories.com\/es\/wp-json\/wp\/v2\/posts\/15738","targetHints":{"allow":["GET"]}}],"collection":[{"href":"https:\/\/nuestrostories.com\/es\/wp-json\/wp\/v2\/posts"}],"about":[{"href":"https:\/\/nuestrostories.com\/es\/wp-json\/wp\/v2\/types\/post"}],"author":[{"embeddable":true,"href":"https:\/\/nuestrostories.com\/es\/wp-json\/wp\/v2\/users\/4"}],"replies":[{"embeddable":true,"href":"https:\/\/nuestrostories.com\/es\/wp-json\/wp\/v2\/comments?post=15738"}],"version-history":[{"count":1,"href":"https:\/\/nuestrostories.com\/es\/wp-json\/wp\/v2\/posts\/15738\/revisions"}],"predecessor-version":[{"id":15739,"href":"https:\/\/nuestrostories.com\/es\/wp-json\/wp\/v2\/posts\/15738\/revisions\/15739"}],"wp:featuredmedia":[{"embeddable":true,"href":"https:\/\/nuestrostories.com\/es\/wp-json\/wp\/v2\/media\/10149"}],"wp:attachment":[{"href":"https:\/\/nuestrostories.com\/es\/wp-json\/wp\/v2\/media?parent=15738"}],"wp:term":[{"taxonomy":"category","embeddable":true,"href":"https:\/\/nuestrostories.com\/es\/wp-json\/wp\/v2\/categories?post=15738"},{"taxonomy":"post_tag","embeddable":true,"href":"https:\/\/nuestrostories.com\/es\/wp-json\/wp\/v2\/tags?post=15738"}],"curies":[{"name":"wp","href":"https:\/\/api.w.org\/{rel}","templated":true}]}}