{"id":17812,"date":"2024-03-29T15:07:00","date_gmt":"2024-03-29T20:07:00","guid":{"rendered":"https:\/\/nuestrostories.com\/?p=17812"},"modified":"2024-03-29T15:07:03","modified_gmt":"2024-03-29T20:07:03","slug":"para-ninos-frida-kahlo-and-the-bravest-girl-in-the-world","status":"publish","type":"post","link":"https:\/\/nuestrostories.com\/es\/2024\/03\/para-ninos-frida-kahlo-and-the-bravest-girl-in-the-world\/","title":{"rendered":"Para ni\u00f1os: \u2018Frida Kahlo and the Bravest Girl in the World\u2019"},"content":{"rendered":"\n<p>Tulsa Opera est\u00e1 presentando al p\u00fablico infantil a un icono mexicano con su m\u00e1s reciente producci\u00f3n, <em>Frida Kahlo and the Bravest Girl in the World<\/em>. Forma parte de su \u201cGira Alza la Voz\u201d de 2024, con representaciones para m\u00e1s de 7,000 estudiantes de primaria.<\/p>\n\n\n\n<p>Esta \u00f3pera biling\u00fce de 45 minutos cuenta una historia inspirada en hechos reales de la vida de la ic\u00f3nica pintora mexicana Frida Kahlo.<\/p>\n\n\n\n<p>\u00abEsta m\u00e1gica \u00f3pera infantil presenta una narraci\u00f3n dise\u00f1ada para ni\u00f1os de preescolar a tercer grado, emocionantes cantos en ingl\u00e9s y espa\u00f1ol, hermosos vestuarios y la participaci\u00f3n del p\u00fablico\u00bb, escribe <a href=\"http:\/\/tulsalibrary.org\/\">TulsaLibrary.org<\/a>. <\/p>\n\n\n\n<p>El debut en Tulsa tambi\u00e9n marca el quinto aniversario de la \u00f3pera infantil de un solo acto, creada por fans de la \u00f3pera de Kahlo en 2019.<\/p>\n\n\n\n<figure class=\"wp-block-embed is-type-video is-provider-youtube wp-block-embed-youtube wp-embed-aspect-16-9 wp-has-aspect-ratio\"><div class=\"wp-block-embed__wrapper\">\n<iframe loading=\"lazy\" title=\"Knock from &quot;Frida Kahlo and the Bravest Girl in the World&quot;\" width=\"800\" height=\"450\" src=\"https:\/\/www.youtube.com\/embed\/aBw_5i8Yuec?feature=oembed\" frameborder=\"0\" allow=\"accelerometer; autoplay; clipboard-write; encrypted-media; gyroscope; picture-in-picture; web-share\" referrerpolicy=\"strict-origin-when-cross-origin\" allowfullscreen><\/iframe>\n<\/div><\/figure>\n\n\n\n<h2 class=\"wp-block-heading\"><strong>Frida Kahlo y la ni\u00f1a m\u00e1s valiente del mundo<\/strong><\/h2>\n\n\n\n<p>La historia gira en torno a Mariana, una ni\u00f1a vivaz que vive en el coraz\u00f3n de Ciudad de M\u00e9xico.<\/p>\n\n\n\n<p>La historia es la siguiente: animada por su familia, Mariana emprende un valiente viaje para visitar a la c\u00e9lebre artista Frida Kahlo. \u00bfSu misi\u00f3n? Que la enigm\u00e1tica Frida le pinte un retrato. Pero Mariana est\u00e1 aterrorizada: corren rumores de que Frida guarda esqueletos encima de su cama y que incluso pudiera ser una bruja.<\/p>\n\n\n\n<p>Cuando Kahlo empieza a pintar el retrato de Mariana, los temores de la ni\u00f1a se disipan r\u00e1pidamente. Mariana descubre la magia que encierra el arte de Kahlo. Por el camino, tambi\u00e9n conoce a Diego Rivera, el esposo de Kahlo, y se entera del terrible accidente que casi acaba con la vida de Frida.<\/p>\n\n\n\n<p>A trav\u00e9s de la magia de la \u00f3pera, su historia se desarrolla, invitando al p\u00fablico a unirse a la diversi\u00f3n.<\/p>\n\n\n\n<p>\u00abCuenta la historia real de Mariana Morillo Safa, una joven que vivi\u00f3 en Ciudad de M\u00e9xico, y su amistad con la famosa pintora Frida Kahlo\u00bb, escribe <a href=\"http:\/\/patch.com\/\">Patch.com<\/a>. \u00abMariana hace que la Sra. Kahlo pinte su retrato y aprende dos importantes lecciones en el proceso: que el arte puede surgir en cualquier lugar y lo importante que es ser valiente incluso cuando sientes miedo\u00bb.<\/p>\n\n\n\n<figure class=\"wp-block-embed is-type-video is-provider-youtube wp-block-embed-youtube wp-embed-aspect-16-9 wp-has-aspect-ratio\"><div class=\"wp-block-embed__wrapper\">\n<iframe loading=\"lazy\" title=\"Meet Mariana&#039;s Family - Frida Kahlo and the Bravest Girl in the World - Fort Worth Opera\" width=\"800\" height=\"450\" src=\"https:\/\/www.youtube.com\/embed\/OL6MsvqUOfs?feature=oembed\" frameborder=\"0\" allow=\"accelerometer; autoplay; clipboard-write; encrypted-media; gyroscope; picture-in-picture; web-share\" referrerpolicy=\"strict-origin-when-cross-origin\" allowfullscreen><\/iframe>\n<\/div><\/figure>\n\n\n\n<h2 class=\"wp-block-heading\">Quinto aniversario<\/h2>\n\n\n\n<p><em>Frida Kahlo and the Bravest Girl in the World<\/em> fue estrenada mundialmente por Fort Worth Opera (FWO) el 16 de noviembre de 2019 en el hist\u00f3rico Rose Marine Theater en Fort Worth, Texas.<\/p>\n\n\n\n<p>\u00abSoy de M\u00e9xico, as\u00ed que la oportunidad de contar una historia de una de nuestros artistas ic\u00f3nicos es algo que quer\u00eda aprovechar\u00bb, dice a Nuestras Stories el director de escena de FWO, <a href=\"http:\/\/www.octaviocardenas.com\/\">Octavio C\u00e1rdenas<\/a>. \u00abEs un espect\u00e1culo maravilloso para la familia y especialmente para los ni\u00f1os peque\u00f1os que experimentan la \u00f3pera por primera vez\u00bb.<\/p>\n\n\n\n<p>Desde su debut en Fort Worth, la \u00f3pera se ha presentado en todo Estados Unidos, donde fue amada por padres y ni\u00f1os por igual, seg\u00fan cr\u00edticos de teatro. <\/p>\n\n\n\n<p>\u00abLos padres en el p\u00fablico se enjugaban los ojos con frecuencia, mientras sus hijos \u2013muchos con coronas de flores caseras al estilo de Kahlo\u2013 parec\u00edan cautivados con la representaci\u00f3n\u00bb, explica RealChangeNews, de Seattle, Washington.<\/p>\n\n\n\n<figure class=\"wp-block-embed is-type-video is-provider-youtube wp-block-embed-youtube wp-embed-aspect-16-9 wp-has-aspect-ratio\"><div class=\"wp-block-embed__wrapper\">\n<iframe loading=\"lazy\" title=\"Animal&#039;s Introductions from &quot;Frida Kahlo and the Bravest Girl in the World&quot;\" width=\"800\" height=\"450\" src=\"https:\/\/www.youtube.com\/embed\/Q8FNoygKRm0?feature=oembed\" frameborder=\"0\" allow=\"accelerometer; autoplay; clipboard-write; encrypted-media; gyroscope; picture-in-picture; web-share\" referrerpolicy=\"strict-origin-when-cross-origin\" allowfullscreen><\/iframe>\n<\/div><\/figure>\n\n\n\n<p>La \u00f3pera se presenta en una versi\u00f3n en espanglish de Arlene Mart\u00ednez-V\u00e1squez, que a\u00f1ade un delicioso giro ling\u00fc\u00edstico.<\/p>\n\n\n\n<h2 class=\"wp-block-heading\">Basada en un libro<\/h2>\n\n\n\n<p>La \u00f3pera, compuesta por el director art\u00edstico de la FWO, Joe Illick, con libreto de Mark Campbell, est\u00e1 basada en el libro ilustrado de Laurence Anholt <em>Frida Kahlo and the Bravest Girl in the World<\/em>.<\/p>\n\n\n\n<p>\u00abAnholt public\u00f3 su libro en 2016 como parte de su serie m\u00e1s amplia sobre &#8216;artistas famosos y los ni\u00f1os que los conocieron'\u00bb, explica <a href=\"http:\/\/realchangenews.org\/\">RealChangeNews.org<\/a>. <\/p>\n\n\n\n<p>\u00abLa idea de <em>Frida Kahlo and the Bravest Girl in the World<\/em> surgi\u00f3 de nuestro director general Tuomas Hiltunen\u00bb, dijo Illick a <a href=\"https:\/\/operawire.com\/forth-worth-opera-to-world-premiere-frida-kahlo-and-the-bravest-girl-in-the-world\/#google_vignette\">OperaWire<\/a>. \u00abSugiri\u00f3 el libro como base para una \u00f3pera familiar, y cuando Mark y yo vimos que la historia trataba sobre el empoderamiento de las mujeres j\u00f3venes y el alcance universal del arte, nos entusiasm\u00f3 crear la pieza\u00bb.<\/p>\n\n\n\n<h2 class=\"wp-block-heading\"><strong>Otras \u00f3peras inspiradas en Frida<\/strong><\/h2>\n\n\n\n<p>La vida de Frida ya se ha contado antes a trav\u00e9s de la \u00f3pera.<\/p>\n\n\n\n<p>La \u00f3pera con tintes de teatro musical <em>Frida<\/em> (1991), de Robert Xavier Rodr\u00edguez, ahonda en su tumultuosa relaci\u00f3n con Diego Rivera.<\/p>\n\n\n\n<p>M\u00e1s recientemente, la \u00f3pera de Gabriela Lena Frank y Nilo Cruz <em><a href=\"https:\/\/nuestrostories.com\/2023\/11\/back-from-the-dead-frida-and-diego\/\">El \u00faltimo sue\u00f1o de Frida y Diego<\/a><\/em> imagina el viaje de Kahlo m\u00e1s all\u00e1 de la muerte. En ella, acompa\u00f1a a Rivera al inframundo el D\u00eda de los Muertos.<\/p>\n\n\n\n<p><em>Frida Kahlo and the Bravest Girl in the World<\/em> es diferente porque est\u00e1 hecha a medida para los espectadores m\u00e1s j\u00f3venes. Y promueve el valor, la amistad y la magia de la creatividad. A trav\u00e9s de los ojos de Mariana, espera que el esp\u00edritu indomable de Kahlo inspire a todos, ni\u00f1os de todas las edades.<\/p>\n\n\n\n<p><em>Foto destacada de Octavio C\u00e1rdenas<\/em><\/p>\n","protected":false},"excerpt":{"rendered":"<p>Tulsa Opera est\u00e1 presentando al p\u00fablico infantil a un icono mexicano con su m\u00e1s reciente producci\u00f3n, Frida Kahlo and the Bravest Girl in the World. Forma parte de su \u201cGira Alza la Voz\u201d de 2024, con representaciones para m\u00e1s de 7,000 estudiantes de primaria. Esta \u00f3pera biling\u00fce de 45 minutos cuenta una historia inspirada en [&hellip;]<\/p>\n","protected":false},"author":6,"featured_media":17778,"comment_status":"closed","ping_status":"closed","sticky":false,"template":"","format":"standard","meta":{"_acf_changed":false,"footnotes":""},"categories":[1266],"tags":[],"class_list":["post-17812","post","type-post","status-publish","format-standard","has-post-thumbnail","hentry","category-sin-categorizar"],"acf":[],"yoast_head":"<!-- This site is optimized with the Yoast SEO plugin v27.3 - https:\/\/yoast.com\/product\/yoast-seo-wordpress\/ -->\n<title>Para ni\u00f1os: \u2018Frida Kahlo and the Bravest Girl in the World\u2019 - Nuestro Stories<\/title>\n<meta name=\"robots\" content=\"index, follow, max-snippet:-1, max-image-preview:large, max-video-preview:-1\" \/>\n<link rel=\"canonical\" href=\"https:\/\/nuestrostories.com\/es\/2024\/03\/para-ninos-frida-kahlo-and-the-bravest-girl-in-the-world\/\" \/>\n<meta property=\"og:locale\" content=\"es_ES\" \/>\n<meta property=\"og:type\" content=\"article\" \/>\n<meta property=\"og:title\" content=\"Para ni\u00f1os: \u2018Frida Kahlo and the Bravest Girl in the World\u2019 - Nuestro Stories\" \/>\n<meta property=\"og:description\" content=\"Tulsa Opera est\u00e1 presentando al p\u00fablico infantil a un icono mexicano con su m\u00e1s reciente producci\u00f3n, Frida Kahlo and the Bravest Girl in the World. Forma parte de su \u201cGira Alza la Voz\u201d de 2024, con representaciones para m\u00e1s de 7,000 estudiantes de primaria. Esta \u00f3pera biling\u00fce de 45 minutos cuenta una historia inspirada en [&hellip;]\" \/>\n<meta property=\"og:url\" content=\"https:\/\/nuestrostories.com\/es\/2024\/03\/para-ninos-frida-kahlo-and-the-bravest-girl-in-the-world\/\" \/>\n<meta property=\"og:site_name\" content=\"Nuestro Stories\" \/>\n<meta property=\"article:published_time\" content=\"2024-03-29T20:07:00+00:00\" \/>\n<meta property=\"article:modified_time\" content=\"2024-03-29T20:07:03+00:00\" \/>\n<meta property=\"og:image\" content=\"https:\/\/nuestrostories.com\/wp-content\/uploads\/2024\/03\/FridaFridayBravestGirl.jpg\" \/>\n\t<meta property=\"og:image:width\" content=\"2000\" \/>\n\t<meta property=\"og:image:height\" content=\"1125\" \/>\n\t<meta property=\"og:image:type\" content=\"image\/jpeg\" \/>\n<meta name=\"author\" content=\"Catherine Jones\" \/>\n<meta name=\"twitter:card\" content=\"summary_large_image\" \/>\n<meta name=\"twitter:label1\" content=\"Escrito por\" \/>\n\t<meta name=\"twitter:data1\" content=\"Catherine Jones\" \/>\n\t<meta name=\"twitter:label2\" content=\"Tiempo de lectura\" \/>\n\t<meta name=\"twitter:data2\" content=\"4 minutos\" \/>\n<script type=\"application\/ld+json\" class=\"yoast-schema-graph\">{\"@context\":\"https:\\\/\\\/schema.org\",\"@graph\":[{\"@type\":\"Article\",\"@id\":\"https:\\\/\\\/nuestrostories.com\\\/es\\\/2024\\\/03\\\/para-ninos-frida-kahlo-and-the-bravest-girl-in-the-world\\\/#article\",\"isPartOf\":{\"@id\":\"https:\\\/\\\/nuestrostories.com\\\/es\\\/2024\\\/03\\\/para-ninos-frida-kahlo-and-the-bravest-girl-in-the-world\\\/\"},\"author\":{\"name\":\"Catherine Jones\",\"@id\":\"https:\\\/\\\/nuestrostories.com\\\/es\\\/#\\\/schema\\\/person\\\/dc43e0beaa8e71393bfdd7e799a4e9d8\"},\"headline\":\"Para ni\u00f1os: \u2018Frida Kahlo and the Bravest Girl in the World\u2019\",\"datePublished\":\"2024-03-29T20:07:00+00:00\",\"dateModified\":\"2024-03-29T20:07:03+00:00\",\"mainEntityOfPage\":{\"@id\":\"https:\\\/\\\/nuestrostories.com\\\/es\\\/2024\\\/03\\\/para-ninos-frida-kahlo-and-the-bravest-girl-in-the-world\\\/\"},\"wordCount\":874,\"publisher\":{\"@id\":\"https:\\\/\\\/nuestrostories.com\\\/es\\\/#organization\"},\"image\":{\"@id\":\"https:\\\/\\\/nuestrostories.com\\\/es\\\/2024\\\/03\\\/para-ninos-frida-kahlo-and-the-bravest-girl-in-the-world\\\/#primaryimage\"},\"thumbnailUrl\":\"https:\\\/\\\/nuestrostories.com\\\/wp-content\\\/uploads\\\/2024\\\/03\\\/FridaFridayBravestGirl.jpg\",\"articleSection\":[\"Sin categorizar\"],\"inLanguage\":\"es\"},{\"@type\":\"WebPage\",\"@id\":\"https:\\\/\\\/nuestrostories.com\\\/es\\\/2024\\\/03\\\/para-ninos-frida-kahlo-and-the-bravest-girl-in-the-world\\\/\",\"url\":\"https:\\\/\\\/nuestrostories.com\\\/es\\\/2024\\\/03\\\/para-ninos-frida-kahlo-and-the-bravest-girl-in-the-world\\\/\",\"name\":\"Para ni\u00f1os: \u2018Frida Kahlo and the Bravest Girl in the World\u2019 - Nuestro Stories\",\"isPartOf\":{\"@id\":\"https:\\\/\\\/nuestrostories.com\\\/es\\\/#website\"},\"primaryImageOfPage\":{\"@id\":\"https:\\\/\\\/nuestrostories.com\\\/es\\\/2024\\\/03\\\/para-ninos-frida-kahlo-and-the-bravest-girl-in-the-world\\\/#primaryimage\"},\"image\":{\"@id\":\"https:\\\/\\\/nuestrostories.com\\\/es\\\/2024\\\/03\\\/para-ninos-frida-kahlo-and-the-bravest-girl-in-the-world\\\/#primaryimage\"},\"thumbnailUrl\":\"https:\\\/\\\/nuestrostories.com\\\/wp-content\\\/uploads\\\/2024\\\/03\\\/FridaFridayBravestGirl.jpg\",\"datePublished\":\"2024-03-29T20:07:00+00:00\",\"dateModified\":\"2024-03-29T20:07:03+00:00\",\"breadcrumb\":{\"@id\":\"https:\\\/\\\/nuestrostories.com\\\/es\\\/2024\\\/03\\\/para-ninos-frida-kahlo-and-the-bravest-girl-in-the-world\\\/#breadcrumb\"},\"inLanguage\":\"es\",\"potentialAction\":[{\"@type\":\"ReadAction\",\"target\":[\"https:\\\/\\\/nuestrostories.com\\\/es\\\/2024\\\/03\\\/para-ninos-frida-kahlo-and-the-bravest-girl-in-the-world\\\/\"]}]},{\"@type\":\"ImageObject\",\"inLanguage\":\"es\",\"@id\":\"https:\\\/\\\/nuestrostories.com\\\/es\\\/2024\\\/03\\\/para-ninos-frida-kahlo-and-the-bravest-girl-in-the-world\\\/#primaryimage\",\"url\":\"https:\\\/\\\/nuestrostories.com\\\/wp-content\\\/uploads\\\/2024\\\/03\\\/FridaFridayBravestGirl.jpg\",\"contentUrl\":\"https:\\\/\\\/nuestrostories.com\\\/wp-content\\\/uploads\\\/2024\\\/03\\\/FridaFridayBravestGirl.jpg\",\"width\":2000,\"height\":1125,\"caption\":\"Photo by Octavio Cardenas.\"},{\"@type\":\"BreadcrumbList\",\"@id\":\"https:\\\/\\\/nuestrostories.com\\\/es\\\/2024\\\/03\\\/para-ninos-frida-kahlo-and-the-bravest-girl-in-the-world\\\/#breadcrumb\",\"itemListElement\":[{\"@type\":\"ListItem\",\"position\":1,\"name\":\"Home\",\"item\":\"https:\\\/\\\/nuestrostories.com\\\/es\\\/\"},{\"@type\":\"ListItem\",\"position\":2,\"name\":\"Para ni\u00f1os: \u2018Frida Kahlo and the Bravest Girl in the World\u2019\"}]},{\"@type\":\"WebSite\",\"@id\":\"https:\\\/\\\/nuestrostories.com\\\/es\\\/#website\",\"url\":\"https:\\\/\\\/nuestrostories.com\\\/es\\\/\",\"name\":\"Nuestro Stories\",\"description\":\"Latino Heritage. Every Day.\",\"publisher\":{\"@id\":\"https:\\\/\\\/nuestrostories.com\\\/es\\\/#organization\"},\"potentialAction\":[{\"@type\":\"SearchAction\",\"target\":{\"@type\":\"EntryPoint\",\"urlTemplate\":\"https:\\\/\\\/nuestrostories.com\\\/es\\\/?s={search_term_string}\"},\"query-input\":{\"@type\":\"PropertyValueSpecification\",\"valueRequired\":true,\"valueName\":\"search_term_string\"}}],\"inLanguage\":\"es\"},{\"@type\":\"Organization\",\"@id\":\"https:\\\/\\\/nuestrostories.com\\\/es\\\/#organization\",\"name\":\"Nuestro Stories\",\"url\":\"https:\\\/\\\/nuestrostories.com\\\/es\\\/\",\"logo\":{\"@type\":\"ImageObject\",\"inLanguage\":\"es\",\"@id\":\"https:\\\/\\\/nuestrostories.com\\\/es\\\/#\\\/schema\\\/logo\\\/image\\\/\",\"url\":\"https:\\\/\\\/nuestrostories.com\\\/wp-content\\\/uploads\\\/2021\\\/11\\\/Nuestro-Stories-Logo.png\",\"contentUrl\":\"https:\\\/\\\/nuestrostories.com\\\/wp-content\\\/uploads\\\/2021\\\/11\\\/Nuestro-Stories-Logo.png\",\"width\":282,\"height\":118,\"caption\":\"Nuestro Stories\"},\"image\":{\"@id\":\"https:\\\/\\\/nuestrostories.com\\\/es\\\/#\\\/schema\\\/logo\\\/image\\\/\"}},{\"@type\":\"Person\",\"@id\":\"https:\\\/\\\/nuestrostories.com\\\/es\\\/#\\\/schema\\\/person\\\/dc43e0beaa8e71393bfdd7e799a4e9d8\",\"name\":\"Catherine Jones\",\"image\":{\"@type\":\"ImageObject\",\"inLanguage\":\"es\",\"@id\":\"https:\\\/\\\/nuestrostories.com\\\/wp-content\\\/uploads\\\/2023\\\/10\\\/IMG_20231112_232913-96x96.jpg\",\"url\":\"https:\\\/\\\/nuestrostories.com\\\/wp-content\\\/uploads\\\/2023\\\/10\\\/IMG_20231112_232913-96x96.jpg\",\"contentUrl\":\"https:\\\/\\\/nuestrostories.com\\\/wp-content\\\/uploads\\\/2023\\\/10\\\/IMG_20231112_232913-96x96.jpg\",\"caption\":\"Catherine Jones\"},\"description\":\"Cathy\u2019s writing has appeared in The Washington Post Magazine, USA Weekend, People, Romper.com, The Miami New Times, and dozens of other media publications and online sites. Her opinion pieces have appeared on Today.com, El Tiempo Latino, and more.\",\"url\":\"https:\\\/\\\/nuestrostories.com\\\/es\\\/author\\\/cathy\\\/\"}]}<\/script>\n<!-- \/ Yoast SEO plugin. -->","yoast_head_json":{"title":"Para ni\u00f1os: \u2018Frida Kahlo and the Bravest Girl in the World\u2019 - Nuestro Stories","robots":{"index":"index","follow":"follow","max-snippet":"max-snippet:-1","max-image-preview":"max-image-preview:large","max-video-preview":"max-video-preview:-1"},"canonical":"https:\/\/nuestrostories.com\/es\/2024\/03\/para-ninos-frida-kahlo-and-the-bravest-girl-in-the-world\/","og_locale":"es_ES","og_type":"article","og_title":"Para ni\u00f1os: \u2018Frida Kahlo and the Bravest Girl in the World\u2019 - Nuestro Stories","og_description":"Tulsa Opera est\u00e1 presentando al p\u00fablico infantil a un icono mexicano con su m\u00e1s reciente producci\u00f3n, Frida Kahlo and the Bravest Girl in the World. Forma parte de su \u201cGira Alza la Voz\u201d de 2024, con representaciones para m\u00e1s de 7,000 estudiantes de primaria. Esta \u00f3pera biling\u00fce de 45 minutos cuenta una historia inspirada en [&hellip;]","og_url":"https:\/\/nuestrostories.com\/es\/2024\/03\/para-ninos-frida-kahlo-and-the-bravest-girl-in-the-world\/","og_site_name":"Nuestro Stories","article_published_time":"2024-03-29T20:07:00+00:00","article_modified_time":"2024-03-29T20:07:03+00:00","og_image":[{"width":2000,"height":1125,"url":"https:\/\/nuestrostories.com\/wp-content\/uploads\/2024\/03\/FridaFridayBravestGirl.jpg","type":"image\/jpeg"}],"author":"Catherine Jones","twitter_card":"summary_large_image","twitter_misc":{"Escrito por":"Catherine Jones","Tiempo de lectura":"4 minutos"},"schema":{"@context":"https:\/\/schema.org","@graph":[{"@type":"Article","@id":"https:\/\/nuestrostories.com\/es\/2024\/03\/para-ninos-frida-kahlo-and-the-bravest-girl-in-the-world\/#article","isPartOf":{"@id":"https:\/\/nuestrostories.com\/es\/2024\/03\/para-ninos-frida-kahlo-and-the-bravest-girl-in-the-world\/"},"author":{"name":"Catherine Jones","@id":"https:\/\/nuestrostories.com\/es\/#\/schema\/person\/dc43e0beaa8e71393bfdd7e799a4e9d8"},"headline":"Para ni\u00f1os: \u2018Frida Kahlo and the Bravest Girl in the World\u2019","datePublished":"2024-03-29T20:07:00+00:00","dateModified":"2024-03-29T20:07:03+00:00","mainEntityOfPage":{"@id":"https:\/\/nuestrostories.com\/es\/2024\/03\/para-ninos-frida-kahlo-and-the-bravest-girl-in-the-world\/"},"wordCount":874,"publisher":{"@id":"https:\/\/nuestrostories.com\/es\/#organization"},"image":{"@id":"https:\/\/nuestrostories.com\/es\/2024\/03\/para-ninos-frida-kahlo-and-the-bravest-girl-in-the-world\/#primaryimage"},"thumbnailUrl":"https:\/\/nuestrostories.com\/wp-content\/uploads\/2024\/03\/FridaFridayBravestGirl.jpg","articleSection":["Sin categorizar"],"inLanguage":"es"},{"@type":"WebPage","@id":"https:\/\/nuestrostories.com\/es\/2024\/03\/para-ninos-frida-kahlo-and-the-bravest-girl-in-the-world\/","url":"https:\/\/nuestrostories.com\/es\/2024\/03\/para-ninos-frida-kahlo-and-the-bravest-girl-in-the-world\/","name":"Para ni\u00f1os: \u2018Frida Kahlo and the Bravest Girl in the World\u2019 - Nuestro Stories","isPartOf":{"@id":"https:\/\/nuestrostories.com\/es\/#website"},"primaryImageOfPage":{"@id":"https:\/\/nuestrostories.com\/es\/2024\/03\/para-ninos-frida-kahlo-and-the-bravest-girl-in-the-world\/#primaryimage"},"image":{"@id":"https:\/\/nuestrostories.com\/es\/2024\/03\/para-ninos-frida-kahlo-and-the-bravest-girl-in-the-world\/#primaryimage"},"thumbnailUrl":"https:\/\/nuestrostories.com\/wp-content\/uploads\/2024\/03\/FridaFridayBravestGirl.jpg","datePublished":"2024-03-29T20:07:00+00:00","dateModified":"2024-03-29T20:07:03+00:00","breadcrumb":{"@id":"https:\/\/nuestrostories.com\/es\/2024\/03\/para-ninos-frida-kahlo-and-the-bravest-girl-in-the-world\/#breadcrumb"},"inLanguage":"es","potentialAction":[{"@type":"ReadAction","target":["https:\/\/nuestrostories.com\/es\/2024\/03\/para-ninos-frida-kahlo-and-the-bravest-girl-in-the-world\/"]}]},{"@type":"ImageObject","inLanguage":"es","@id":"https:\/\/nuestrostories.com\/es\/2024\/03\/para-ninos-frida-kahlo-and-the-bravest-girl-in-the-world\/#primaryimage","url":"https:\/\/nuestrostories.com\/wp-content\/uploads\/2024\/03\/FridaFridayBravestGirl.jpg","contentUrl":"https:\/\/nuestrostories.com\/wp-content\/uploads\/2024\/03\/FridaFridayBravestGirl.jpg","width":2000,"height":1125,"caption":"Photo by Octavio Cardenas."},{"@type":"BreadcrumbList","@id":"https:\/\/nuestrostories.com\/es\/2024\/03\/para-ninos-frida-kahlo-and-the-bravest-girl-in-the-world\/#breadcrumb","itemListElement":[{"@type":"ListItem","position":1,"name":"Home","item":"https:\/\/nuestrostories.com\/es\/"},{"@type":"ListItem","position":2,"name":"Para ni\u00f1os: \u2018Frida Kahlo and the Bravest Girl in the World\u2019"}]},{"@type":"WebSite","@id":"https:\/\/nuestrostories.com\/es\/#website","url":"https:\/\/nuestrostories.com\/es\/","name":"Nuestro Stories","description":"Latino Heritage. Every Day.","publisher":{"@id":"https:\/\/nuestrostories.com\/es\/#organization"},"potentialAction":[{"@type":"SearchAction","target":{"@type":"EntryPoint","urlTemplate":"https:\/\/nuestrostories.com\/es\/?s={search_term_string}"},"query-input":{"@type":"PropertyValueSpecification","valueRequired":true,"valueName":"search_term_string"}}],"inLanguage":"es"},{"@type":"Organization","@id":"https:\/\/nuestrostories.com\/es\/#organization","name":"Nuestro Stories","url":"https:\/\/nuestrostories.com\/es\/","logo":{"@type":"ImageObject","inLanguage":"es","@id":"https:\/\/nuestrostories.com\/es\/#\/schema\/logo\/image\/","url":"https:\/\/nuestrostories.com\/wp-content\/uploads\/2021\/11\/Nuestro-Stories-Logo.png","contentUrl":"https:\/\/nuestrostories.com\/wp-content\/uploads\/2021\/11\/Nuestro-Stories-Logo.png","width":282,"height":118,"caption":"Nuestro Stories"},"image":{"@id":"https:\/\/nuestrostories.com\/es\/#\/schema\/logo\/image\/"}},{"@type":"Person","@id":"https:\/\/nuestrostories.com\/es\/#\/schema\/person\/dc43e0beaa8e71393bfdd7e799a4e9d8","name":"Catherine Jones","image":{"@type":"ImageObject","inLanguage":"es","@id":"https:\/\/nuestrostories.com\/wp-content\/uploads\/2023\/10\/IMG_20231112_232913-96x96.jpg","url":"https:\/\/nuestrostories.com\/wp-content\/uploads\/2023\/10\/IMG_20231112_232913-96x96.jpg","contentUrl":"https:\/\/nuestrostories.com\/wp-content\/uploads\/2023\/10\/IMG_20231112_232913-96x96.jpg","caption":"Catherine Jones"},"description":"Cathy\u2019s writing has appeared in The Washington Post Magazine, USA Weekend, People, Romper.com, The Miami New Times, and dozens of other media publications and online sites. Her opinion pieces have appeared on Today.com, El Tiempo Latino, and more.","url":"https:\/\/nuestrostories.com\/es\/author\/cathy\/"}]}},"_links":{"self":[{"href":"https:\/\/nuestrostories.com\/es\/wp-json\/wp\/v2\/posts\/17812","targetHints":{"allow":["GET"]}}],"collection":[{"href":"https:\/\/nuestrostories.com\/es\/wp-json\/wp\/v2\/posts"}],"about":[{"href":"https:\/\/nuestrostories.com\/es\/wp-json\/wp\/v2\/types\/post"}],"author":[{"embeddable":true,"href":"https:\/\/nuestrostories.com\/es\/wp-json\/wp\/v2\/users\/6"}],"replies":[{"embeddable":true,"href":"https:\/\/nuestrostories.com\/es\/wp-json\/wp\/v2\/comments?post=17812"}],"version-history":[{"count":1,"href":"https:\/\/nuestrostories.com\/es\/wp-json\/wp\/v2\/posts\/17812\/revisions"}],"predecessor-version":[{"id":17813,"href":"https:\/\/nuestrostories.com\/es\/wp-json\/wp\/v2\/posts\/17812\/revisions\/17813"}],"wp:featuredmedia":[{"embeddable":true,"href":"https:\/\/nuestrostories.com\/es\/wp-json\/wp\/v2\/media\/17778"}],"wp:attachment":[{"href":"https:\/\/nuestrostories.com\/es\/wp-json\/wp\/v2\/media?parent=17812"}],"wp:term":[{"taxonomy":"category","embeddable":true,"href":"https:\/\/nuestrostories.com\/es\/wp-json\/wp\/v2\/categories?post=17812"},{"taxonomy":"post_tag","embeddable":true,"href":"https:\/\/nuestrostories.com\/es\/wp-json\/wp\/v2\/tags?post=17812"}],"curies":[{"name":"wp","href":"https:\/\/api.w.org\/{rel}","templated":true}]}}