{"id":18379,"date":"2024-04-15T10:48:11","date_gmt":"2024-04-15T15:48:11","guid":{"rendered":"https:\/\/nuestrostories.com\/?p=18379"},"modified":"2024-04-16T09:58:39","modified_gmt":"2024-04-16T14:58:39","slug":"la-musica-latina-domina-coachella-2024","status":"publish","type":"post","link":"https:\/\/nuestrostories.com\/es\/2024\/04\/la-musica-latina-domina-coachella-2024\/","title":{"rendered":"La m\u00fasica latina domina Coachella 2024"},"content":{"rendered":"\n<p>El desierto de California vuelve a vibrar con la m\u00fasica desde que Coachella 2024 arranc\u00f3 el viernes 12 de abril. Este a\u00f1o se celebra el 25 aniversario del festival, con un cartel que mezcla g\u00e9neros e idiomas. Con ocho escenarios principales y m\u00e1s de 125 000 asistentes diarios, es el mayor festival anual de m\u00fasica del mundo y este a\u00f1o la m\u00fasica latina lo domina.<\/p>\n\n\n\n<h2 class=\"wp-block-heading\"><strong><strong>La m\u00fasica y los artistas latinos dominan Coachella<\/strong><\/strong><\/h2>\n\n\n\n<p>La edici\u00f3n de este a\u00f1o de <a href=\"https:\/\/nuestrostories.com\/2023\/05\/becky-g-to-coachella-latino-community\/\">Coachella<\/a> ya es noticia por su impresionante lista de artistas latinos y de habla hispana. Desde reggaet\u00f3n hasta <em>indie rock<\/em>, los artistas est\u00e1n haciendo arder los escenarios del desierto. Estas son solo algunas de las superestrellas de la m\u00fasica latina que han arrasado en Coachella hasta ahora:<\/p>\n\n\n\n<p><strong>Peso Pluma<\/strong><\/p>\n\n\n\n<p>Despu\u00e9s de sorprendernos durante la actuaci\u00f3n de <a href=\"https:\/\/youtu.be\/N2tnnRHoKhQ?si=ESWlVaCIaD20Jm2O\">Becky G<\/a> el a\u00f1o pasado, Peso Pluma vuelve a Coachella, esta vez con su propia actuaci\u00f3n. Luego de darle las gracias a Becky G, la invit\u00f3 a subir al escenario para cantar con \u00e9l este a\u00f1o.<\/p>\n\n\n\n<figure class=\"wp-block-embed is-type-video is-provider-youtube wp-block-embed-youtube wp-embed-aspect-16-9 wp-has-aspect-ratio\"><div class=\"wp-block-embed__wrapper\">\n<iframe loading=\"lazy\" title=\"Peso Pluma Coachella - Lady Gaga (En Vivo) Epic Intro\" width=\"800\" height=\"450\" src=\"https:\/\/www.youtube.com\/embed\/nJl9rpOaFnU?feature=oembed\" frameborder=\"0\" allow=\"accelerometer; autoplay; clipboard-write; encrypted-media; gyroscope; picture-in-picture; web-share\" referrerpolicy=\"strict-origin-when-cross-origin\" allowfullscreen><\/iframe>\n<\/div><\/figure>\n\n\n\n<p><strong>Bizarrap<\/strong><\/p>\n\n\n\n<p>El cantante argentino Bizarrap hizo historia al pisar por primera vez el escenario de Coachella. Sus ritmos cautivaron al p\u00fablico.<\/p>\n\n\n\n<figure class=\"wp-block-embed is-type-video is-provider-youtube wp-block-embed-youtube wp-embed-aspect-16-9 wp-has-aspect-ratio\"><div class=\"wp-block-embed__wrapper\">\nhttps:\/\/youtu.be\/TocRpV3LRWE?si=9syfCedEDDMSRC7H\n<\/div><\/figure>\n\n\n\n<p><strong>Shakira<\/strong><\/p>\n\n\n\n<p>Una de las mayores sorpresas del festival de este a\u00f1o fue cuando Shakira interrumpi\u00f3 la sesi\u00f3n de Bizarrap. En la pantalla se le\u00eda \u00abLa loba se viene\u00bb mientras aparec\u00eda aullando como una loba ante el micr\u00f3fono. Dio las gracias a Bizarrap por invitarla, cant\u00f3 su \u00e9xito n\u00famero uno <em>Pa&#8217; tipos como t\u00fa<\/em> y anunci\u00f3 su gira de conciertos \u00abLas mujeres ya no lloran\u00bb para 2024.<\/p>\n\n\n\n<figure class=\"wp-block-embed is-type-video is-provider-youtube wp-block-embed-youtube wp-embed-aspect-16-9 wp-has-aspect-ratio\"><div class=\"wp-block-embed__wrapper\">\nhttps:\/\/youtu.be\/gKCZAu_E55M?si=cEUl7yrW5zteJ5Fn\n<\/div><\/figure>\n\n\n\n<p><strong>Young Miko<\/strong><\/p>\n\n\n\n<p>La estrella puertorrique\u00f1a del reggaet\u00f3n Young Miko debut\u00f3 el viernes en Coachella. El p\u00fablico cant\u00f3 y rape\u00f3 en espa\u00f1ol junto a la joven estrella.<\/p>\n\n\n\n<figure class=\"wp-block-embed is-type-video is-provider-youtube wp-block-embed-youtube wp-embed-aspect-16-9 wp-has-aspect-ratio\"><div class=\"wp-block-embed__wrapper\">\nhttps:\/\/youtu.be\/r3rgfYoBzwM?si=Xskl3xjlBgtSt4uO\n<\/div><\/figure>\n\n\n\n<p><strong>Carin Le\u00f3n<\/strong><\/p>\n\n\n\n<p>El artista mexicano Carin Le\u00f3n tambi\u00e9n hizo su debut en Coachella, a\u00f1adiendo su toque de m\u00fasica regional mexicana a la mezcla. Le ofreci\u00f3 una serenata al p\u00fablico en espa\u00f1ol con sus letras sentidas y sus melod\u00edas conmovedoras.<\/p>\n\n\n\n<figure class=\"wp-block-embed is-type-video is-provider-youtube wp-block-embed-youtube wp-embed-aspect-16-9 wp-has-aspect-ratio\"><div class=\"wp-block-embed__wrapper\">\nhttps:\/\/youtu.be\/rGlD1aza_0k?si=lslTy5FAmNQCOs\u2013\n<\/div><\/figure>\n\n\n\n<p><strong>Feid<\/strong><\/p>\n\n\n\n<p>El cantante, compositor y productor discogr\u00e1fico colombiano Feid cautiv\u00f3 al p\u00fablico de Coachella durante su actuaci\u00f3n, en la que dedic\u00f3 un homenaje especial a Karol G al ponerse una camiseta con su nombre.<\/p>\n\n\n\n<figure class=\"wp-block-embed is-type-video is-provider-youtube wp-block-embed-youtube wp-embed-aspect-16-9 wp-has-aspect-ratio\"><div class=\"wp-block-embed__wrapper\">\nhttps:\/\/youtu.be\/GKfCAVck_DU?si=2zfQBNKm5qddYAf0\n<\/div><figcaption class=\"wp-element-caption\"><br><strong>Ice Spice<\/strong><br><br>El repertorio de la rapera dominicanonigeriana nominada a los Grammy fue una monta\u00f1a rusa de energ\u00eda, en la que mezcl\u00f3 sus \u00e9xitos con sorprendentes versiones y temas in\u00e9ditos. La reacci\u00f3n de la cantante Taylor Swift a la versi\u00f3n de Ice Spice de <em>Karma<\/em> ya ha saltado a los titulares de la prensa del espect\u00e1culo y es viral en las redes sociales.<br><\/figcaption><\/figure>\n\n\n\n<figure class=\"wp-block-embed is-type-video is-provider-youtube wp-block-embed-youtube wp-embed-aspect-16-9 wp-has-aspect-ratio\"><div class=\"wp-block-embed__wrapper\">\n<iframe loading=\"lazy\" title=\"Ice Spice Coachella 2024 Sahara Tent  | Coachella 2024 Weekend 1\" width=\"800\" height=\"450\" src=\"https:\/\/www.youtube.com\/embed\/DSmv14mJfO0?feature=oembed\" frameborder=\"0\" allow=\"accelerometer; autoplay; clipboard-write; encrypted-media; gyroscope; picture-in-picture; web-share\" referrerpolicy=\"strict-origin-when-cross-origin\" allowfullscreen><\/iframe>\n<\/div><\/figure>\n\n\n\n<p><strong>J Balvin<\/strong><\/p>\n\n\n\n<p>La superestrella colombiana J Balvin engalana Coachella una vez m\u00e1s, marcando su gran regreso desde su primera aparici\u00f3n en 2019. Esta vez, subi\u00f3 al escenario con el invitado sorpresa Will Smith, quien cant\u00f3 su \u00e9xito de 1997 <em>The Men in Black<\/em>.<\/p>\n\n\n\n<figure class=\"wp-block-embed is-type-video is-provider-youtube wp-block-embed-youtube wp-embed-aspect-16-9 wp-has-aspect-ratio\"><div class=\"wp-block-embed__wrapper\">\nhttps:\/\/youtube.com\/shorts\/HHEAQ4ye1aw?si=KCpG43SUn_7emKdY\n<\/div><\/figure>\n\n\n\n<h2 class=\"wp-block-heading\"><strong><strong>Una mirada al pasado: los cabezas de cartel latinos en Coachella<\/strong><\/strong><\/h2>\n\n\n\n<p>El Festival de M\u00fasica y Artes del Valle de Coachella, com\u00fanmente conocido como Coachella, fue fundado en 1999 por Paul Tollett y Rick Van Santen. Se celebra anualmente en el desierto de California, cerca de la ciudad de Indio. En sus primeros a\u00f1os, Coachella ofrec\u00eda principalmente actuaciones de <em>rock<\/em>, m\u00fasica alternativa y electr\u00f3nica; sin embargo, a medida que el festival evolucion\u00f3, empez\u00f3 a presentar un cartel m\u00e1s diverso.&nbsp;<\/p>\n\n\n\n<p>Y la representaci\u00f3n latina no es nada nuevo en Coachella. De hecho, los latinos han estado en el escenario del festival desde el primer d\u00eda.&nbsp;<\/p>\n\n\n\n<p><strong>Zack de la Rocha<\/strong><\/p>\n\n\n\n<p>Aunque a Bad Bunny se le atribuye ser el primer artista latino en encabezar Coachella, Zack de la Rocha fue el primer latino en actuar en el festival musical en 1999, el a\u00f1o de su debut.<\/p>\n\n\n\n<p>\u00abLa actuaci\u00f3n de Zack de la Rocha como cabeza de cartel en 1999 marc\u00f3 un momento crucial para la representaci\u00f3n latina en Coachella\u00bb, escribi\u00f3 <a href=\"https:\/\/www.hola.com\/us\/entertainment\/20240412358668\/latino-legacy-at-coachella-\/\">Hola<\/a>. \u00abComo l\u00edder de Rage Against the Machine, de la Rocha llev\u00f3 su ardiente energ\u00eda y sus letras cargadas de contenido pol\u00edtico al escenario del desierto, cautivando al p\u00fablico y consolidando su lugar en la historia de la m\u00fasica. Su presencia como primer cabeza de cartel latino sent\u00f3 las bases para que futuras generaciones de artistas latinos brillaran en Coachella\u00bb.<\/p>\n\n\n\n<figure class=\"wp-block-embed is-type-video is-provider-youtube wp-block-embed-youtube wp-embed-aspect-16-9 wp-has-aspect-ratio\"><div class=\"wp-block-embed__wrapper\">\n<iframe loading=\"lazy\" title=\"Rage Against The Machine | Live At Coachella | 1999 | Full Concert\" width=\"800\" height=\"450\" src=\"https:\/\/www.youtube.com\/embed\/_Tx5jI_lLnw?feature=oembed\" frameborder=\"0\" allow=\"accelerometer; autoplay; clipboard-write; encrypted-media; gyroscope; picture-in-picture; web-share\" referrerpolicy=\"strict-origin-when-cross-origin\" allowfullscreen><\/iframe>\n<\/div><\/figure>\n\n\n\n<p><strong>Bad Bunny<\/strong><\/p>\n\n\n\n<p>La estrella internacional puertorrique\u00f1a fue cabeza de cartel de Coachella en 2023. Su actuaci\u00f3n hizo que el p\u00fablico gritara las letras de m\u00e1s de una docena de sus \u00e9xitos, desde <em>Titi me pregunt\u00f3<\/em> a <em>Te bot\u00e9<\/em> o <em>Despu\u00e9s de la playa<\/em>.<\/p>\n\n\n\n<figure class=\"wp-block-embed is-type-video is-provider-youtube wp-block-embed-youtube wp-embed-aspect-16-9 wp-has-aspect-ratio\"><div class=\"wp-block-embed__wrapper\">\n<iframe loading=\"lazy\" title=\"Bad Bunny Coachella 2023 | Weekend 1\" width=\"800\" height=\"450\" src=\"https:\/\/www.youtube.com\/embed\/tsh0gg2w0Vw?feature=oembed\" frameborder=\"0\" allow=\"accelerometer; autoplay; clipboard-write; encrypted-media; gyroscope; picture-in-picture; web-share\" referrerpolicy=\"strict-origin-when-cross-origin\" allowfullscreen><\/iframe>\n<\/div><\/figure>\n\n\n\n<p><strong>Karol G<\/strong><\/p>\n\n\n\n<p>Una de nuestras actuaciones favoritas de Coachella es la que protagoniz\u00f3 Karol G en 2022, con un homenaje a los \u00e9xitos n\u00famero uno de artistas latinos a lo largo de las d\u00e9cadas. Desde <em>Flor<\/em> de Selena hasta <em>La macarena<\/em> o <em>Despacito<\/em> de Luis Fonsi, Karol G hizo bailar y cantar al p\u00fablico en espa\u00f1ol.<\/p>\n\n\n\n<figure class=\"wp-block-embed is-type-video is-provider-youtube wp-block-embed-youtube wp-embed-aspect-16-9 wp-has-aspect-ratio\"><div class=\"wp-block-embed__wrapper\">\n<iframe loading=\"lazy\" title=\"KAROL G Live Coachella 2022 - Tusa, Gasolina, Selena, Shakira, Macarena\" width=\"800\" height=\"450\" src=\"https:\/\/www.youtube.com\/embed\/EmwghMgGsHU?feature=oembed\" frameborder=\"0\" allow=\"accelerometer; autoplay; clipboard-write; encrypted-media; gyroscope; picture-in-picture; web-share\" referrerpolicy=\"strict-origin-when-cross-origin\" allowfullscreen><\/iframe>\n<\/div><\/figure>\n","protected":false},"excerpt":{"rendered":"<p>El desierto de California vuelve a vibrar con la m\u00fasica desde que Coachella 2024 arranc\u00f3 el viernes 12 de abril. Este a\u00f1o se celebra el 25 aniversario del festival, con un cartel que mezcla g\u00e9neros e idiomas. Con ocho escenarios principales y m\u00e1s de 125 000 asistentes diarios, es el mayor festival anual de m\u00fasica [&hellip;]<\/p>\n","protected":false},"author":15,"featured_media":18344,"comment_status":"closed","ping_status":"closed","sticky":false,"template":"","format":"standard","meta":{"_acf_changed":false,"footnotes":""},"categories":[1286],"tags":[],"class_list":["post-18379","post","type-post","status-publish","format-standard","has-post-thumbnail","hentry","category-that-latino-song-es"],"acf":[],"yoast_head":"<!-- This site is optimized with the Yoast SEO plugin v27.3 - https:\/\/yoast.com\/product\/yoast-seo-wordpress\/ -->\n<title>La m\u00fasica latina domina Coachella 2024 - Nuestro Stories<\/title>\n<meta name=\"robots\" content=\"index, follow, max-snippet:-1, max-image-preview:large, max-video-preview:-1\" \/>\n<link rel=\"canonical\" href=\"https:\/\/nuestrostories.com\/es\/2024\/04\/la-musica-latina-domina-coachella-2024\/\" \/>\n<meta property=\"og:locale\" content=\"es_ES\" \/>\n<meta property=\"og:type\" content=\"article\" \/>\n<meta property=\"og:title\" content=\"La m\u00fasica latina domina Coachella 2024 - Nuestro Stories\" \/>\n<meta property=\"og:description\" content=\"El desierto de California vuelve a vibrar con la m\u00fasica desde que Coachella 2024 arranc\u00f3 el viernes 12 de abril. Este a\u00f1o se celebra el 25 aniversario del festival, con un cartel que mezcla g\u00e9neros e idiomas. Con ocho escenarios principales y m\u00e1s de 125 000 asistentes diarios, es el mayor festival anual de m\u00fasica [&hellip;]\" \/>\n<meta property=\"og:url\" content=\"https:\/\/nuestrostories.com\/es\/2024\/04\/la-musica-latina-domina-coachella-2024\/\" \/>\n<meta property=\"og:site_name\" content=\"Nuestro Stories\" \/>\n<meta property=\"article:published_time\" content=\"2024-04-15T15:48:11+00:00\" \/>\n<meta property=\"article:modified_time\" content=\"2024-04-16T14:58:39+00:00\" \/>\n<meta property=\"og:image\" content=\"https:\/\/nuestrostories.com\/wp-content\/uploads\/2024\/04\/Coachella2024.jpg\" \/>\n\t<meta property=\"og:image:width\" content=\"2000\" \/>\n\t<meta property=\"og:image:height\" content=\"1125\" \/>\n\t<meta property=\"og:image:type\" content=\"image\/jpeg\" \/>\n<meta name=\"author\" content=\"Sofia Jones\" \/>\n<meta name=\"twitter:card\" content=\"summary_large_image\" \/>\n<meta name=\"twitter:label1\" content=\"Escrito por\" \/>\n\t<meta name=\"twitter:data1\" content=\"Sofia Jones\" \/>\n\t<meta name=\"twitter:label2\" content=\"Tiempo de lectura\" \/>\n\t<meta name=\"twitter:data2\" content=\"4 minutos\" \/>\n<script type=\"application\/ld+json\" class=\"yoast-schema-graph\">{\"@context\":\"https:\\\/\\\/schema.org\",\"@graph\":[{\"@type\":\"Article\",\"@id\":\"https:\\\/\\\/nuestrostories.com\\\/es\\\/2024\\\/04\\\/la-musica-latina-domina-coachella-2024\\\/#article\",\"isPartOf\":{\"@id\":\"https:\\\/\\\/nuestrostories.com\\\/es\\\/2024\\\/04\\\/la-musica-latina-domina-coachella-2024\\\/\"},\"author\":{\"name\":\"Sofia Jones\",\"@id\":\"https:\\\/\\\/nuestrostories.com\\\/es\\\/#\\\/schema\\\/person\\\/f7bdc8938bd660adb03324112709fb5a\"},\"headline\":\"La m\u00fasica latina domina Coachella 2024\",\"datePublished\":\"2024-04-15T15:48:11+00:00\",\"dateModified\":\"2024-04-16T14:58:39+00:00\",\"mainEntityOfPage\":{\"@id\":\"https:\\\/\\\/nuestrostories.com\\\/es\\\/2024\\\/04\\\/la-musica-latina-domina-coachella-2024\\\/\"},\"wordCount\":962,\"publisher\":{\"@id\":\"https:\\\/\\\/nuestrostories.com\\\/es\\\/#organization\"},\"image\":{\"@id\":\"https:\\\/\\\/nuestrostories.com\\\/es\\\/2024\\\/04\\\/la-musica-latina-domina-coachella-2024\\\/#primaryimage\"},\"thumbnailUrl\":\"https:\\\/\\\/nuestrostories.com\\\/wp-content\\\/uploads\\\/2024\\\/04\\\/Coachella2024.jpg\",\"articleSection\":[\"THAT LATINO SONG\"],\"inLanguage\":\"es\"},{\"@type\":\"WebPage\",\"@id\":\"https:\\\/\\\/nuestrostories.com\\\/es\\\/2024\\\/04\\\/la-musica-latina-domina-coachella-2024\\\/\",\"url\":\"https:\\\/\\\/nuestrostories.com\\\/es\\\/2024\\\/04\\\/la-musica-latina-domina-coachella-2024\\\/\",\"name\":\"La m\u00fasica latina domina Coachella 2024 - Nuestro Stories\",\"isPartOf\":{\"@id\":\"https:\\\/\\\/nuestrostories.com\\\/es\\\/#website\"},\"primaryImageOfPage\":{\"@id\":\"https:\\\/\\\/nuestrostories.com\\\/es\\\/2024\\\/04\\\/la-musica-latina-domina-coachella-2024\\\/#primaryimage\"},\"image\":{\"@id\":\"https:\\\/\\\/nuestrostories.com\\\/es\\\/2024\\\/04\\\/la-musica-latina-domina-coachella-2024\\\/#primaryimage\"},\"thumbnailUrl\":\"https:\\\/\\\/nuestrostories.com\\\/wp-content\\\/uploads\\\/2024\\\/04\\\/Coachella2024.jpg\",\"datePublished\":\"2024-04-15T15:48:11+00:00\",\"dateModified\":\"2024-04-16T14:58:39+00:00\",\"breadcrumb\":{\"@id\":\"https:\\\/\\\/nuestrostories.com\\\/es\\\/2024\\\/04\\\/la-musica-latina-domina-coachella-2024\\\/#breadcrumb\"},\"inLanguage\":\"es\",\"potentialAction\":[{\"@type\":\"ReadAction\",\"target\":[\"https:\\\/\\\/nuestrostories.com\\\/es\\\/2024\\\/04\\\/la-musica-latina-domina-coachella-2024\\\/\"]}]},{\"@type\":\"ImageObject\",\"inLanguage\":\"es\",\"@id\":\"https:\\\/\\\/nuestrostories.com\\\/es\\\/2024\\\/04\\\/la-musica-latina-domina-coachella-2024\\\/#primaryimage\",\"url\":\"https:\\\/\\\/nuestrostories.com\\\/wp-content\\\/uploads\\\/2024\\\/04\\\/Coachella2024.jpg\",\"contentUrl\":\"https:\\\/\\\/nuestrostories.com\\\/wp-content\\\/uploads\\\/2024\\\/04\\\/Coachella2024.jpg\",\"width\":2000,\"height\":1125,\"caption\":\"Coachella\"},{\"@type\":\"BreadcrumbList\",\"@id\":\"https:\\\/\\\/nuestrostories.com\\\/es\\\/2024\\\/04\\\/la-musica-latina-domina-coachella-2024\\\/#breadcrumb\",\"itemListElement\":[{\"@type\":\"ListItem\",\"position\":1,\"name\":\"Home\",\"item\":\"https:\\\/\\\/nuestrostories.com\\\/es\\\/\"},{\"@type\":\"ListItem\",\"position\":2,\"name\":\"La m\u00fasica latina domina Coachella 2024\"}]},{\"@type\":\"WebSite\",\"@id\":\"https:\\\/\\\/nuestrostories.com\\\/es\\\/#website\",\"url\":\"https:\\\/\\\/nuestrostories.com\\\/es\\\/\",\"name\":\"Nuestro Stories\",\"description\":\"Latino Heritage. Every Day.\",\"publisher\":{\"@id\":\"https:\\\/\\\/nuestrostories.com\\\/es\\\/#organization\"},\"potentialAction\":[{\"@type\":\"SearchAction\",\"target\":{\"@type\":\"EntryPoint\",\"urlTemplate\":\"https:\\\/\\\/nuestrostories.com\\\/es\\\/?s={search_term_string}\"},\"query-input\":{\"@type\":\"PropertyValueSpecification\",\"valueRequired\":true,\"valueName\":\"search_term_string\"}}],\"inLanguage\":\"es\"},{\"@type\":\"Organization\",\"@id\":\"https:\\\/\\\/nuestrostories.com\\\/es\\\/#organization\",\"name\":\"Nuestro Stories\",\"url\":\"https:\\\/\\\/nuestrostories.com\\\/es\\\/\",\"logo\":{\"@type\":\"ImageObject\",\"inLanguage\":\"es\",\"@id\":\"https:\\\/\\\/nuestrostories.com\\\/es\\\/#\\\/schema\\\/logo\\\/image\\\/\",\"url\":\"https:\\\/\\\/nuestrostories.com\\\/wp-content\\\/uploads\\\/2021\\\/11\\\/Nuestro-Stories-Logo.png\",\"contentUrl\":\"https:\\\/\\\/nuestrostories.com\\\/wp-content\\\/uploads\\\/2021\\\/11\\\/Nuestro-Stories-Logo.png\",\"width\":282,\"height\":118,\"caption\":\"Nuestro Stories\"},\"image\":{\"@id\":\"https:\\\/\\\/nuestrostories.com\\\/es\\\/#\\\/schema\\\/logo\\\/image\\\/\"}},{\"@type\":\"Person\",\"@id\":\"https:\\\/\\\/nuestrostories.com\\\/es\\\/#\\\/schema\\\/person\\\/f7bdc8938bd660adb03324112709fb5a\",\"name\":\"Sofia Jones\",\"image\":{\"@type\":\"ImageObject\",\"inLanguage\":\"es\",\"@id\":\"https:\\\/\\\/nuestrostories.com\\\/wp-content\\\/uploads\\\/2023\\\/05\\\/Sofia-Jones-Nuestro-Stories-Writer-Image-150x150.png\",\"url\":\"https:\\\/\\\/nuestrostories.com\\\/wp-content\\\/uploads\\\/2023\\\/05\\\/Sofia-Jones-Nuestro-Stories-Writer-Image-150x150.png\",\"contentUrl\":\"https:\\\/\\\/nuestrostories.com\\\/wp-content\\\/uploads\\\/2023\\\/05\\\/Sofia-Jones-Nuestro-Stories-Writer-Image-150x150.png\",\"caption\":\"Sofia Jones\"},\"description\":\"When Sofia Jones is not interviewing Latinx stars for her iHeartRadio podcast, she can be found fostering (and cuddling with) cute small dogs for a South Florida animal rescue nonprofit.\",\"url\":\"https:\\\/\\\/nuestrostories.com\\\/es\\\/author\\\/sofia-jones\\\/\"}]}<\/script>\n<!-- \/ Yoast SEO plugin. -->","yoast_head_json":{"title":"La m\u00fasica latina domina Coachella 2024 - Nuestro Stories","robots":{"index":"index","follow":"follow","max-snippet":"max-snippet:-1","max-image-preview":"max-image-preview:large","max-video-preview":"max-video-preview:-1"},"canonical":"https:\/\/nuestrostories.com\/es\/2024\/04\/la-musica-latina-domina-coachella-2024\/","og_locale":"es_ES","og_type":"article","og_title":"La m\u00fasica latina domina Coachella 2024 - Nuestro Stories","og_description":"El desierto de California vuelve a vibrar con la m\u00fasica desde que Coachella 2024 arranc\u00f3 el viernes 12 de abril. Este a\u00f1o se celebra el 25 aniversario del festival, con un cartel que mezcla g\u00e9neros e idiomas. Con ocho escenarios principales y m\u00e1s de 125 000 asistentes diarios, es el mayor festival anual de m\u00fasica [&hellip;]","og_url":"https:\/\/nuestrostories.com\/es\/2024\/04\/la-musica-latina-domina-coachella-2024\/","og_site_name":"Nuestro Stories","article_published_time":"2024-04-15T15:48:11+00:00","article_modified_time":"2024-04-16T14:58:39+00:00","og_image":[{"width":2000,"height":1125,"url":"https:\/\/nuestrostories.com\/wp-content\/uploads\/2024\/04\/Coachella2024.jpg","type":"image\/jpeg"}],"author":"Sofia Jones","twitter_card":"summary_large_image","twitter_misc":{"Escrito por":"Sofia Jones","Tiempo de lectura":"4 minutos"},"schema":{"@context":"https:\/\/schema.org","@graph":[{"@type":"Article","@id":"https:\/\/nuestrostories.com\/es\/2024\/04\/la-musica-latina-domina-coachella-2024\/#article","isPartOf":{"@id":"https:\/\/nuestrostories.com\/es\/2024\/04\/la-musica-latina-domina-coachella-2024\/"},"author":{"name":"Sofia Jones","@id":"https:\/\/nuestrostories.com\/es\/#\/schema\/person\/f7bdc8938bd660adb03324112709fb5a"},"headline":"La m\u00fasica latina domina Coachella 2024","datePublished":"2024-04-15T15:48:11+00:00","dateModified":"2024-04-16T14:58:39+00:00","mainEntityOfPage":{"@id":"https:\/\/nuestrostories.com\/es\/2024\/04\/la-musica-latina-domina-coachella-2024\/"},"wordCount":962,"publisher":{"@id":"https:\/\/nuestrostories.com\/es\/#organization"},"image":{"@id":"https:\/\/nuestrostories.com\/es\/2024\/04\/la-musica-latina-domina-coachella-2024\/#primaryimage"},"thumbnailUrl":"https:\/\/nuestrostories.com\/wp-content\/uploads\/2024\/04\/Coachella2024.jpg","articleSection":["THAT LATINO SONG"],"inLanguage":"es"},{"@type":"WebPage","@id":"https:\/\/nuestrostories.com\/es\/2024\/04\/la-musica-latina-domina-coachella-2024\/","url":"https:\/\/nuestrostories.com\/es\/2024\/04\/la-musica-latina-domina-coachella-2024\/","name":"La m\u00fasica latina domina Coachella 2024 - Nuestro Stories","isPartOf":{"@id":"https:\/\/nuestrostories.com\/es\/#website"},"primaryImageOfPage":{"@id":"https:\/\/nuestrostories.com\/es\/2024\/04\/la-musica-latina-domina-coachella-2024\/#primaryimage"},"image":{"@id":"https:\/\/nuestrostories.com\/es\/2024\/04\/la-musica-latina-domina-coachella-2024\/#primaryimage"},"thumbnailUrl":"https:\/\/nuestrostories.com\/wp-content\/uploads\/2024\/04\/Coachella2024.jpg","datePublished":"2024-04-15T15:48:11+00:00","dateModified":"2024-04-16T14:58:39+00:00","breadcrumb":{"@id":"https:\/\/nuestrostories.com\/es\/2024\/04\/la-musica-latina-domina-coachella-2024\/#breadcrumb"},"inLanguage":"es","potentialAction":[{"@type":"ReadAction","target":["https:\/\/nuestrostories.com\/es\/2024\/04\/la-musica-latina-domina-coachella-2024\/"]}]},{"@type":"ImageObject","inLanguage":"es","@id":"https:\/\/nuestrostories.com\/es\/2024\/04\/la-musica-latina-domina-coachella-2024\/#primaryimage","url":"https:\/\/nuestrostories.com\/wp-content\/uploads\/2024\/04\/Coachella2024.jpg","contentUrl":"https:\/\/nuestrostories.com\/wp-content\/uploads\/2024\/04\/Coachella2024.jpg","width":2000,"height":1125,"caption":"Coachella"},{"@type":"BreadcrumbList","@id":"https:\/\/nuestrostories.com\/es\/2024\/04\/la-musica-latina-domina-coachella-2024\/#breadcrumb","itemListElement":[{"@type":"ListItem","position":1,"name":"Home","item":"https:\/\/nuestrostories.com\/es\/"},{"@type":"ListItem","position":2,"name":"La m\u00fasica latina domina Coachella 2024"}]},{"@type":"WebSite","@id":"https:\/\/nuestrostories.com\/es\/#website","url":"https:\/\/nuestrostories.com\/es\/","name":"Nuestro Stories","description":"Latino Heritage. Every Day.","publisher":{"@id":"https:\/\/nuestrostories.com\/es\/#organization"},"potentialAction":[{"@type":"SearchAction","target":{"@type":"EntryPoint","urlTemplate":"https:\/\/nuestrostories.com\/es\/?s={search_term_string}"},"query-input":{"@type":"PropertyValueSpecification","valueRequired":true,"valueName":"search_term_string"}}],"inLanguage":"es"},{"@type":"Organization","@id":"https:\/\/nuestrostories.com\/es\/#organization","name":"Nuestro Stories","url":"https:\/\/nuestrostories.com\/es\/","logo":{"@type":"ImageObject","inLanguage":"es","@id":"https:\/\/nuestrostories.com\/es\/#\/schema\/logo\/image\/","url":"https:\/\/nuestrostories.com\/wp-content\/uploads\/2021\/11\/Nuestro-Stories-Logo.png","contentUrl":"https:\/\/nuestrostories.com\/wp-content\/uploads\/2021\/11\/Nuestro-Stories-Logo.png","width":282,"height":118,"caption":"Nuestro Stories"},"image":{"@id":"https:\/\/nuestrostories.com\/es\/#\/schema\/logo\/image\/"}},{"@type":"Person","@id":"https:\/\/nuestrostories.com\/es\/#\/schema\/person\/f7bdc8938bd660adb03324112709fb5a","name":"Sofia Jones","image":{"@type":"ImageObject","inLanguage":"es","@id":"https:\/\/nuestrostories.com\/wp-content\/uploads\/2023\/05\/Sofia-Jones-Nuestro-Stories-Writer-Image-150x150.png","url":"https:\/\/nuestrostories.com\/wp-content\/uploads\/2023\/05\/Sofia-Jones-Nuestro-Stories-Writer-Image-150x150.png","contentUrl":"https:\/\/nuestrostories.com\/wp-content\/uploads\/2023\/05\/Sofia-Jones-Nuestro-Stories-Writer-Image-150x150.png","caption":"Sofia Jones"},"description":"When Sofia Jones is not interviewing Latinx stars for her iHeartRadio podcast, she can be found fostering (and cuddling with) cute small dogs for a South Florida animal rescue nonprofit.","url":"https:\/\/nuestrostories.com\/es\/author\/sofia-jones\/"}]}},"_links":{"self":[{"href":"https:\/\/nuestrostories.com\/es\/wp-json\/wp\/v2\/posts\/18379","targetHints":{"allow":["GET"]}}],"collection":[{"href":"https:\/\/nuestrostories.com\/es\/wp-json\/wp\/v2\/posts"}],"about":[{"href":"https:\/\/nuestrostories.com\/es\/wp-json\/wp\/v2\/types\/post"}],"author":[{"embeddable":true,"href":"https:\/\/nuestrostories.com\/es\/wp-json\/wp\/v2\/users\/15"}],"replies":[{"embeddable":true,"href":"https:\/\/nuestrostories.com\/es\/wp-json\/wp\/v2\/comments?post=18379"}],"version-history":[{"count":2,"href":"https:\/\/nuestrostories.com\/es\/wp-json\/wp\/v2\/posts\/18379\/revisions"}],"predecessor-version":[{"id":18388,"href":"https:\/\/nuestrostories.com\/es\/wp-json\/wp\/v2\/posts\/18379\/revisions\/18388"}],"wp:featuredmedia":[{"embeddable":true,"href":"https:\/\/nuestrostories.com\/es\/wp-json\/wp\/v2\/media\/18344"}],"wp:attachment":[{"href":"https:\/\/nuestrostories.com\/es\/wp-json\/wp\/v2\/media?parent=18379"}],"wp:term":[{"taxonomy":"category","embeddable":true,"href":"https:\/\/nuestrostories.com\/es\/wp-json\/wp\/v2\/categories?post=18379"},{"taxonomy":"post_tag","embeddable":true,"href":"https:\/\/nuestrostories.com\/es\/wp-json\/wp\/v2\/tags?post=18379"}],"curies":[{"name":"wp","href":"https:\/\/api.w.org\/{rel}","templated":true}]}}